{"id":9041,"date":"2025-03-18T15:30:28","date_gmt":"2025-03-18T18:30:28","guid":{"rendered":"https:\/\/opinionpublica.com.ar\/index\/?p=9041"},"modified":"2025-03-18T15:30:28","modified_gmt":"2025-03-18T18:30:28","slug":"ley-de-transito-gobierno-oficializo-cambios-en-la-licencia-de-conducir-vtv-y-peajes","status":"publish","type":"post","link":"https:\/\/opinionpublica.com.ar\/index\/ley-de-transito-gobierno-oficializo-cambios-en-la-licencia-de-conducir-vtv-y-peajes\/","title":{"rendered":"Ley de Tr\u00e1nsito: Gobierno oficializ\u00f3 cambios en la licencia de conducir, VTV y peajes"},"content":{"rendered":"<header class=\"news-headline\">\n<p class=\"news-headline__title\"><strong>Ley de Tr\u00e1nsito: Gobierno oficializ\u00f3 cambios en la licencia de conducir, VTV y peajes<\/strong><\/p>\n<div class=\"news-headline__author-and-share-wrapper\"><\/div>\n<p class=\"ignore-parser\">El Gobierno realiz\u00f3 cambios en la Ley de Tr\u00e1nsito a trav\u00e9s de un decreto que public\u00f3 este martes en el Bolet\u00edn Oficial. Muchos de los cambios estaban incluidos en la Ley Bases original.<\/p>\n<\/header>\n<div class=\"banner banner--free-banner\">\n<div class=\"banner__content-wrapper\">\n<div id=\"powerbeans-widget\" class=\"pb-tw light\" data-fetched=\"true\" data-refetching=\"false\" data-current-content=\"https:\/\/www.ambito.com\/informacion-general\/ley-transito-gobierno-oficializo-cambios-la-licencia-conducir-vtv-y-peajes-n6124512\" data-mounted=\"true\">\n<div class=\"App !beans-px-[16px] !beans-pt-[12px] !beans-pb-[8px] beans-bg-primary beans-relative beans-flex beans-justify-around beans-flex-row beans-items-center beans-rounded-xl beans-py-1 beans-px-3 beans-drop-shadow-md\">\n<div id=\"powerbeans-player-container\" class=\"!beans-flex beans-items-center beans-justify-center !beans-w-full\">\n<div class=\"beans-flex beans-flex-col !beans-w-full\"><\/div>\n<\/div>\n<\/div>\n<\/div>\n<\/div>\n<\/div>\n<h2 class=\"suggested-news__title\"><\/h2>\n<div class=\"detail-highlighted-multimedia content-protected-false\">\n<figure class=\"detail-highlighted-multimedia__figure\"><a href=\"https:\/\/opinionpublica.com.ar\/index\/wp-content\/uploads\/2025\/03\/licencias-de-conducirjpg.webp\"><img fetchpriority=\"high\" decoding=\"async\" class=\"alignnone size-full wp-image-9042\" src=\"https:\/\/opinionpublica.com.ar\/index\/wp-content\/uploads\/2025\/03\/licencias-de-conducirjpg.webp\" alt=\"\" width=\"540\" height=\"405\" srcset=\"https:\/\/opinionpublica.com.ar\/index\/wp-content\/uploads\/2025\/03\/licencias-de-conducirjpg.webp 540w, https:\/\/opinionpublica.com.ar\/index\/wp-content\/uploads\/2025\/03\/licencias-de-conducirjpg-300x225.webp 300w\" sizes=\"(max-width: 540px) 100vw, 540px\" \/><\/a><figcaption class=\"detail-highlighted-multimedia__figcaption\">\n<div class=\"detail-highlighted-multimedia__caption\">\n<p>La licencia de conducir ser\u00e1 digital y v\u00e1lida para todo el pa\u00eds a trav\u00e9s de la aplicaci\u00f3n Mi Argentina.<\/p>\n<\/div>\n<\/figcaption><\/figure>\n<\/div>\n<article class=\"article-body article-body--first-paragraph content-protected-false\" data-td-script-src=\"https:\/\/www.ambito.com\/td\/modulos\/encuestas\/js\/function-embeds-min-version-1741752491.js\">El Gobierno realiz\u00f3 cambios en la Ley de Tr\u00e1nsito a trav\u00e9s de un decreto que public\u00f3 este martes en el Bolet\u00edn Oficial. En el figuran la obligatoriedad de\u00a0la licencia de conducir\u00a0digital, la\u00a0eliminaci\u00f3n de las cabinas de peajes\u00a0y la\u00a0apertura de las revisiones t\u00e9cnicas obligatorias (VTV), entre otros cambios.<\/p>\n<\/article>\n<div class=\"banner banner--free-banner\">\n<div class=\"banner__content-wrapper\">\n<div id=\"ad-slot-outstream\" class=\"ad-slot-outstream ad-slot\" data-lazyload=\"1\" data-adtype=\"outstream\"><\/div>\n<\/div>\n<\/div>\n<article class=\"article-body article-body--second-paragraph content-protected-false\">Estas medidas, se oficializaron hoy a trav\u00e9s del Decreto 196\/2025, modernizan una normativa con casi 30 a\u00f1os de antig\u00fcedad y fueron producto de un trabajo articulado entre el Ministerio de Desregulaci\u00f3n y Transformaci\u00f3n del Estado y la Secretar\u00eda de Transporte del Ministerio de Econom\u00eda.<\/p>\n<\/article>\n<article class=\"article-body article-body--third-paragraph content-protected-false\">Cabe recordar que algunos de estos cambios fueron incluidos en la primera versi\u00f3n de la Ley Bases que el Gobierno llev\u00f3 al Congreso al poco tiempo de asumir. Sin embargo, estas desregulaciones se quitaron de la legislaci\u00f3n que finalmente se aprob\u00f3.<\/p>\n<\/article>\n<article class=\"article-body article-body--fourth-paragraph content-protected-false\">\n<h2>Licencia de conducir<\/h2>\n<\/article>\n<article class=\"article-body article-body--remaining-paragraph content-protected-false\">El decreto determina que la licencia de conducir ser\u00e1 digital y v\u00e1lida para todo el pa\u00eds a trav\u00e9s de la aplicaci\u00f3n Mi Argentina. Se podr\u00e1 renovar de manera remota con una constancia de aptitud f\u00edsica otorgada por profesionales o centros m\u00e9dicos registrados en la Agencia Nacional de Seguridad Vial. Poseer la credencial f\u00edsica pasar\u00e1 a ser opcional.<\/p>\n<p>Adem\u00e1s, quienes tramiten la licencia de conducir por primera vez no deber\u00e1n renovarla luego de un a\u00f1o.<\/p>\n<p>Otro cambio importante radica en que las personas que ya tengan la licencia no tendr\u00e1n que volver a realizar el tr\u00e1mite si se mudan a otra jurisdicci\u00f3n.<\/p>\n<p><strong>Modificaciones en las vigencias de las licencias para particulares:<\/strong><\/p>\n<ul>\n<li>Las personas de 17 a 65 a\u00f1os la renovar\u00e1n cada 5 a\u00f1os.<\/li>\n<li>Los mayores de 65 a\u00f1os la renovar\u00e1n cada 3 a\u00f1os.<\/li>\n<li>Los mayores de 70 deber\u00e1n renovarlo de forma anual.<\/li>\n<\/ul>\n<h2>Cambios en la VTV<\/h2>\n<p>El decreto determina que la Verificaci\u00f3n T\u00e9cnica Vehicular (VTV) se podr\u00e1 realizar en talleres y concesionarias de cualquier jurisdicci\u00f3n, siempre y cuando tengan \u201cinstalaciones aptas y equipamiento adecuado\u201d.<\/p>\n<p><strong>Nuevos plazos para realizar la VTV:<\/strong><\/p>\n<ul>\n<li>Los autos 0 KM van a tener que realizar la primera VTV reci\u00e9n a los 5 a\u00f1os.<\/li>\n<li>Los veh\u00edculos que tengan menos de 10 a\u00f1os de antig\u00fcedad deber\u00e1n realizarla cada 2 a\u00f1os.<\/li>\n<li>Los que excedan la d\u00e9cada de antig\u00fcedad cada 1 a\u00f1o.<\/li>\n<\/ul>\n<p><a href=\"https:\/\/opinionpublica.com.ar\/index\/wp-content\/uploads\/2025\/03\/vtv.webp\"><img decoding=\"async\" class=\"alignnone size-full wp-image-9043\" src=\"https:\/\/opinionpublica.com.ar\/index\/wp-content\/uploads\/2025\/03\/vtv.webp\" alt=\"\" width=\"730\" height=\"410\" srcset=\"https:\/\/opinionpublica.com.ar\/index\/wp-content\/uploads\/2025\/03\/vtv.webp 730w, https:\/\/opinionpublica.com.ar\/index\/wp-content\/uploads\/2025\/03\/vtv-300x168.webp 300w\" sizes=\"(max-width: 730px) 100vw, 730px\" \/><\/a><\/p>\n<h2>Modificaciones en los peajes<\/h2>\n<p>Se estableci\u00f3 que las rutas nacionales cuenten con peajes inteligentes que no frenen el tr\u00e1nsito. Esta modificaci\u00f3n planificada con los organismos involucrados en la medida, ser\u00e1 llevada a cabo de manera gradual.<\/p>\n<p>El Ejecutivo, para implementar esos cambios, busca lograr que todas las rutas nacionales tengan el sistema de TelePASE antes de fin de a\u00f1o. De este modo, se apunta que a partir de 2026 todas las carreteras presenten un 50% de peajes sin barreras (\u201dfree flow\u201d) y otro con cobro autom\u00e1tico.<\/p>\n<\/article>\n","protected":false},"excerpt":{"rendered":"<p>Ley de Tr\u00e1nsito: Gobierno oficializ\u00f3 cambios en la licencia de conducir, VTV y peajes El Gobierno realiz\u00f3 cambios<\/p>\n","protected":false},"author":8,"featured_media":9044,"comment_status":"open","ping_status":"open","sticky":false,"template":"","format":"standard","meta":{"footnotes":""},"categories":[3],"tags":[3320,3319,609],"class_list":["post-9041","post","type-post","status-publish","format-standard","has-post-thumbnail","hentry","category-nacionales","tag-licencias","tag-peajes","tag-transito"],"featured_image_urls":{"full":["https:\/\/opinionpublica.com.ar\/index\/wp-content\/uploads\/2025\/03\/licencias-conducir.jpg",1920,1080,false],"thumbnail":["https:\/\/opinionpublica.com.ar\/index\/wp-content\/uploads\/2025\/03\/licencias-conducir-150x150.jpg",150,150,true],"medium":["https:\/\/opinionpublica.com.ar\/index\/wp-content\/uploads\/2025\/03\/licencias-conducir-300x169.jpg",300,169,true],"medium_large":["https:\/\/opinionpublica.com.ar\/index\/wp-content\/uploads\/2025\/03\/licencias-conducir-768x432.jpg",640,360,true],"large":["https:\/\/opinionpublica.com.ar\/index\/wp-content\/uploads\/2025\/03\/licencias-conducir-1024x576.jpg",640,360,true],"1536x1536":["https:\/\/opinionpublica.com.ar\/index\/wp-content\/uploads\/2025\/03\/licencias-conducir-1536x864.jpg",1536,864,true],"2048x2048":["https:\/\/opinionpublica.com.ar\/index\/wp-content\/uploads\/2025\/03\/licencias-conducir.jpg",1920,1080,false],"morenews-large":["https:\/\/opinionpublica.com.ar\/index\/wp-content\/uploads\/2025\/03\/licencias-conducir-825x575.jpg",825,575,true],"morenews-medium":["https:\/\/opinionpublica.com.ar\/index\/wp-content\/uploads\/2025\/03\/licencias-conducir-590x410.jpg",590,410,true]},"author_info":{"display_name":"RKing","author_link":"https:\/\/opinionpublica.com.ar\/index\/author\/rking\/"},"category_info":"<a href=\"https:\/\/opinionpublica.com.ar\/index\/category\/nacionales\/\" rel=\"category tag\">Nacionales<\/a>","tag_info":"Nacionales","comment_count":"0","_links":{"self":[{"href":"https:\/\/opinionpublica.com.ar\/index\/wp-json\/wp\/v2\/posts\/9041","targetHints":{"allow":["GET"]}}],"collection":[{"href":"https:\/\/opinionpublica.com.ar\/index\/wp-json\/wp\/v2\/posts"}],"about":[{"href":"https:\/\/opinionpublica.com.ar\/index\/wp-json\/wp\/v2\/types\/post"}],"author":[{"embeddable":true,"href":"https:\/\/opinionpublica.com.ar\/index\/wp-json\/wp\/v2\/users\/8"}],"replies":[{"embeddable":true,"href":"https:\/\/opinionpublica.com.ar\/index\/wp-json\/wp\/v2\/comments?post=9041"}],"version-history":[{"count":2,"href":"https:\/\/opinionpublica.com.ar\/index\/wp-json\/wp\/v2\/posts\/9041\/revisions"}],"predecessor-version":[{"id":9046,"href":"https:\/\/opinionpublica.com.ar\/index\/wp-json\/wp\/v2\/posts\/9041\/revisions\/9046"}],"wp:featuredmedia":[{"embeddable":true,"href":"https:\/\/opinionpublica.com.ar\/index\/wp-json\/wp\/v2\/media\/9044"}],"wp:attachment":[{"href":"https:\/\/opinionpublica.com.ar\/index\/wp-json\/wp\/v2\/media?parent=9041"}],"wp:term":[{"taxonomy":"category","embeddable":true,"href":"https:\/\/opinionpublica.com.ar\/index\/wp-json\/wp\/v2\/categories?post=9041"},{"taxonomy":"post_tag","embeddable":true,"href":"https:\/\/opinionpublica.com.ar\/index\/wp-json\/wp\/v2\/tags?post=9041"}],"curies":[{"name":"wp","href":"https:\/\/api.w.org\/{rel}","templated":true}]}}