{"id":9047,"date":"2025-03-18T15:36:46","date_gmt":"2025-03-18T18:36:46","guid":{"rendered":"https:\/\/opinionpublica.com.ar\/index\/?p=9047"},"modified":"2025-03-18T15:36:46","modified_gmt":"2025-03-18T18:36:46","slug":"vuoto-sostiene-en-el-pj-a-su-funcionaria-que-habria-estafado-a-decenas-de-personas","status":"publish","type":"post","link":"https:\/\/opinionpublica.com.ar\/index\/vuoto-sostiene-en-el-pj-a-su-funcionaria-que-habria-estafado-a-decenas-de-personas\/","title":{"rendered":"VUOTO SOSTIENE EN EL PJ A SU FUNCIONARIA QUE HABR\u00cdA ESTAFADO A DECENAS DE PERSONAS"},"content":{"rendered":"<div class=\"xdj266r x11i5rnm xat24cr x1mh8g0r x1vvkbs x126k92a\">\n<div dir=\"auto\"><strong>VUOTO SOSTIENE EN EL PJ A SU FUNCIONARIA QUE HABR\u00cdA ESTAFADO A DECENAS DE PERSONAS<\/strong><\/div>\n<\/div>\n<div class=\"x11i5rnm xat24cr x1mh8g0r x1vvkbs xtlvy1s x126k92a\">\n<div dir=\"auto\">El Partido Justicialista de Tierra del Fuego, liderado por Walter Vuoto, mantiene entre sus filas a Vanessa S\u00e1ez (ex pareja del intendente de Ushuaia) la funcionaria que estafo a decenas de vecinas a trav\u00e9s de una piramidal. Y que desde que fue descubierta no volvi\u00f3 a aparecer en su lugar de trabajo, y no se le conoce el paradero.<\/div>\n<\/div>\n<div dir=\"auto\"><\/div>\n<div dir=\"auto\"><a href=\"https:\/\/opinionpublica.com.ar\/index\/wp-content\/uploads\/2024\/09\/vaneza-saez-1280x720-1.webp\"><img fetchpriority=\"high\" decoding=\"async\" class=\"alignnone size-full wp-image-5751\" src=\"https:\/\/opinionpublica.com.ar\/index\/wp-content\/uploads\/2024\/09\/vaneza-saez-1280x720-1.webp\" alt=\"\" width=\"1280\" height=\"720\" srcset=\"https:\/\/opinionpublica.com.ar\/index\/wp-content\/uploads\/2024\/09\/vaneza-saez-1280x720-1.webp 1280w, https:\/\/opinionpublica.com.ar\/index\/wp-content\/uploads\/2024\/09\/vaneza-saez-1280x720-1-300x169.webp 300w, https:\/\/opinionpublica.com.ar\/index\/wp-content\/uploads\/2024\/09\/vaneza-saez-1280x720-1-1024x576.webp 1024w, https:\/\/opinionpublica.com.ar\/index\/wp-content\/uploads\/2024\/09\/vaneza-saez-1280x720-1-768x432.webp 768w\" sizes=\"(max-width: 1280px) 100vw, 1280px\" \/><\/a><\/div>\n<div class=\"x11i5rnm xat24cr x1mh8g0r x1vvkbs xtlvy1s x126k92a\">\n<div dir=\"auto\">Este ins\u00f3lito reconocimiento deja en evidencia el preocupante desprecio por el partido y la transparencia de la conducci\u00f3n de Vuoto.<\/div>\n<\/div>\n<div class=\"x11i5rnm xat24cr x1mh8g0r x1vvkbs xtlvy1s x126k92a\">\n<div dir=\"auto\">El partido sigue premiando a estafadores, violentos y a una banda entera que est\u00e1 enquistada en la municipalidad de Ushuaia sostenida nada m\u00e1s y nada menos que por su \u00abconductores\u00bb Walter Vuoto.<\/div>\n<div dir=\"auto\"><\/div>\n<\/div>\n<div class=\"x11i5rnm xat24cr x1mh8g0r x1vvkbs xtlvy1s x126k92a\">\n<div dir=\"auto\">Que mensaje env\u00eda el PJ Fueguino con este nombramiento?<\/div>\n<div dir=\"auto\"><\/div>\n<div dir=\"auto\">Mientras los ciudadanos enfrentan dificultades econ\u00f3micas, viales y exigen dirigentes comprometidos con la Justicia, el partido parece hacer o\u00eddos sordos, y pone en tela de juicio los valores que rigen a la dirigencia del PJ local.<\/div>\n<\/div>\n","protected":false},"excerpt":{"rendered":"<p>VUOTO SOSTIENE EN EL PJ A SU FUNCIONARIA QUE HABR\u00cdA ESTAFADO A DECENAS DE PERSONAS El Partido Justicialista<\/p>\n","protected":false},"author":8,"featured_media":4160,"comment_status":"open","ping_status":"open","sticky":false,"template":"","format":"standard","meta":{"footnotes":""},"categories":[2,21],"tags":[172,2484,538],"class_list":["post-9047","post","type-post","status-publish","format-standard","has-post-thumbnail","hentry","category-tierra-del-fuego","category-ushuaia","tag-partido-justicialista","tag-vanesa-saez","tag-walter-vuoto"],"featured_image_urls":{"full":["https:\/\/opinionpublica.com.ar\/index\/wp-content\/uploads\/2024\/06\/walter-vuoto-1.jpg",900,600,false],"thumbnail":["https:\/\/opinionpublica.com.ar\/index\/wp-content\/uploads\/2024\/06\/walter-vuoto-1-150x150.jpg",150,150,true],"medium":["https:\/\/opinionpublica.com.ar\/index\/wp-content\/uploads\/2024\/06\/walter-vuoto-1-300x200.jpg",300,200,true],"medium_large":["https:\/\/opinionpublica.com.ar\/index\/wp-content\/uploads\/2024\/06\/walter-vuoto-1-768x512.jpg",640,427,true],"large":["https:\/\/opinionpublica.com.ar\/index\/wp-content\/uploads\/2024\/06\/walter-vuoto-1.jpg",640,427,false],"1536x1536":["https:\/\/opinionpublica.com.ar\/index\/wp-content\/uploads\/2024\/06\/walter-vuoto-1.jpg",900,600,false],"2048x2048":["https:\/\/opinionpublica.com.ar\/index\/wp-content\/uploads\/2024\/06\/walter-vuoto-1.jpg",900,600,false],"morenews-large":["https:\/\/opinionpublica.com.ar\/index\/wp-content\/uploads\/2024\/06\/walter-vuoto-1-825x575.jpg",825,575,true],"morenews-medium":["https:\/\/opinionpublica.com.ar\/index\/wp-content\/uploads\/2024\/06\/walter-vuoto-1-590x410.jpg",590,410,true]},"author_info":{"display_name":"RKing","author_link":"https:\/\/opinionpublica.com.ar\/index\/author\/rking\/"},"category_info":"<a href=\"https:\/\/opinionpublica.com.ar\/index\/category\/tierra-del-fuego\/\" rel=\"category tag\">Tierra del Fuego<\/a> <a href=\"https:\/\/opinionpublica.com.ar\/index\/category\/ushuaia\/\" rel=\"category tag\">Ushuaia<\/a>","tag_info":"Ushuaia","comment_count":"0","_links":{"self":[{"href":"https:\/\/opinionpublica.com.ar\/index\/wp-json\/wp\/v2\/posts\/9047","targetHints":{"allow":["GET"]}}],"collection":[{"href":"https:\/\/opinionpublica.com.ar\/index\/wp-json\/wp\/v2\/posts"}],"about":[{"href":"https:\/\/opinionpublica.com.ar\/index\/wp-json\/wp\/v2\/types\/post"}],"author":[{"embeddable":true,"href":"https:\/\/opinionpublica.com.ar\/index\/wp-json\/wp\/v2\/users\/8"}],"replies":[{"embeddable":true,"href":"https:\/\/opinionpublica.com.ar\/index\/wp-json\/wp\/v2\/comments?post=9047"}],"version-history":[{"count":2,"href":"https:\/\/opinionpublica.com.ar\/index\/wp-json\/wp\/v2\/posts\/9047\/revisions"}],"predecessor-version":[{"id":9049,"href":"https:\/\/opinionpublica.com.ar\/index\/wp-json\/wp\/v2\/posts\/9047\/revisions\/9049"}],"wp:featuredmedia":[{"embeddable":true,"href":"https:\/\/opinionpublica.com.ar\/index\/wp-json\/wp\/v2\/media\/4160"}],"wp:attachment":[{"href":"https:\/\/opinionpublica.com.ar\/index\/wp-json\/wp\/v2\/media?parent=9047"}],"wp:term":[{"taxonomy":"category","embeddable":true,"href":"https:\/\/opinionpublica.com.ar\/index\/wp-json\/wp\/v2\/categories?post=9047"},{"taxonomy":"post_tag","embeddable":true,"href":"https:\/\/opinionpublica.com.ar\/index\/wp-json\/wp\/v2\/tags?post=9047"}],"curies":[{"name":"wp","href":"https:\/\/api.w.org\/{rel}","templated":true}]}}