{"id":9050,"date":"2025-03-18T15:43:54","date_gmt":"2025-03-18T18:43:54","guid":{"rendered":"https:\/\/opinionpublica.com.ar\/index\/?p=9050"},"modified":"2025-03-18T15:43:54","modified_gmt":"2025-03-18T18:43:54","slug":"piqueteros-movimientos-sociales-y-sindicatos-iran-a-la-marcha-por-los-jubilados-y-crece-la-tension","status":"publish","type":"post","link":"https:\/\/opinionpublica.com.ar\/index\/piqueteros-movimientos-sociales-y-sindicatos-iran-a-la-marcha-por-los-jubilados-y-crece-la-tension\/","title":{"rendered":"Piqueteros, movimientos sociales y sindicatos ir\u00e1n a la marcha por los jubilados y crece la tensi\u00f3n"},"content":{"rendered":"<nav>\n<div>\n<div id=\"mastheadnavbar\" class=\"masthead-navbar \">\n<div id=\"siteheader\" class=\"site-header\"><\/div>\n<\/div>\n<\/div>\n<\/nav>\n<div class=\"content-body\">\n<div class=\"span-body\">\n<section class=\"article-section page-container\">\n<header class=\"article-header-wrapper\">\n<div class=\"article-header\">\n<div class=\"article-section-ctn\">\n<div class=\"tag-section\"><\/div>\n<\/div>\n<p id=\"piqueteros-movimientos-sociales-y-sindicatos-iran-a-la-marcha-por-los-jubilados-y-crece-la-tension\" class=\"article-headline left\"><strong>Piqueteros, movimientos sociales y sindicatos ir\u00e1n a la marcha por los jubilados y crece la tensi\u00f3n<\/strong><\/p>\n<p class=\"article-subheadline left\">La protesta del 12 de marzo termin\u00f3 en graves incidentes -con un herido de gravedad- y se espera que este mi\u00e9rcoles ocurra algo similar en las inmediaciones del Congreso. Qu\u00e9 organizaciones participar\u00e1n<\/p>\n<div class=\"byline\">\n<div class=\"byline-image-ctn\">\n<div class=\"author-image-header\">\n<div class=\"\"><picture><source srcset=\"https:\/\/www.infobae.com\/resizer\/v2\/https%3A%2F%2Fs3.amazonaws.com%2Farc-authors%2Finfobae%2F27b5a98b-7123-4451-a985-cd78dd564666.jpg?auth=f7bfe2d88d38a66be340d925afddfe755f048d376eac6ddbcde7b8f53b915b98&amp;smart=true&amp;width=40&amp;height=40&amp;quality=85\" media=\"(min-width: 80px)\" \/><\/picture><a href=\"https:\/\/opinionpublica.com.ar\/index\/wp-content\/uploads\/2025\/03\/hinchas-chacarita-marcha-jubilados-1980114.jpg\"><img fetchpriority=\"high\" decoding=\"async\" class=\"alignnone size-full wp-image-9051\" src=\"https:\/\/opinionpublica.com.ar\/index\/wp-content\/uploads\/2025\/03\/hinchas-chacarita-marcha-jubilados-1980114.jpg\" alt=\"\" width=\"987\" height=\"555\" srcset=\"https:\/\/opinionpublica.com.ar\/index\/wp-content\/uploads\/2025\/03\/hinchas-chacarita-marcha-jubilados-1980114.jpg 987w, https:\/\/opinionpublica.com.ar\/index\/wp-content\/uploads\/2025\/03\/hinchas-chacarita-marcha-jubilados-1980114-300x169.jpg 300w, https:\/\/opinionpublica.com.ar\/index\/wp-content\/uploads\/2025\/03\/hinchas-chacarita-marcha-jubilados-1980114-768x432.jpg 768w\" sizes=\"(max-width: 987px) 100vw, 987px\" \/><\/a><picture><img decoding=\"async\" class=\"global-image byline-author-image\" src=\"https:\/\/www.infobae.com\/resizer\/v2\/https%3A%2F%2Fs3.amazonaws.com%2Farc-authors%2Finfobae%2F27b5a98b-7123-4451-a985-cd78dd564666.jpg?auth=f7bfe2d88d38a66be340d925afddfe755f048d376eac6ddbcde7b8f53b915b98&amp;smart=true&amp;width=40&amp;height=40&amp;quality=85\" alt=\"Andr\u00e9s Klipphan\" width=\"1\" height=\"1\" \/><\/picture><\/div>\n<\/div>\n<\/div>\n<\/div>\n<\/div>\n<\/header>\n<article class=\"article\">\n<div class=\"body-article \">\n<div class=\"visual__image image-full-width\">Este mi\u00e9rcoles volver\u00e1 a haber una marcha al Congreso y se esperan m\u00e1s incidentes (AFP)<\/div>\n<p class=\"paragraph\" data-mrf-recirculation=\"Links inline\">El gobierno de\u00a0<b>La Libertad Avanza<\/b>\u00a0enfrentar\u00e1 el mi\u00e9rcoles una nueva protesta de jubilados que estar\u00e1n acompa\u00f1ados de los mismos sectores que el 12 de marzo pasado termin\u00f3 en graves incidentes con las fuerzas federales y de la Polic\u00eda de la Ciudad, y que dej\u00f3 16 personas hospitalizadas, entre ellas el reportero gr\u00e1fico\u00a0<b>Pablo Grillo<\/b>, que pelea por su vida; destrozos y la detenci\u00f3n de 114 personas que despu\u00e9s fueron liberadas por la jueza\u00a0<b>Karina Andrade<\/b>. Por esa raz\u00f3n, el Ministerio de Seguridad la denunci\u00f3 por los presuntos delitos de prevaricato, incumplimiento de los deberes de funcionario p\u00fablico y encubrimiento agravado.<\/p>\n<p class=\"paragraph\" data-mrf-recirculation=\"Links inline\">La marcha del 19 de marzo tiene en alerta m\u00e1xima a la cartera a cargo de\u00a0<b>Patricia Bullrich<\/b>, que dise\u00f1a un nuevo despliegue de seguridad para evitar desbordes. Hasta el momento no se decidi\u00f3 vallar la zona de Congreso porque eso interrumpir\u00eda el tr\u00e1nsito en el lugar.<\/p>\n<div class=\"inline ad-wrapper\">\n<div class=\"dfpAd ad-inline\">\n<div id=\"infobae\/politica\/nota\/inline\" class=\"infobae\/politica\/nota\/inline arcad\"><\/div>\n<\/div>\n<\/div>\n<p class=\"paragraph\" data-mrf-recirculation=\"Links inline\">De la marcha de jubilados participar\u00e1n los piqueteros de izquierda, entre ellos el\u00a0<b>Polo Obrero<\/b>, que encabeza\u00a0<b>Eduardo Belliboni<\/b>; el radicalizado\u00a0<b>Frente de Organizaciones en Lucha (FOL)<\/b>, partidos de izquierda; las organizaciones sociales que integran la\u00a0<b>Uni\u00f3n de Trabajadores de la Econom\u00eda Popular (UTEP)<\/b>, integrada, entre otras, por el\u00a0<b>Movimiento Evita<\/b>, liderado por\u00a0<b>Emilio P\u00e9rsico<\/b>;\u00a0<b>Barrios de Pie<\/b>, cuyo coordinador nacional es\u00a0<b>Daniel Men\u00e9ndez<\/b>\u00a0\u2013funcionario de\u00a0<b>Axel Kicillof<\/b>\u2013, el\u00a0<b>Frente Popular Dar\u00edo Santill\u00e1n<\/b>, referenciado en\u00a0<b>Dina S\u00e1nchez<\/b>\u00a0y, entre otras, el\u00a0<b>Movimiento de Trabajadores Excluidos (MTE)<\/b>, que hoy encabeza\u00a0<b>Nicol\u00e1s Caropresi<\/b>, pero que sigue manteniendo en\u00a0<b>Juan Grabois<\/b>, el ex precandidato presidencial de\u00a0<b>Uni\u00f3n por la Patria<\/b>, como uno de sus referentes. De hecho, el abogado anunci\u00f3 que, como el mi\u00e9rcoles pasado, ya anunci\u00f3 su presencia. Lo mismo hizo\u00a0<b>Alejandro Gramajo<\/b>, el secretario general de la UTEP. Los organizadores de la marcha tambi\u00e9n esperan la presencia de barrabravas de clubes de f\u00fatbol, ambas\u00a0<b>CTA<\/b>\u00a0y\u00a0<b>ATE Capital<\/b>.<\/p>\n<div class=\"visual__image image-full-width\"><a href=\"https:\/\/opinionpublica.com.ar\/index\/wp-content\/uploads\/2024\/06\/movimiento-jubilados.jpeg\"><img decoding=\"async\" class=\"alignnone size-full wp-image-3785\" src=\"https:\/\/opinionpublica.com.ar\/index\/wp-content\/uploads\/2024\/06\/movimiento-jubilados.jpeg\" alt=\"\" width=\"880\" height=\"512\" srcset=\"https:\/\/opinionpublica.com.ar\/index\/wp-content\/uploads\/2024\/06\/movimiento-jubilados.jpeg 880w, https:\/\/opinionpublica.com.ar\/index\/wp-content\/uploads\/2024\/06\/movimiento-jubilados-300x175.jpeg 300w, https:\/\/opinionpublica.com.ar\/index\/wp-content\/uploads\/2024\/06\/movimiento-jubilados-768x447.jpeg 768w\" sizes=\"(max-width: 880px) 100vw, 880px\" \/><\/a><\/div>\n<p class=\"paragraph\" data-mrf-recirculation=\"Links inline\">La\u00a0<b>Asociaci\u00f3n Trabajadores del Estado<\/b>, filial Capital, no particip\u00f3 en la protesta anterior. Pero, despu\u00e9s de \u201cla salvaje represi\u00f3n\u201d, tal la expresi\u00f3n que utilizaron en su \u00faltimo comunicado, el gremio que conduce\u00a0<b>Rodolfo Aguiar<\/b>\u00a0anunci\u00f3 que se sumar\u00e1 \u201ccon todas sus bases a los sindicatos y organizaciones de diversa \u00edndole que ya confirmaron la pr\u00f3xima movilizaci\u00f3n al Congreso, este mi\u00e9rcoles a las 17\u201d.<\/p>\n<div class=\"inline_2_DSK ad-wrapper ad-desktop\">\n<div class=\"dfpAd ad-inline\">\n<div id=\"infobae\/politica\/nota\/inline_2_DSK\" class=\"infobae\/politica\/nota\/inline_2_DSK arcad\"><\/div>\n<\/div>\n<\/div>\n<p class=\"paragraph\" data-mrf-recirculation=\"Links inline\">Por esa raz\u00f3n, el l\u00edder sindical anunci\u00f3 \u201cun cese de tareas para que todos los trabajadores se puedan incorporar a la movilizaci\u00f3n\u201d, que, analizan en la\u00a0<b>Casa Rosada<\/b>, se perfila nuevamente multitudinaria.<\/p>\n<p class=\"paragraph\" data-mrf-recirculation=\"Links inline\"><b>ATE<\/b>\u00a0lanz\u00f3 una campa\u00f1a que tiene como lema: \u201cA la calle con la celeste y blanca\u201d. La propuesta es que los sectores se movilicen con los colores de la casaca de la Selecci\u00f3n Nacional en vez de estar caracterizados con camisetas de los distintos clubes como sucedi\u00f3 en la protesta anterior.<\/p>\n<p class=\"paragraph\" data-mrf-recirculation=\"Links inline\">Despu\u00e9s de la violencia que se desat\u00f3 en el Congreso en el marco de la marcha de jubilados,\u00a0<b>Grabois<\/b>, referente del\u00a0<b>Frente Patria Grande<\/b>\u00a0y\u00a0<b>Argentina Humana<\/b>, se expres\u00f3 en duros t\u00e9rminos contra la ministra de Seguridad, encargada del operativo que ten\u00eda por finalidad hacer cumplir el protocolo anti piquetes. Afirm\u00f3 que\u00a0<b>Bullrich<\/b>\u00a0\u201cse excita casi libidinosamente\u201d con la violencia y record\u00f3 su pasado por la organizaci\u00f3n armada\u00a0<b>Montoneros<\/b>.<\/p>\n<p class=\"paragraph\" data-mrf-recirculation=\"Links inline\">\u201c<b>Bullrich<\/b>\u00a0tiene un lenguaje, hay un lenguaje bullrichiano. Y\u00a0<b>Bullrich<\/b>\u00a0pertenece a un partido pol\u00edtico de chiquita, que es el \u2018Partido de la Violencia\u2019. Es de esas personas que se excitan con la violencia, casi libidinosamente\u201d, expres\u00f3 el dirigente social y pol\u00edtico en el canal de streaming\u00a0<i>Gelatina.<\/i><\/p>\n<p class=\"paragraph\" data-mrf-recirculation=\"Links inline\">El abogado tambi\u00e9n ratific\u00f3 que estar\u00e1 presente en la marcha del mi\u00e9rcoles pr\u00f3ximo en apoyo al reclamo de los jubilados.<\/p>\n<div class=\"visual__image image-full-width\"><a href=\"https:\/\/opinionpublica.com.ar\/index\/wp-content\/uploads\/2024\/06\/movimiento-jubilados.webp\"><img loading=\"lazy\" decoding=\"async\" class=\"alignnone size-full wp-image-3784\" src=\"https:\/\/opinionpublica.com.ar\/index\/wp-content\/uploads\/2024\/06\/movimiento-jubilados.webp\" alt=\"\" width=\"1280\" height=\"720\" srcset=\"https:\/\/opinionpublica.com.ar\/index\/wp-content\/uploads\/2024\/06\/movimiento-jubilados.webp 1280w, https:\/\/opinionpublica.com.ar\/index\/wp-content\/uploads\/2024\/06\/movimiento-jubilados-300x169.webp 300w, https:\/\/opinionpublica.com.ar\/index\/wp-content\/uploads\/2024\/06\/movimiento-jubilados-1024x576.webp 1024w, https:\/\/opinionpublica.com.ar\/index\/wp-content\/uploads\/2024\/06\/movimiento-jubilados-768x432.webp 768w\" sizes=\"(max-width: 1280px) 100vw, 1280px\" \/><\/a><\/div>\n<div class=\"headline-wrapper\">\n<h2 class=\"header headline-class-h2\">La hoja de ruta<\/h2>\n<\/div>\n<p class=\"paragraph\" data-mrf-recirculation=\"Links inline\">La\u00a0<b>UTEP<\/b>, cuyo secretario general es\u00a0<b>Alejandro \u201cPeluca\u201d Gramajo<\/b>, decidi\u00f3 en su primer Congreso Nacional de 2025, que se realiz\u00f3 el jueves 13 y cerr\u00f3 en la\u00a0<b>CGT<\/b>\u00a0con la presencia de los principales popes, entre ellos\u00a0<b>H\u00e9ctor Daer<\/b>\u00a0(<b>Sanidad<\/b>) y el camionero\u00a0<b>Hugo Moyano<\/b>, acompa\u00f1ar el reclamo de los jubilados por mejores haberes \u201ctodos los mi\u00e9rcoles\u201d.<\/p>\n<p class=\"paragraph\" data-mrf-recirculation=\"Links inline\">Las organizaciones sociales tambi\u00e9n tienen previsto realizar un acto en reclamo de justicia y apoyo al fot\u00f3grafo\u00a0<b>Grillo<\/b>. Tambi\u00e9n volver\u00e1n a reclamar \u201cla renuncia de la ministra\u00a0<b>Bullrich<\/b>. Ser\u00e1 en el mismo lugar donde un efectivo de\u00a0<b>Gendarmer\u00eda Nacional<\/b>, rodilla en tierra, dispar\u00f3 un cartucho de gas lacrim\u00f3geno que impact\u00f3 en la cabeza de\u00a0<b>Grillo<\/b>. El trabajador de prensa se desvaneci\u00f3 inmediatamente sobre la calle\u00a0<b>Hip\u00f3lito Yrigoyen<\/b>, a metros de\u00a0<b>Sol\u00eds<\/b>, en las adyacencias del Congreso.<\/p>\n<div class=\"visual__image image-full-width\"><\/div>\n<p class=\"paragraph\" data-mrf-recirculation=\"Links inline\">\u201cNuestra hoja de ruta en la calle es acompa\u00f1ar a los jubilados cada mi\u00e9rcoles y el 24 de marzo movilizar con todo\u201d, declar\u00f3\u00a0<b>Gramajo<\/b>\u00a0quien relacion\u00f3 la participaci\u00f3n en la protesta en apoyo al reclamo de los jubilados en el Congreso con el programa que\u00a0<b>UTEP<\/b>\u00a0impulsa \u201cdesde adentro de la\u00a0<b>CGT<\/b>\u201d.<\/p>\n<p class=\"paragraph\" data-mrf-recirculation=\"Links inline\">La\u00a0<b>UTEP<\/b>\u00a0tambi\u00e9n participar\u00e1 de manera activa en la organizaci\u00f3n del tercer paro general que dispuso la\u00a0<b>CGT<\/b>\u00a0contra el gobierno de\u00a0<b>Javier Milei<\/b>.<\/p>\n<p class=\"paragraph\" data-mrf-recirculation=\"Links inline\">Los movimientos sociales tambi\u00e9n organizan una \u201cmasiva\u201d marcha \u201cmultisectorial\u201d contra el acuerdo que anunciaron las autoridades nacionales con el\u00a0<b>Fondo Monetario Internacional<\/b>.<\/p>\n<p data-mrf-recirculation=\"Links inline\">\n<\/div>\n<\/article>\n<\/section>\n<\/div>\n<\/div>\n","protected":false},"excerpt":{"rendered":"<p>Piqueteros, movimientos sociales y sindicatos ir\u00e1n a la marcha por los jubilados y crece la tensi\u00f3n La protesta<\/p>\n","protected":false},"author":8,"featured_media":9051,"comment_status":"open","ping_status":"open","sticky":false,"template":"","format":"standard","meta":{"footnotes":""},"categories":[3,27],"tags":[502,3323,486,261,1641,578,3322,3321],"class_list":["post-9050","post","type-post","status-publish","format-standard","has-post-thumbnail","hentry","category-nacionales","category-politica","tag-congreso-nacional","tag-gendarmeria-nacional","tag-juan-grabois","tag-jubilados","tag-ministerio-de-seguridad","tag-patricia-bullrich","tag-polo-obrero","tag-utep"],"featured_image_urls":{"full":["https:\/\/opinionpublica.com.ar\/index\/wp-content\/uploads\/2025\/03\/hinchas-chacarita-marcha-jubilados-1980114.jpg",987,555,false],"thumbnail":["https:\/\/opinionpublica.com.ar\/index\/wp-content\/uploads\/2025\/03\/hinchas-chacarita-marcha-jubilados-1980114-150x150.jpg",150,150,true],"medium":["https:\/\/opinionpublica.com.ar\/index\/wp-content\/uploads\/2025\/03\/hinchas-chacarita-marcha-jubilados-1980114-300x169.jpg",300,169,true],"medium_large":["https:\/\/opinionpublica.com.ar\/index\/wp-content\/uploads\/2025\/03\/hinchas-chacarita-marcha-jubilados-1980114-768x432.jpg",640,360,true],"large":["https:\/\/opinionpublica.com.ar\/index\/wp-content\/uploads\/2025\/03\/hinchas-chacarita-marcha-jubilados-1980114.jpg",640,360,false],"1536x1536":["https:\/\/opinionpublica.com.ar\/index\/wp-content\/uploads\/2025\/03\/hinchas-chacarita-marcha-jubilados-1980114.jpg",987,555,false],"2048x2048":["https:\/\/opinionpublica.com.ar\/index\/wp-content\/uploads\/2025\/03\/hinchas-chacarita-marcha-jubilados-1980114.jpg",987,555,false],"morenews-large":["https:\/\/opinionpublica.com.ar\/index\/wp-content\/uploads\/2025\/03\/hinchas-chacarita-marcha-jubilados-1980114-825x555.jpg",825,555,true],"morenews-medium":["https:\/\/opinionpublica.com.ar\/index\/wp-content\/uploads\/2025\/03\/hinchas-chacarita-marcha-jubilados-1980114-590x410.jpg",590,410,true]},"author_info":{"display_name":"RKing","author_link":"https:\/\/opinionpublica.com.ar\/index\/author\/rking\/"},"category_info":"<a href=\"https:\/\/opinionpublica.com.ar\/index\/category\/nacionales\/\" rel=\"category tag\">Nacionales<\/a> <a href=\"https:\/\/opinionpublica.com.ar\/index\/category\/politica\/\" rel=\"category tag\">Politica<\/a>","tag_info":"Politica","comment_count":"0","_links":{"self":[{"href":"https:\/\/opinionpublica.com.ar\/index\/wp-json\/wp\/v2\/posts\/9050","targetHints":{"allow":["GET"]}}],"collection":[{"href":"https:\/\/opinionpublica.com.ar\/index\/wp-json\/wp\/v2\/posts"}],"about":[{"href":"https:\/\/opinionpublica.com.ar\/index\/wp-json\/wp\/v2\/types\/post"}],"author":[{"embeddable":true,"href":"https:\/\/opinionpublica.com.ar\/index\/wp-json\/wp\/v2\/users\/8"}],"replies":[{"embeddable":true,"href":"https:\/\/opinionpublica.com.ar\/index\/wp-json\/wp\/v2\/comments?post=9050"}],"version-history":[{"count":1,"href":"https:\/\/opinionpublica.com.ar\/index\/wp-json\/wp\/v2\/posts\/9050\/revisions"}],"predecessor-version":[{"id":9052,"href":"https:\/\/opinionpublica.com.ar\/index\/wp-json\/wp\/v2\/posts\/9050\/revisions\/9052"}],"wp:featuredmedia":[{"embeddable":true,"href":"https:\/\/opinionpublica.com.ar\/index\/wp-json\/wp\/v2\/media\/9051"}],"wp:attachment":[{"href":"https:\/\/opinionpublica.com.ar\/index\/wp-json\/wp\/v2\/media?parent=9050"}],"wp:term":[{"taxonomy":"category","embeddable":true,"href":"https:\/\/opinionpublica.com.ar\/index\/wp-json\/wp\/v2\/categories?post=9050"},{"taxonomy":"post_tag","embeddable":true,"href":"https:\/\/opinionpublica.com.ar\/index\/wp-json\/wp\/v2\/tags?post=9050"}],"curies":[{"name":"wp","href":"https:\/\/api.w.org\/{rel}","templated":true}]}}