{"id":9053,"date":"2025-03-18T15:50:38","date_gmt":"2025-03-18T18:50:38","guid":{"rendered":"https:\/\/opinionpublica.com.ar\/index\/?p=9053"},"modified":"2025-03-18T15:50:38","modified_gmt":"2025-03-18T18:50:38","slug":"guias-de-turismo-recurriran-a-diputados","status":"publish","type":"post","link":"https:\/\/opinionpublica.com.ar\/index\/guias-de-turismo-recurriran-a-diputados\/","title":{"rendered":"Gu\u00edas de turismo recurrir\u00e1n a Diputados"},"content":{"rendered":"<h3 class=\"titulo_individual_noticia\">Gu\u00edas de turismo recurrir\u00e1n a Diputados<\/h3>\n<div class=\"copete_individual_noticia\">Referentes del sector a nivel provincial expresaron su rechazo ante la medida inminente que tomar\u00eda el Gobierno Nacional para que las empresas no est\u00e9n obligadas a contratar gu\u00edas profesionales. \u201cHoy el parque nacional deber\u00eda tener cada vez m\u00e1s profesionalizaci\u00f3n y no a menos\u201d, sostuvieron advirtiendo las consecuencias negativas tendr\u00edan sobre la calidad de los servicios tur\u00edsticos que se prestan. Comunicaron que se est\u00e1n generando reuniones para que el Congreso exprese su rechazo a esta medida.<\/div>\n<div><a href=\"https:\/\/opinionpublica.com.ar\/index\/wp-content\/uploads\/2024\/07\/parque-nacionales-los-glaciares.jpg\"><img fetchpriority=\"high\" decoding=\"async\" class=\"alignnone  wp-image-4312\" src=\"https:\/\/opinionpublica.com.ar\/index\/wp-content\/uploads\/2024\/07\/parque-nacionales-los-glaciares.jpg\" alt=\"\" width=\"925\" height=\"521\" srcset=\"https:\/\/opinionpublica.com.ar\/index\/wp-content\/uploads\/2024\/07\/parque-nacionales-los-glaciares.jpg 600w, https:\/\/opinionpublica.com.ar\/index\/wp-content\/uploads\/2024\/07\/parque-nacionales-los-glaciares-300x169.jpg 300w\" sizes=\"(max-width: 925px) 100vw, 925px\" \/><\/a><\/div>\n<div class=\"clear_both\"><\/div>\n<div class=\"contenido_individual_noticia\">\n<div class=\"contenedor_primera_letra_individual_noticia\">El Presidente de la Asociaci\u00f3n de Profesionales de Turismo, Gast\u00f3n Grajeda, y Hern\u00e1n Quesada, antiguo referente del sector tur\u00edstico y profesor de la UNTDF (Universidad de Tierra del Fuego), se refirieron a la medida anunciada por el Gobierno Nacional para que las empresas que prestan servicios tur\u00edsticos dejen de tener la obligaci\u00f3n de contratar gu\u00edas de turismo profesionales.<\/div>\n<p>\u201cNosotros trabajamos much\u00edsimo para formar buenos profesionales, gu\u00edas comprometidos con el parque nacional, con la ciudad, con los recursos naturales, con la preservaci\u00f3n y con la calidad del servicio tur\u00edstico que damos\u201d, expres\u00f3 Quesada y opin\u00f3 el anuncio \u201ces un balde de agua fr\u00eda\u201d porque no reconoce el trabajo que se viene realizando y porque adem\u00e1s rompe con algo que funciona bien. \u201cHoy dentro del Parque Nacional de Tierra del Fuego, si bien hay cosas para mejorar, la actividad del turismo est\u00e1 controlada y asistida y estamos todos conformes\u201d, agreg\u00f3.<\/p>\n<p>Por su parte, Grajeda destac\u00f3 el rol de los gu\u00edas como ayudantes de los guardaparques en materia de seguridad tanto para prevenir focos de incendio o accidentes que se puedan dar en los senderos.\u00a0 Tambi\u00e9n funcionan como nexo comunicacional dado que en muchas zonas del parque no hay se\u00f1al de celular.<\/p>\n<p>A su turno Quesada insisti\u00f3 en la importancia de la formaci\u00f3n profesional. En este sentido apunt\u00f3 que el turismo viene cambiando much\u00edsimo y que la universidad actualiza la curr\u00edcula de manera acorde. \u201cNosotros trabajamos much\u00edsimo con la calidad. Los destinos tur\u00edsticos son calidad. Compiten por calidad y se diferencian por calidad\u201d, dijo. En la misma l\u00ednea consider\u00f3 que \u201choy el parque nacional deber\u00eda tener cada vez m\u00e1s profesionalizaci\u00f3n y no a menos\u201d. En consonancia, dentro de la UNTDF se proponen diferentes formaciones espec\u00edficas y se est\u00e1 pensando en diplomaturas que tengan que ver con potenciar el nivel de los gu\u00edas o llevarlos a un nivel un poco m\u00e1s actual. \u201cNosotros no vamos a dejar de formar a la gente, y los profesionales en turismo son necesarios\u201d, afirm\u00f3.<\/p>\n<p><a href=\"https:\/\/opinionpublica.com.ar\/index\/wp-content\/uploads\/2024\/04\/despidos-parques-nacionalesjpg.webp\"><img decoding=\"async\" class=\"alignnone size-full wp-image-1381\" src=\"https:\/\/opinionpublica.com.ar\/index\/wp-content\/uploads\/2024\/04\/despidos-parques-nacionalesjpg.webp\" alt=\"\" width=\"1200\" height=\"675\" srcset=\"https:\/\/opinionpublica.com.ar\/index\/wp-content\/uploads\/2024\/04\/despidos-parques-nacionalesjpg.webp 1200w, https:\/\/opinionpublica.com.ar\/index\/wp-content\/uploads\/2024\/04\/despidos-parques-nacionalesjpg-300x169.webp 300w, https:\/\/opinionpublica.com.ar\/index\/wp-content\/uploads\/2024\/04\/despidos-parques-nacionalesjpg-1024x576.webp 1024w, https:\/\/opinionpublica.com.ar\/index\/wp-content\/uploads\/2024\/04\/despidos-parques-nacionalesjpg-768x432.webp 768w\" sizes=\"(max-width: 1200px) 100vw, 1200px\" \/><\/a><\/p>\n<p>Ambos referentes detallaron las acciones que se llevan adelante desde el sector en rechazo del anuncio nacional. Se presentaron notas tanto en la Intendencia del Parque Nacional de Tierra del Fuego como ante el titular de Parques Nacionales Cristian Larsen. \u201cVamos a seguir en la lucha y la visibilizaci\u00f3n\u201d, asever\u00f3 Grajeda.<\/p>\n<p>Quesada mencion\u00f3 que en todas las universidades nacionales en las que se brinda la carrera de turismo la comunidad educativa est\u00e1 movilizada, confeccion\u00f3 notas y est\u00e1n present\u00e1ndolas. \u201cEstamos generando reuniones con la\u00a0 C\u00e1mara de Diputados de la Naci\u00f3n para que el Congreso exprese su rechazo a esta medida, a ver de qu\u00e9 manera se puede condicionar que den marcha atr\u00e1s o que, por lo menos, se sienten en una mesa y que nosotros les podamos explicar cu\u00e1les son las razones por las que nosotros creemos que esto no puede ser\u201d, cerr\u00f3.<\/p>\n<\/div>\n<div class=\"contenedor_share_buttons_individual_noticia\">\n<div class=\"contenido_share_buttons_individual_noticia\">\n<div class=\"individual_share_buttons_individual_noticia transition_03 imprimir\"><\/div>\n<\/div>\n<\/div>\n<div class=\"tags_individual_noticia\">\n<div class=\"titulo_tags_individual_noticias\"><\/div>\n<\/div>\n","protected":false},"excerpt":{"rendered":"<p>Gu\u00edas de turismo recurrir\u00e1n a Diputados Referentes del sector a nivel provincial expresaron su rechazo ante la medida<\/p>\n","protected":false},"author":8,"featured_media":2651,"comment_status":"open","ping_status":"open","sticky":false,"template":"","format":"standard","meta":{"footnotes":""},"categories":[3,21],"tags":[309,3315],"class_list":["post-9053","post","type-post","status-publish","format-standard","has-post-thumbnail","hentry","category-nacionales","category-ushuaia","tag-diputados","tag-guias-de-turismo"],"featured_image_urls":{"full":["https:\/\/opinionpublica.com.ar\/index\/wp-content\/uploads\/2024\/05\/Parque-Nacional-bahia-lapataia.jpg",1200,800,false],"thumbnail":["https:\/\/opinionpublica.com.ar\/index\/wp-content\/uploads\/2024\/05\/Parque-Nacional-bahia-lapataia-150x150.jpg",150,150,true],"medium":["https:\/\/opinionpublica.com.ar\/index\/wp-content\/uploads\/2024\/05\/Parque-Nacional-bahia-lapataia-300x200.jpg",300,200,true],"medium_large":["https:\/\/opinionpublica.com.ar\/index\/wp-content\/uploads\/2024\/05\/Parque-Nacional-bahia-lapataia-768x512.jpg",640,427,true],"large":["https:\/\/opinionpublica.com.ar\/index\/wp-content\/uploads\/2024\/05\/Parque-Nacional-bahia-lapataia-1024x683.jpg",640,427,true],"1536x1536":["https:\/\/opinionpublica.com.ar\/index\/wp-content\/uploads\/2024\/05\/Parque-Nacional-bahia-lapataia.jpg",1200,800,false],"2048x2048":["https:\/\/opinionpublica.com.ar\/index\/wp-content\/uploads\/2024\/05\/Parque-Nacional-bahia-lapataia.jpg",1200,800,false],"morenews-large":["https:\/\/opinionpublica.com.ar\/index\/wp-content\/uploads\/2024\/05\/Parque-Nacional-bahia-lapataia-825x575.jpg",825,575,true],"morenews-medium":["https:\/\/opinionpublica.com.ar\/index\/wp-content\/uploads\/2024\/05\/Parque-Nacional-bahia-lapataia-590x410.jpg",590,410,true]},"author_info":{"display_name":"RKing","author_link":"https:\/\/opinionpublica.com.ar\/index\/author\/rking\/"},"category_info":"<a href=\"https:\/\/opinionpublica.com.ar\/index\/category\/nacionales\/\" rel=\"category tag\">Nacionales<\/a> <a href=\"https:\/\/opinionpublica.com.ar\/index\/category\/ushuaia\/\" rel=\"category tag\">Ushuaia<\/a>","tag_info":"Ushuaia","comment_count":"0","_links":{"self":[{"href":"https:\/\/opinionpublica.com.ar\/index\/wp-json\/wp\/v2\/posts\/9053","targetHints":{"allow":["GET"]}}],"collection":[{"href":"https:\/\/opinionpublica.com.ar\/index\/wp-json\/wp\/v2\/posts"}],"about":[{"href":"https:\/\/opinionpublica.com.ar\/index\/wp-json\/wp\/v2\/types\/post"}],"author":[{"embeddable":true,"href":"https:\/\/opinionpublica.com.ar\/index\/wp-json\/wp\/v2\/users\/8"}],"replies":[{"embeddable":true,"href":"https:\/\/opinionpublica.com.ar\/index\/wp-json\/wp\/v2\/comments?post=9053"}],"version-history":[{"count":1,"href":"https:\/\/opinionpublica.com.ar\/index\/wp-json\/wp\/v2\/posts\/9053\/revisions"}],"predecessor-version":[{"id":9054,"href":"https:\/\/opinionpublica.com.ar\/index\/wp-json\/wp\/v2\/posts\/9053\/revisions\/9054"}],"wp:featuredmedia":[{"embeddable":true,"href":"https:\/\/opinionpublica.com.ar\/index\/wp-json\/wp\/v2\/media\/2651"}],"wp:attachment":[{"href":"https:\/\/opinionpublica.com.ar\/index\/wp-json\/wp\/v2\/media?parent=9053"}],"wp:term":[{"taxonomy":"category","embeddable":true,"href":"https:\/\/opinionpublica.com.ar\/index\/wp-json\/wp\/v2\/categories?post=9053"},{"taxonomy":"post_tag","embeddable":true,"href":"https:\/\/opinionpublica.com.ar\/index\/wp-json\/wp\/v2\/tags?post=9053"}],"curies":[{"name":"wp","href":"https:\/\/api.w.org\/{rel}","templated":true}]}}