{"id":9055,"date":"2025-03-19T14:38:04","date_gmt":"2025-03-19T17:38:04","guid":{"rendered":"https:\/\/opinionpublica.com.ar\/index\/?p=9055"},"modified":"2025-03-19T14:38:04","modified_gmt":"2025-03-19T17:38:04","slug":"freites-sostuvo-que-el-pj-esta-abierto-a-perez-y-harrington","status":"publish","type":"post","link":"https:\/\/opinionpublica.com.ar\/index\/freites-sostuvo-que-el-pj-esta-abierto-a-perez-y-harrington\/","title":{"rendered":"Freites sostuvo que el PJ est\u00e1 abierto a P\u00e9rez y Harrington"},"content":{"rendered":"<p class=\"titulo_individual_noticia\"><strong>Freites sostuvo que el PJ est\u00e1 abierto a P\u00e9rez y Harrington<\/strong><\/p>\n<div class=\"copete_individual_noticia\">La Diputada Nacional por Tierra del Fuego, Andrea Freites, realiz\u00f3 declaraciones luego del Congreso Provincial Justicialista. \u201cHoy tenemos un partido justicialista abierto\u201d, afirm\u00f3 y confirm\u00f3 que a los intendentes de R\u00edo Grande y Tolhuin se les ofreci\u00f3 acercarse para conformar una lista unificada. \u201cTienen las puertas abiertas del PJ para dar las discusiones que quieran\u201d, subray\u00f3.<\/div>\n<div><a href=\"https:\/\/opinionpublica.com.ar\/index\/wp-content\/uploads\/2025\/01\/freites-andrea.jpg\"><img fetchpriority=\"high\" decoding=\"async\" class=\"alignnone size-full wp-image-8395\" src=\"https:\/\/opinionpublica.com.ar\/index\/wp-content\/uploads\/2025\/01\/freites-andrea.jpg\" alt=\"\" width=\"1000\" height=\"561\" srcset=\"https:\/\/opinionpublica.com.ar\/index\/wp-content\/uploads\/2025\/01\/freites-andrea.jpg 1000w, https:\/\/opinionpublica.com.ar\/index\/wp-content\/uploads\/2025\/01\/freites-andrea-300x168.jpg 300w, https:\/\/opinionpublica.com.ar\/index\/wp-content\/uploads\/2025\/01\/freites-andrea-768x431.jpg 768w\" sizes=\"(max-width: 1000px) 100vw, 1000px\" \/><\/a><\/div>\n<div class=\"contenido_individual_noticia\">\n<p>Tras el Congreso Provincial del PJ, la Diputada Nacional por Tierra del Fuego, Andrea Freites, se refiri\u00f3 a la unidad y a la situaci\u00f3n de los intendentes de R\u00edo Grande y Tolhuin, Mart\u00edn P\u00e9rez y Daniel Harrington, respectivamente, quienes a pesar de haber llegado a sus cargos a trav\u00e9s del Justicialismo se alejaron de este espacio partidario.<\/p>\n<p>La funcionaria record\u00f3 que se pidieron internas y las hubo aunque no se present\u00f3 nadie. Indic\u00f3 adem\u00e1s que se abri\u00f3 el partido a las afiliaciones. \u201cA Mart\u00edn se le ofreci\u00f3 acercarse. A Daniel le ofrec\u00ed yo conformar una lista unificada m\u00e1s all\u00e1 de cualquier enojo\u201d, confirm\u00f3.<\/p>\n<p>Para la Diputada el papel que ocupa el Justicialismo tanto en Tierra del Fuego como en toda la Argentina hoy es clave.\u00a0 \u201cLa gente no nos va a perdonar que estemos discutiendo cuestiones personales. Par\u00e9monos brindando un proyecto que realmente sea oposici\u00f3n a estas pol\u00edticas que viene llevando adelante MIlei. Tenemos que conformar un gran frente, todos. Ac\u00e1 nadie llega solo\u201d, sugiri\u00f3.<\/p>\n<p>Freites se\u00f1al\u00f3 que tanto Mart\u00edn P\u00e9rez como Daniel Harrington \u201ctienen las puertas abiertas del PJ para dar las discusiones que quieran, por sumarse o no\u201d. Subray\u00f3 que ambos \u201cson justicialistas, llegaron a sus lugares acompa\u00f1ados por este movimiento\u201d-<\/p>\n<p>\u201cSi Mart\u00edn hubiese ido por Provincia Grande seguramente no llegaba solo pero\u00a0 no porque seamos poderosos sino porque hay una estructura y se ha construido militancia. Muchos quisieron llegar solos y no se logra por m\u00e1s dinero que tengan o por m\u00e1s partido pol\u00edtico que tengan establecidos. El PJ es el\u00a0 m\u00e1s grande de toda la provincia, de toda la Argentina y tiene su movimiento y tiene sus militantes y con estas discusiones les estamos faltando el respeto a los militante y a los vecinos que hoy tienen problemas en serio y nosotros seguimos hablando de las peleas que tienen los compa\u00f1eros electos\u201d, reflexion\u00f3.<\/p>\n<p>\u201cEntiendo que Walter (Presidente del PJ en Tierra del Fuego) puso todo a disposici\u00f3n pero me parece que tienen que tener ganas los compa\u00f1eros de sumarse. A ninguno se le va a caer el tel\u00e9fono por levantarlo y llamar\u201d, resalt\u00f3 la Diputada y propuso que \u201cdejen de coquetear\u201d y \u201cdefinan lo que quieren hacer\u201d.<\/p>\n<\/div>\n<div class=\"contenedor_share_buttons_individual_noticia\">\n<div class=\"contenido_share_buttons_individual_noticia\"><\/div>\n<\/div>\n<div class=\"tags_individual_noticia\">\n<div class=\"titulo_tags_individual_noticias\"><\/div>\n<\/div>\n","protected":false},"excerpt":{"rendered":"<p>Freites sostuvo que el PJ est\u00e1 abierto a P\u00e9rez y Harrington La Diputada Nacional por Tierra del Fuego,<\/p>\n","protected":false},"author":8,"featured_media":8395,"comment_status":"open","ping_status":"open","sticky":false,"template":"","format":"standard","meta":{"footnotes":""},"categories":[27,2],"tags":[3324,400],"class_list":["post-9055","post","type-post","status-publish","format-standard","has-post-thumbnail","hentry","category-politica","category-tierra-del-fuego","tag-freites","tag-pj"],"featured_image_urls":{"full":["https:\/\/opinionpublica.com.ar\/index\/wp-content\/uploads\/2025\/01\/freites-andrea.jpg",1000,561,false],"thumbnail":["https:\/\/opinionpublica.com.ar\/index\/wp-content\/uploads\/2025\/01\/freites-andrea-150x150.jpg",150,150,true],"medium":["https:\/\/opinionpublica.com.ar\/index\/wp-content\/uploads\/2025\/01\/freites-andrea-300x168.jpg",300,168,true],"medium_large":["https:\/\/opinionpublica.com.ar\/index\/wp-content\/uploads\/2025\/01\/freites-andrea-768x431.jpg",640,359,true],"large":["https:\/\/opinionpublica.com.ar\/index\/wp-content\/uploads\/2025\/01\/freites-andrea.jpg",640,359,false],"1536x1536":["https:\/\/opinionpublica.com.ar\/index\/wp-content\/uploads\/2025\/01\/freites-andrea.jpg",1000,561,false],"2048x2048":["https:\/\/opinionpublica.com.ar\/index\/wp-content\/uploads\/2025\/01\/freites-andrea.jpg",1000,561,false],"morenews-large":["https:\/\/opinionpublica.com.ar\/index\/wp-content\/uploads\/2025\/01\/freites-andrea-825x561.jpg",825,561,true],"morenews-medium":["https:\/\/opinionpublica.com.ar\/index\/wp-content\/uploads\/2025\/01\/freites-andrea-590x410.jpg",590,410,true]},"author_info":{"display_name":"RKing","author_link":"https:\/\/opinionpublica.com.ar\/index\/author\/rking\/"},"category_info":"<a href=\"https:\/\/opinionpublica.com.ar\/index\/category\/politica\/\" rel=\"category tag\">Politica<\/a> <a href=\"https:\/\/opinionpublica.com.ar\/index\/category\/tierra-del-fuego\/\" rel=\"category tag\">Tierra del Fuego<\/a>","tag_info":"Tierra del Fuego","comment_count":"0","_links":{"self":[{"href":"https:\/\/opinionpublica.com.ar\/index\/wp-json\/wp\/v2\/posts\/9055","targetHints":{"allow":["GET"]}}],"collection":[{"href":"https:\/\/opinionpublica.com.ar\/index\/wp-json\/wp\/v2\/posts"}],"about":[{"href":"https:\/\/opinionpublica.com.ar\/index\/wp-json\/wp\/v2\/types\/post"}],"author":[{"embeddable":true,"href":"https:\/\/opinionpublica.com.ar\/index\/wp-json\/wp\/v2\/users\/8"}],"replies":[{"embeddable":true,"href":"https:\/\/opinionpublica.com.ar\/index\/wp-json\/wp\/v2\/comments?post=9055"}],"version-history":[{"count":2,"href":"https:\/\/opinionpublica.com.ar\/index\/wp-json\/wp\/v2\/posts\/9055\/revisions"}],"predecessor-version":[{"id":9057,"href":"https:\/\/opinionpublica.com.ar\/index\/wp-json\/wp\/v2\/posts\/9055\/revisions\/9057"}],"wp:featuredmedia":[{"embeddable":true,"href":"https:\/\/opinionpublica.com.ar\/index\/wp-json\/wp\/v2\/media\/8395"}],"wp:attachment":[{"href":"https:\/\/opinionpublica.com.ar\/index\/wp-json\/wp\/v2\/media?parent=9055"}],"wp:term":[{"taxonomy":"category","embeddable":true,"href":"https:\/\/opinionpublica.com.ar\/index\/wp-json\/wp\/v2\/categories?post=9055"},{"taxonomy":"post_tag","embeddable":true,"href":"https:\/\/opinionpublica.com.ar\/index\/wp-json\/wp\/v2\/tags?post=9055"}],"curies":[{"name":"wp","href":"https:\/\/api.w.org\/{rel}","templated":true}]}}