{"id":9058,"date":"2025-03-19T14:42:31","date_gmt":"2025-03-19T17:42:31","guid":{"rendered":"https:\/\/opinionpublica.com.ar\/index\/?p=9058"},"modified":"2025-03-19T14:42:31","modified_gmt":"2025-03-19T17:42:31","slug":"en-rio-grande-los-taxistas-ya-no-ocultan-que-trabajan-bajo-la-plataforma-de-uber","status":"publish","type":"post","link":"https:\/\/opinionpublica.com.ar\/index\/en-rio-grande-los-taxistas-ya-no-ocultan-que-trabajan-bajo-la-plataforma-de-uber\/","title":{"rendered":"En R\u00edo Grande, los taxistas ya no ocultan que trabajan bajo la plataforma de UBER"},"content":{"rendered":"<header class=\"entry-header\">\n<div class=\"entry-title-excerpt-wrapper\">\n<p class=\"entry-title\"><strong>En R\u00edo Grande, los taxistas ya no ocultan que trabajan bajo la plataforma de UBER<\/strong><\/p>\n<div class=\"entry-excerpt\">\n<p>La presidenta de ATURG, se\u00f1al\u00f3 que, si bien los taxistas de R\u00edo Grande combaten la competencia de Uber y servicios informales, al mismo tiempo son cada vez m\u00e1s los asociados que optan por trabajar con aplicaciones.<\/p>\n<p><a href=\"https:\/\/opinionpublica.com.ar\/index\/wp-content\/uploads\/2024\/08\/20230707090149_gps-uber.jpg\"><img fetchpriority=\"high\" decoding=\"async\" class=\"alignnone size-full wp-image-5020\" src=\"https:\/\/opinionpublica.com.ar\/index\/wp-content\/uploads\/2024\/08\/20230707090149_gps-uber.jpg\" alt=\"\" width=\"880\" height=\"512\" srcset=\"https:\/\/opinionpublica.com.ar\/index\/wp-content\/uploads\/2024\/08\/20230707090149_gps-uber.jpg 880w, https:\/\/opinionpublica.com.ar\/index\/wp-content\/uploads\/2024\/08\/20230707090149_gps-uber-300x175.jpg 300w, https:\/\/opinionpublica.com.ar\/index\/wp-content\/uploads\/2024\/08\/20230707090149_gps-uber-768x447.jpg 768w\" sizes=\"(max-width: 880px) 100vw, 880px\" \/><\/a><\/p>\n<\/div>\n<\/div>\n<\/header>\n<div class=\"entry-content\">\n<p>En un contexto de competencia desleal y pol\u00e9mica por los controles, los taxistas de R\u00edo Grande enfrentan el desaf\u00edo de convivir con plataformas como Uber y servicios informales que operan a trav\u00e9s de WhatsApp. Griselda Fuentes, presidenta de la Asociaci\u00f3n de Taxistas Unidos de R\u00edo Grande (ATURG), expuso en\u00a0<strong>((La 97)) Radio Fueguina<\/strong>\u00a0las complejidades de un sector que lucha por mantenerse a flote, mientras se adapta a las nuevas realidades del transporte.<\/p>\n<p><strong><em>\u00abHay tanta gente haciendo trabajo que yo les llamo competencia desleal, que es as\u00ed en realidad. Que no paga nada, no paga ni seguro, ni RTO, ni nada\u00bb<\/em><\/strong>, afirm\u00f3 Fuentes, refiri\u00e9ndose a los conductores no habilitados que operan sin regulaci\u00f3n.\u00a0<strong><em>\u00abTrabajan con autos de 1810, como digo yo, bien antiguos, y nadie controla. Si choc\u00e1s, bien gracias\u00bb<\/em><\/strong>, agreg\u00f3, destacando los riesgos que esto implica para los usuarios y el sector formal.<\/p>\n<div class=\"code-block code-block-1\"><\/div>\n<p>Sin embargo, la l\u00edder gremial reconoci\u00f3 que muchos taxistas han optado por sumarse a plataformas como Uber para no quedarse fuera del mercado.\u00a0<strong><em>\u00abDe alguna manera funciona as\u00ed, con una competencia a s\u00ed mismo. Pero, a ver, viste que hay un refr\u00e1n que dice, si no pod\u00e9s contra tu enemigo, \u00fanete a \u00e9l\u00bb<\/em><\/strong>, se ampar\u00f3.<\/p>\n<p>Aunque critic\u00f3 los altos descuentos que aplica Uber a los conductores, que oscilan entre el 20% y el 30% de cada viaje, admiti\u00f3 que\u00a0<strong><em>\u00abm\u00e1s o menos viene bastante equilibrado\u00bb<\/em><\/strong>\u00a0entre los ingresos por la aplicaci\u00f3n y los servicios tradicionales.<\/p>\n<div class=\"code-block code-block-2\"><\/div>\n<p>Fuentes tambi\u00e9n cuestion\u00f3 la falta de control sobre los servicios informales y la salida de divisas que generan las plataformas extranjeras.\u00a0<strong><em>\u00abEsa plata que ellos retiran, es retirada, en este caso, de R\u00edo Grande, despu\u00e9s de la provincia, se la llevan en d\u00f3lares del pa\u00eds\u00bb<\/em><\/strong>, se\u00f1al\u00f3. Adem\u00e1s, destac\u00f3 que los taxistas y remiseros deben cumplir con requisitos como facturaci\u00f3n y registros profesionales, mientras que las aplicaciones no siempre exigen lo mismo.<\/p>\n<p>Pese a las dificultades, la ordenanza municipal permite a los taxistas regulados utilizar aplicaciones como Uber.\u00a0<strong><em>\u00abS\u00ed podemos usar las aplicaciones porque estamos regulados y tenemos los papeles al d\u00eda. Los particulares no\u00bb<\/em><\/strong>, aclar\u00f3 Fuentes. Sin embargo, admiti\u00f3 que la falta de choferes es un problema creciente, ya que muchos optan por trabajar de manera informal.<\/p>\n<div class=\"code-block code-block-3\"><\/div>\n<p><strong><em>\u201cCada uno es due\u00f1o de su bolsillo. Nosotros trabajamos como asociaci\u00f3n con lo que la gente nos llama, con aplicaci\u00f3n, con tel\u00e9fono\u201d<\/em><\/strong>\u00a0concluy\u00f3 Griselda Fuentes.<\/p>\n<\/div>\n","protected":false},"excerpt":{"rendered":"<p>En R\u00edo Grande, los taxistas ya no ocultan que trabajan bajo la plataforma de UBER La presidenta de<\/p>\n","protected":false},"author":8,"featured_media":5020,"comment_status":"open","ping_status":"open","sticky":false,"template":"","format":"standard","meta":{"footnotes":""},"categories":[25],"tags":[1743,398],"class_list":["post-9058","post","type-post","status-publish","format-standard","has-post-thumbnail","hentry","category-rio-grande","tag-taxis","tag-uber"],"featured_image_urls":{"full":["https:\/\/opinionpublica.com.ar\/index\/wp-content\/uploads\/2024\/08\/20230707090149_gps-uber.jpg",880,512,false],"thumbnail":["https:\/\/opinionpublica.com.ar\/index\/wp-content\/uploads\/2024\/08\/20230707090149_gps-uber-150x150.jpg",150,150,true],"medium":["https:\/\/opinionpublica.com.ar\/index\/wp-content\/uploads\/2024\/08\/20230707090149_gps-uber-300x175.jpg",300,175,true],"medium_large":["https:\/\/opinionpublica.com.ar\/index\/wp-content\/uploads\/2024\/08\/20230707090149_gps-uber-768x447.jpg",640,373,true],"large":["https:\/\/opinionpublica.com.ar\/index\/wp-content\/uploads\/2024\/08\/20230707090149_gps-uber.jpg",640,372,false],"1536x1536":["https:\/\/opinionpublica.com.ar\/index\/wp-content\/uploads\/2024\/08\/20230707090149_gps-uber.jpg",880,512,false],"2048x2048":["https:\/\/opinionpublica.com.ar\/index\/wp-content\/uploads\/2024\/08\/20230707090149_gps-uber.jpg",880,512,false],"morenews-large":["https:\/\/opinionpublica.com.ar\/index\/wp-content\/uploads\/2024\/08\/20230707090149_gps-uber-825x512.jpg",825,512,true],"morenews-medium":["https:\/\/opinionpublica.com.ar\/index\/wp-content\/uploads\/2024\/08\/20230707090149_gps-uber-590x410.jpg",590,410,true]},"author_info":{"display_name":"RKing","author_link":"https:\/\/opinionpublica.com.ar\/index\/author\/rking\/"},"category_info":"<a href=\"https:\/\/opinionpublica.com.ar\/index\/category\/rio-grande\/\" rel=\"category tag\">Rio Grande<\/a>","tag_info":"Rio Grande","comment_count":"0","_links":{"self":[{"href":"https:\/\/opinionpublica.com.ar\/index\/wp-json\/wp\/v2\/posts\/9058","targetHints":{"allow":["GET"]}}],"collection":[{"href":"https:\/\/opinionpublica.com.ar\/index\/wp-json\/wp\/v2\/posts"}],"about":[{"href":"https:\/\/opinionpublica.com.ar\/index\/wp-json\/wp\/v2\/types\/post"}],"author":[{"embeddable":true,"href":"https:\/\/opinionpublica.com.ar\/index\/wp-json\/wp\/v2\/users\/8"}],"replies":[{"embeddable":true,"href":"https:\/\/opinionpublica.com.ar\/index\/wp-json\/wp\/v2\/comments?post=9058"}],"version-history":[{"count":1,"href":"https:\/\/opinionpublica.com.ar\/index\/wp-json\/wp\/v2\/posts\/9058\/revisions"}],"predecessor-version":[{"id":9059,"href":"https:\/\/opinionpublica.com.ar\/index\/wp-json\/wp\/v2\/posts\/9058\/revisions\/9059"}],"wp:featuredmedia":[{"embeddable":true,"href":"https:\/\/opinionpublica.com.ar\/index\/wp-json\/wp\/v2\/media\/5020"}],"wp:attachment":[{"href":"https:\/\/opinionpublica.com.ar\/index\/wp-json\/wp\/v2\/media?parent=9058"}],"wp:term":[{"taxonomy":"category","embeddable":true,"href":"https:\/\/opinionpublica.com.ar\/index\/wp-json\/wp\/v2\/categories?post=9058"},{"taxonomy":"post_tag","embeddable":true,"href":"https:\/\/opinionpublica.com.ar\/index\/wp-json\/wp\/v2\/tags?post=9058"}],"curies":[{"name":"wp","href":"https:\/\/api.w.org\/{rel}","templated":true}]}}