{"id":9060,"date":"2025-03-19T14:48:14","date_gmt":"2025-03-19T17:48:14","guid":{"rendered":"https:\/\/opinionpublica.com.ar\/index\/?p=9060"},"modified":"2025-03-19T14:48:14","modified_gmt":"2025-03-19T17:48:14","slug":"el-legislador-de-forja-federico-sciurano-expreso-que-el-show-tiene-que-quedar-a-un-costado","status":"publish","type":"post","link":"https:\/\/opinionpublica.com.ar\/index\/el-legislador-de-forja-federico-sciurano-expreso-que-el-show-tiene-que-quedar-a-un-costado\/","title":{"rendered":"El legislador de FORJA Federico Sciurano expreso que el show tiene que quedar a un costado"},"content":{"rendered":"<header class=\"entry-header\">\n<p class=\"entry-title\"><strong>El legislador de FORJA Federico Sciurano expreso que el show tiene que quedar a un costado<\/strong><\/p>\n<\/header>\n<div class=\"entry-content clearfix\">\n<p>El legislador de FORJA Federico Sciurano recomend\u00f3 concentrarse en las responsabilidades que cada uno tiene y evitar el conflicto, ante el enfrentamiento entre el gobernador Melella y el intendente de R\u00edo Grande Mart\u00edn P\u00e9rez.<\/p>\n<p><a href=\"https:\/\/opinionpublica.com.ar\/index\/wp-content\/uploads\/2024\/09\/presu-2-1024x683-federico-sciurano.jpg\"><img fetchpriority=\"high\" decoding=\"async\" class=\"alignnone size-full wp-image-5798\" src=\"https:\/\/opinionpublica.com.ar\/index\/wp-content\/uploads\/2024\/09\/presu-2-1024x683-federico-sciurano.jpg\" alt=\"\" width=\"1024\" height=\"683\" srcset=\"https:\/\/opinionpublica.com.ar\/index\/wp-content\/uploads\/2024\/09\/presu-2-1024x683-federico-sciurano.jpg 1024w, https:\/\/opinionpublica.com.ar\/index\/wp-content\/uploads\/2024\/09\/presu-2-1024x683-federico-sciurano-300x200.jpg 300w, https:\/\/opinionpublica.com.ar\/index\/wp-content\/uploads\/2024\/09\/presu-2-1024x683-federico-sciurano-768x512.jpg 768w\" sizes=\"(max-width: 1024px) 100vw, 1024px\" \/><\/a><\/p>\n<p>Consider\u00f3 que hay \u201cun adelantamiento\u201d del 2027 y sostuvo que \u201ces importante el manejo de los tiempos para los dirigentes que tienen aspiraciones para gobernar\u201d. Aval\u00f3 las aspiraciones pol\u00edticas, pero \u201ctiene que ser una aspiraci\u00f3n en contacto con la realidad, que no lleve a cometer errores\u201d, dijo.<\/p>\n<p>R\u00edo Grande.- El legislador de FORJA Federico Sciurano se meti\u00f3 de lleno en el conflicto entre el gobierno y el municipio de R\u00edo Grande, por el reclamo de fondos del intendente Mart\u00edn P\u00e9rez, de la misma manera que se giran para la municipalidad de Ushuaia.<\/p>\n<p>Por FM Espect\u00e1culo apel\u00f3 al \u201cequilibrio emocional\u201d que deben tener los dirigentes en estos tiempos, incluida la dirigencia nacional. \u201cLo que m\u00e1s me preocupa hoy de la situaci\u00f3n que tenemos por delante es el equilibrio emocional de aquellos que tenemos la obligaci\u00f3n de decidir en t\u00e9rminos p\u00fablicos. El equilibrio emocional es determinante y el pa\u00eds lo necesita para resolver graves problemas. Cuando un dirigente no toma ese equilibrio, tomar decisiones va a ser muy conflictivas\u201d, advirti\u00f3.<\/p>\n<p>En la materia que le ocupa a la provincia, consider\u00f3 que \u201cel show tiene que quedar al costado y hay que concentrarse en las responsabilidades que cada uno tiene, porque la gente depende de la toma de decisiones. Lo importante es tratar de evitar el conflicto. A m\u00ed me toc\u00f3 vivir momentos muy duros en el gobierno de Fabiana (R\u00edos) y no hubo momento en que pudi\u00e9ramos estar al d\u00eda con el env\u00edo de recursos. La relaci\u00f3n se tens\u00f3 mucho porque se empez\u00f3 a interpretar de otra manera la ley de educaci\u00f3n, que significaba menos plata para los municipios\u201d, record\u00f3 de otro caso de enfrentamiento municipio-gobierno.<\/p>\n<p>\u201cToda acci\u00f3n tiene una reacci\u00f3n y eso lo tiene que saber quien est\u00e1 en la funci\u00f3n ejecutiva. Creo que hay un adelantamiento de los tiempos que no ayuda\u201d, indic\u00f3 sobre el proceso electoral de cara al 2027.<\/p>\n<p>\u201cLas expectativas electorales no tienen que asustar a nadie y si uno tiene un dirigente entusiasmado en un proyecto pol\u00edtico, eso ayuda a que el dirigente haga un trabajo mejor; pero tambi\u00e9n es importante el manejo de los tiempos para los dirigentes que tienen aspiraciones para gobernar\u201d, recomend\u00f3 fundamentalmente a P\u00e9rez.<\/p>\n<p>Respecto de la conveniencia o no de este adelantamiento de la campa\u00f1a 2027, sostuvo que \u201cla pol\u00edtica tiene antecedentes de todo tipo, hay gente que arranc\u00f3 temprano y le fue bien, y hay tipos que eran n\u00famero puesto y se quedaron a gamba. Lo m\u00e1s importante en este momento es que todos los que tenemos responsabilidad p\u00fablica hagamos nuestro trabajo con hombr\u00eda de bien y responsabilidad, tratando de evitar la especulaci\u00f3n que perjudica a otros. La mejor campa\u00f1a para llegar a un lugar determinado es hacer el trabajo bien\u201d, subray\u00f3.<\/p>\n<p>\u201cLa aspiraci\u00f3n es un motor de la democracia, pero puede ser un problema cuando est\u00e1 desbordada y no tiene capacidad de razonar sobre lo que tiene alrededor. Tiene que ser una aspiraci\u00f3n en contacto con la realidad, que no lleve a cometer errores\u201d, sentenci\u00f3 el legislador.<\/p>\n<p>Insisti\u00f3 en que \u201clos equilibrios emocionales est\u00e1n fallando. Me parece una barbaridad la violencia que vivimos en el Congreso y el presidente tiene que ayudar a encontrar un equilibrio emocional, porque las formas no son un tema menor\u201d.<\/p>\n<p>&nbsp;<\/p>\n<p><strong>A\u00f1o legislativo<\/strong><\/p>\n<p>Consultado sobre las perspectivas del a\u00f1o legislativo, dijo que \u201cva a haber que prestar especial atenci\u00f3n a la econom\u00eda y est\u00e1 el desaf\u00edo gigante que es la generaci\u00f3n de empleo. La inflaci\u00f3n ha venido bajando, pero el mecanismo es el enfriamiento de la econom\u00eda y baja la capacidad productiva. Hay que pensar en herramientas innovadoras para que el sector privado sea competitivo. El mecanismo para tener la inflaci\u00f3n contenida es ingresar productos de afuera para que la canasta se mantenga en valores razonables, pero cada producto que ingresa genera que alguien deje de trabajar en una f\u00e1brica\u201d, lament\u00f3.<\/p>\n<p>\u201cEl super\u00e1vit es sagrado y es clave para la Argentina, pero hay un costo social y tiene que haber decisiones para contener ese costo social. Tiene que haber un plan de mediano y largo plazo, con una contenci\u00f3n en el corto plazo. Si la soluci\u00f3n para resolver el d\u00e9ficit es que mis hijos no coman, no funciona\u201d, expres\u00f3.<\/p>\n<p>&nbsp;<\/p>\n<p><strong>OSEF y subsidio<\/strong><\/p>\n<p>Finalmente se pronunci\u00f3 a favor de una nueva pr\u00f3rroga del aporte de fondos de la caja a la OSEF: \u201cHay un planteo de que nosotros le sacamos plata a la caja para d\u00e1rsela a la obra social, pero no es verdad. La modificaci\u00f3n de la tarifaria gener\u00f3 recursos que la provincia no ten\u00eda, no eran recursos que hab\u00eda cobrado la caja. OSEF tiene 60 mil afiliados y hay 60 mil personas que no tienen obra social, es decir que hay 120 mil personas atadas a la misma realidad. No es un tema para darle valor electoral ni se va a resolver con un t\u00edtulo en un diario\u201d, manifest\u00f3.<\/p>\n<p>\u201cLo que necesita OSEF es un plan econ\u00f3mico, porque tiene un d\u00e9ficit proyectado de 56 mil millones y 120 mil millones de recursos corrientes. No es un tema administrativo. OSEF necesita una mesa de trabajo y ah\u00ed hay que arremangarse, hay que dejar las c\u00e1maras de televisi\u00f3n afuera y dedicarse a laburar. Hay que lograr encontrar un plan sustentable en el corto, mediano y largo plazo\u201d, propici\u00f3.<\/p>\n<p>Tambi\u00e9n pidi\u00f3 que no se mezclen cuestiones electorales en la reforma que necesita la obra social. \u201cHay que dejar este tema por fuera de la expectativa electoral que algunos puedan tener y dedicarnos a trabajar. En el corto plazo no hay otra posibilidad que el subsidio, porque si le sacamos la plata que est\u00e1 recibiendo OSEF es pr\u00e1cticamente decirle al afiliado que se maneje como pueda. No es verdad que esto se resuelve fortaleciendo la salud p\u00fablica, porque OSEF es una obra social de caracter\u00edsticas gremiales. Yo creo que hoy nos est\u00e1n jugando en contra los protagonismos estelares. Esto de querer estar arriba en los t\u00edtulos nos perjudica. Yo entiendo que los seres humanos tenemos un ego muy desarrollado, pero en este caso lo mejor que podemos hacer es estar a la altura, guardarnos un poco y ponernos a trabajar. Despu\u00e9s en todo caso podr\u00e1n hacer grandes presentaciones estos dirigentes que tienen aspiraciones pol\u00edticas y quieren ocupar alg\u00fan ejecutivo\u201d, concluy\u00f3.<\/p>\n<p>&nbsp;<\/p>\n<\/div>\n","protected":false},"excerpt":{"rendered":"<p>El legislador de FORJA Federico Sciurano expreso que el show tiene que quedar a un costado El legislador<\/p>\n","protected":false},"author":8,"featured_media":1969,"comment_status":"open","ping_status":"open","sticky":false,"template":"","format":"standard","meta":{"footnotes":""},"categories":[2],"tags":[732,1982,660],"class_list":["post-9060","post","type-post","status-publish","format-standard","has-post-thumbnail","hentry","category-tierra-del-fuego","tag-federico-sciurano","tag-forja","tag-legislador"],"featured_image_urls":{"full":["https:\/\/opinionpublica.com.ar\/index\/wp-content\/uploads\/2024\/04\/Federico-Sciurano-1.jpg",1024,545,false],"thumbnail":["https:\/\/opinionpublica.com.ar\/index\/wp-content\/uploads\/2024\/04\/Federico-Sciurano-1-150x150.jpg",150,150,true],"medium":["https:\/\/opinionpublica.com.ar\/index\/wp-content\/uploads\/2024\/04\/Federico-Sciurano-1-300x160.jpg",300,160,true],"medium_large":["https:\/\/opinionpublica.com.ar\/index\/wp-content\/uploads\/2024\/04\/Federico-Sciurano-1-768x409.jpg",640,341,true],"large":["https:\/\/opinionpublica.com.ar\/index\/wp-content\/uploads\/2024\/04\/Federico-Sciurano-1.jpg",640,341,false],"1536x1536":["https:\/\/opinionpublica.com.ar\/index\/wp-content\/uploads\/2024\/04\/Federico-Sciurano-1.jpg",1024,545,false],"2048x2048":["https:\/\/opinionpublica.com.ar\/index\/wp-content\/uploads\/2024\/04\/Federico-Sciurano-1.jpg",1024,545,false],"morenews-large":["https:\/\/opinionpublica.com.ar\/index\/wp-content\/uploads\/2024\/04\/Federico-Sciurano-1-825x545.jpg",825,545,true],"morenews-medium":["https:\/\/opinionpublica.com.ar\/index\/wp-content\/uploads\/2024\/04\/Federico-Sciurano-1-590x410.jpg",590,410,true]},"author_info":{"display_name":"RKing","author_link":"https:\/\/opinionpublica.com.ar\/index\/author\/rking\/"},"category_info":"<a href=\"https:\/\/opinionpublica.com.ar\/index\/category\/tierra-del-fuego\/\" rel=\"category tag\">Tierra del Fuego<\/a>","tag_info":"Tierra del Fuego","comment_count":"0","_links":{"self":[{"href":"https:\/\/opinionpublica.com.ar\/index\/wp-json\/wp\/v2\/posts\/9060","targetHints":{"allow":["GET"]}}],"collection":[{"href":"https:\/\/opinionpublica.com.ar\/index\/wp-json\/wp\/v2\/posts"}],"about":[{"href":"https:\/\/opinionpublica.com.ar\/index\/wp-json\/wp\/v2\/types\/post"}],"author":[{"embeddable":true,"href":"https:\/\/opinionpublica.com.ar\/index\/wp-json\/wp\/v2\/users\/8"}],"replies":[{"embeddable":true,"href":"https:\/\/opinionpublica.com.ar\/index\/wp-json\/wp\/v2\/comments?post=9060"}],"version-history":[{"count":1,"href":"https:\/\/opinionpublica.com.ar\/index\/wp-json\/wp\/v2\/posts\/9060\/revisions"}],"predecessor-version":[{"id":9061,"href":"https:\/\/opinionpublica.com.ar\/index\/wp-json\/wp\/v2\/posts\/9060\/revisions\/9061"}],"wp:featuredmedia":[{"embeddable":true,"href":"https:\/\/opinionpublica.com.ar\/index\/wp-json\/wp\/v2\/media\/1969"}],"wp:attachment":[{"href":"https:\/\/opinionpublica.com.ar\/index\/wp-json\/wp\/v2\/media?parent=9060"}],"wp:term":[{"taxonomy":"category","embeddable":true,"href":"https:\/\/opinionpublica.com.ar\/index\/wp-json\/wp\/v2\/categories?post=9060"},{"taxonomy":"post_tag","embeddable":true,"href":"https:\/\/opinionpublica.com.ar\/index\/wp-json\/wp\/v2\/tags?post=9060"}],"curies":[{"name":"wp","href":"https:\/\/api.w.org\/{rel}","templated":true}]}}