{"id":9065,"date":"2025-03-19T15:28:00","date_gmt":"2025-03-19T18:28:00","guid":{"rendered":"https:\/\/opinionpublica.com.ar\/index\/?p=9065"},"modified":"2025-03-19T15:28:00","modified_gmt":"2025-03-19T18:28:00","slug":"consejo-deliberante-comenzo-la-actividad-legislativa-en-las-comisiones-tematicas","status":"publish","type":"post","link":"https:\/\/opinionpublica.com.ar\/index\/consejo-deliberante-comenzo-la-actividad-legislativa-en-las-comisiones-tematicas\/","title":{"rendered":"Consejo Deliberante: Comenz\u00f3 la actividad legislativa en las comisiones tem\u00e1ticas"},"content":{"rendered":"<p class=\"titulo_individual_noticia\"><strong>Consejo Deliberante: Comenz\u00f3 la actividad legislativa en las comisiones tem\u00e1ticas<\/strong><\/p>\n<div class=\"copete_individual_noticia\">En el recinto ubicado en Gobernador Paz y Piedrabuena, los concejales definieron la presidencia de las comisiones de Legislaci\u00f3n e Interpretaci\u00f3n; Digesto y Reglamento Interno. En los pr\u00f3ximos d\u00edas se avanzar\u00e1 en las restantes, de cara a la sesi\u00f3n ordinaria prevista para el 3 de abril.<\/div>\n<div><\/div>\n<div><a href=\"https:\/\/opinionpublica.com.ar\/index\/wp-content\/uploads\/2024\/09\/20240830151021_gwlfs_axeaaqzpk_1-consejo-deliberante-ushuaia.jpg\"><img fetchpriority=\"high\" decoding=\"async\" class=\"alignnone size-full wp-image-5601\" src=\"https:\/\/opinionpublica.com.ar\/index\/wp-content\/uploads\/2024\/09\/20240830151021_gwlfs_axeaaqzpk_1-consejo-deliberante-ushuaia.jpg\" alt=\"\" width=\"880\" height=\"586\" srcset=\"https:\/\/opinionpublica.com.ar\/index\/wp-content\/uploads\/2024\/09\/20240830151021_gwlfs_axeaaqzpk_1-consejo-deliberante-ushuaia.jpg 880w, https:\/\/opinionpublica.com.ar\/index\/wp-content\/uploads\/2024\/09\/20240830151021_gwlfs_axeaaqzpk_1-consejo-deliberante-ushuaia-300x200.jpg 300w, https:\/\/opinionpublica.com.ar\/index\/wp-content\/uploads\/2024\/09\/20240830151021_gwlfs_axeaaqzpk_1-consejo-deliberante-ushuaia-768x511.jpg 768w\" sizes=\"(max-width: 880px) 100vw, 880px\" \/><\/a><\/div>\n<div class=\"clear_both\"><\/div>\n<div class=\"contenido_individual_noticia\">\n<div class=\"contenedor_primera_letra_individual_noticia\">Los concejales de Ushuaia dieron inicio a las actividades de labor legislativa en las comisiones tem\u00e1ticas del Parlamento local, donde se definieron las autoridades.<\/div>\n<p>Cumpliendo con el cronograma establecido previamente, ayer se concretaron los primeros encuentros del per\u00edodo legislativo en el \u00e1mbito de la comisi\u00f3n de Legislaci\u00f3n e Interpretaci\u00f3n. De acuerdo a la decisi\u00f3n de los ediles, la misma estar\u00e1 presidida por la concejala Laura Avila (PJ).<\/p>\n<p>Dicha comisi\u00f3n dictamina sobre todos los asuntos referentes a ordenanzas y otras disposiciones legales relacionadas con la Municipalidad, particulares, sociedades, empresas o poderes p\u00fablicos.<\/p>\n<p>Por otra parte, por acuerdo de los concejales la comisi\u00f3n especial de Reglamento Interno estar\u00e1 a cargo del edil Vladimir Espeche (MPF). En ese espacio se trabajar\u00e1 en la revisi\u00f3n del texto que establece el funcionamiento del Concejo, para adecuarlo a la actualizaci\u00f3n de la Carta Org\u00e1nica Municipal producida en el a\u00f1o 2022.<\/p>\n<p>Asimismo, se determin\u00f3 que la presidencia de la comisi\u00f3n de Digesto estar\u00e1 presidida por la concejal Bel\u00e9n Monte de Oca (LLA); en ese \u00e1mbito se abordar\u00e1 la creaci\u00f3n del digesto municipal, textos ordenados y actualizados de toda la normativa vigente en la ciudad con mecanismos para facilitar la b\u00fasqueda y el acceso.<\/p>\n<p>Para hoy se prev\u00e9 la continuidad de las reuniones de las comisiones tem\u00e1ticas (Hacienda, Presupuesto Cuentas; Juventud; Polic\u00eda Municipal). En el recinto legislativo, los concejales designar\u00e1n la Presidencia en cada caso.<\/p>\n<p>Tambi\u00e9n resta definir las autoridades de las comisiones de Planeamiento y Obras P\u00fablicas; Calidad de Vida, Deportes, Cultura y Educaci\u00f3n; Turismo, Ant\u00e1rtida y Cuesti\u00f3n Malvinas.<\/p>\n<p>De esta manera, se pone en marcha formalmente la actividad legislativa de cara a la pr\u00f3xima sesi\u00f3n ordinaria, prevista para el jueves 3 de abril.<\/p>\n<\/div>\n<div class=\"contenedor_share_buttons_individual_noticia\">\n<div class=\"contenido_share_buttons_individual_noticia\"><\/div>\n<\/div>\n<div class=\"tags_individual_noticia\">\n<div class=\"contenedor_tags_individual_noticia\"><\/div>\n<\/div>\n","protected":false},"excerpt":{"rendered":"<p>Consejo Deliberante: Comenz\u00f3 la actividad legislativa en las comisiones tem\u00e1ticas En el recinto ubicado en Gobernador Paz y<\/p>\n","protected":false},"author":8,"featured_media":5602,"comment_status":"open","ping_status":"open","sticky":false,"template":"","format":"standard","meta":{"footnotes":""},"categories":[21],"tags":[778,256],"class_list":["post-9065","post","type-post","status-publish","format-standard","has-post-thumbnail","hentry","category-ushuaia","tag-comisiones","tag-concejo-deliberante"],"featured_image_urls":{"full":["https:\/\/opinionpublica.com.ar\/index\/wp-content\/uploads\/2024\/09\/Labor2-7-consejo-deliberante-ushuaia.jpg",800,534,false],"thumbnail":["https:\/\/opinionpublica.com.ar\/index\/wp-content\/uploads\/2024\/09\/Labor2-7-consejo-deliberante-ushuaia-150x150.jpg",150,150,true],"medium":["https:\/\/opinionpublica.com.ar\/index\/wp-content\/uploads\/2024\/09\/Labor2-7-consejo-deliberante-ushuaia-300x200.jpg",300,200,true],"medium_large":["https:\/\/opinionpublica.com.ar\/index\/wp-content\/uploads\/2024\/09\/Labor2-7-consejo-deliberante-ushuaia-768x513.jpg",640,428,true],"large":["https:\/\/opinionpublica.com.ar\/index\/wp-content\/uploads\/2024\/09\/Labor2-7-consejo-deliberante-ushuaia.jpg",640,427,false],"1536x1536":["https:\/\/opinionpublica.com.ar\/index\/wp-content\/uploads\/2024\/09\/Labor2-7-consejo-deliberante-ushuaia.jpg",800,534,false],"2048x2048":["https:\/\/opinionpublica.com.ar\/index\/wp-content\/uploads\/2024\/09\/Labor2-7-consejo-deliberante-ushuaia.jpg",800,534,false],"morenews-large":["https:\/\/opinionpublica.com.ar\/index\/wp-content\/uploads\/2024\/09\/Labor2-7-consejo-deliberante-ushuaia.jpg",800,534,false],"morenews-medium":["https:\/\/opinionpublica.com.ar\/index\/wp-content\/uploads\/2024\/09\/Labor2-7-consejo-deliberante-ushuaia-590x410.jpg",590,410,true]},"author_info":{"display_name":"RKing","author_link":"https:\/\/opinionpublica.com.ar\/index\/author\/rking\/"},"category_info":"<a href=\"https:\/\/opinionpublica.com.ar\/index\/category\/ushuaia\/\" rel=\"category tag\">Ushuaia<\/a>","tag_info":"Ushuaia","comment_count":"0","_links":{"self":[{"href":"https:\/\/opinionpublica.com.ar\/index\/wp-json\/wp\/v2\/posts\/9065","targetHints":{"allow":["GET"]}}],"collection":[{"href":"https:\/\/opinionpublica.com.ar\/index\/wp-json\/wp\/v2\/posts"}],"about":[{"href":"https:\/\/opinionpublica.com.ar\/index\/wp-json\/wp\/v2\/types\/post"}],"author":[{"embeddable":true,"href":"https:\/\/opinionpublica.com.ar\/index\/wp-json\/wp\/v2\/users\/8"}],"replies":[{"embeddable":true,"href":"https:\/\/opinionpublica.com.ar\/index\/wp-json\/wp\/v2\/comments?post=9065"}],"version-history":[{"count":1,"href":"https:\/\/opinionpublica.com.ar\/index\/wp-json\/wp\/v2\/posts\/9065\/revisions"}],"predecessor-version":[{"id":9066,"href":"https:\/\/opinionpublica.com.ar\/index\/wp-json\/wp\/v2\/posts\/9065\/revisions\/9066"}],"wp:featuredmedia":[{"embeddable":true,"href":"https:\/\/opinionpublica.com.ar\/index\/wp-json\/wp\/v2\/media\/5602"}],"wp:attachment":[{"href":"https:\/\/opinionpublica.com.ar\/index\/wp-json\/wp\/v2\/media?parent=9065"}],"wp:term":[{"taxonomy":"category","embeddable":true,"href":"https:\/\/opinionpublica.com.ar\/index\/wp-json\/wp\/v2\/categories?post=9065"},{"taxonomy":"post_tag","embeddable":true,"href":"https:\/\/opinionpublica.com.ar\/index\/wp-json\/wp\/v2\/tags?post=9065"}],"curies":[{"name":"wp","href":"https:\/\/api.w.org\/{rel}","templated":true}]}}