{"id":9067,"date":"2025-03-19T15:42:36","date_gmt":"2025-03-19T18:42:36","guid":{"rendered":"https:\/\/opinionpublica.com.ar\/index\/?p=9067"},"modified":"2025-03-19T15:42:36","modified_gmt":"2025-03-19T18:42:36","slug":"el-legislador-juan-carlos-pino-apelo-a-la-unidad-del-peronismo-de-la-provincia","status":"publish","type":"post","link":"https:\/\/opinionpublica.com.ar\/index\/el-legislador-juan-carlos-pino-apelo-a-la-unidad-del-peronismo-de-la-provincia\/","title":{"rendered":"El legislador Juan Carlos Pino apel\u00f3 a la unidad del peronismo de la provincia"},"content":{"rendered":"<header class=\"entry-header\">\n<p class=\"entry-title\"><strong>El legislador Juan Carlos Pino apel\u00f3 a la unidad del peronismo de la provincia<\/strong><\/p>\n<\/header>\n<div class=\"entry-content clearfix\">\n<p>El legislador justicialista Juan Carlos Pino apel\u00f3 a la unidad del peronismo de la provincia, para poner un freno al ajuste que viene sufriendo por las pol\u00edticas nacionales.<\/p>\n<p><a href=\"https:\/\/opinionpublica.com.ar\/index\/wp-content\/uploads\/2024\/04\/juan-carlos-pino-concejal.jpg\"><img fetchpriority=\"high\" decoding=\"async\" class=\"alignnone size-full wp-image-2034\" src=\"https:\/\/opinionpublica.com.ar\/index\/wp-content\/uploads\/2024\/04\/juan-carlos-pino-concejal.jpg\" alt=\"\" width=\"1127\" height=\"675\" srcset=\"https:\/\/opinionpublica.com.ar\/index\/wp-content\/uploads\/2024\/04\/juan-carlos-pino-concejal.jpg 1127w, https:\/\/opinionpublica.com.ar\/index\/wp-content\/uploads\/2024\/04\/juan-carlos-pino-concejal-300x180.jpg 300w, https:\/\/opinionpublica.com.ar\/index\/wp-content\/uploads\/2024\/04\/juan-carlos-pino-concejal-1024x613.jpg 1024w, https:\/\/opinionpublica.com.ar\/index\/wp-content\/uploads\/2024\/04\/juan-carlos-pino-concejal-768x460.jpg 768w\" sizes=\"(max-width: 1127px) 100vw, 1127px\" \/><\/a><\/p>\n<p>El domingo asumi\u00f3 como vicepresidente segundo del partido y asegur\u00f3 que los que no forman parte de la estructura es porque no han querido hacerlo, en alusi\u00f3n a Daniel Harrington y Mart\u00edn P\u00e9rez. Para las elecciones nacionales se presentar\u00e1n con un frente y el intendente Walter Vuoto qued\u00f3 facultado para cerrar los acuerdos. Adelant\u00f3 que en la pr\u00f3xima sesi\u00f3n se aprobar\u00eda sobre tablas la inyecci\u00f3n de fondos a la OSEF, con recursos que pertenecen a la caja, para no agravar la situaci\u00f3n.<\/p>\n<p>R\u00edo Grande.- El legislador justicialista Juan Carlos Pino dio detalles al programa \u2018Buscando el Equilibrio\u2019 por Radio Provincia del congreso partidario celebrado el pasado domingo, en el que asumieron las autoridades electas el a\u00f1o pasado, y asegur\u00f3 que quienes no estuvieron fue porque no lo han querido, en alusi\u00f3n a los intendentes Daniel Harrington y Mart\u00edn P\u00e9rez.<\/p>\n<p>Record\u00f3 que \u201cel a\u00f1o pasado se convoc\u00f3 a elecciones internas a pedido de algunos que ped\u00edan la participaci\u00f3n y termin\u00f3 present\u00e1ndose una sola lista, que se proclam\u00f3 el a\u00f1o pasado. Este es el primer encuentro del a\u00f1o del Partido Justicialista, no solamente se entregaron los diplomas sino que tambi\u00e9n sesion\u00f3 el congreso partidario, y hubo un encuentro de todos los peronistas de R\u00edo Grande, Tolhuin y Ushuaia. A partir de esto hay una enorme tarea por delante\u201d.<\/p>\n<p>\u201cNo es que nos eligieron ahora, sino que el a\u00f1o pasado se convoc\u00f3 a elecciones. La lista est\u00e1 integrada por distintos sectores de R\u00edo Grande, Tolhuin y Ushuaia y tambi\u00e9n hay representantes gremiales, de la cultura, del sector cient\u00edfico. Los que no est\u00e1n es porque no quisieron estar o tienen sus propios partidos pol\u00edticos\u201d, expres\u00f3.<\/p>\n<p>Cabe recordar que Pino no form\u00f3 parte de las autoridades en la elecci\u00f3n anterior, cuando eran parte de la estructura los intendentes de R\u00edo Grande y Ushuaia. \u201cYo no integr\u00e9 y los cuatro a\u00f1os anteriores no estuve dentro de las autoridades partidarias, pero siempre tuve un acompa\u00f1amiento desde mi lugar de concejal, respetando las decisiones del partido. En esta oportunidad me toca estar como vicepresidente segundo\u201d, dijo.<\/p>\n<p>De cara a las bancas en disputa en octubre, consider\u00f3 que \u201ctodav\u00eda falta y que reci\u00e9n en agosto se estar\u00edan cumpliendo los plazos para la conformaci\u00f3n de listas. El domingo se delegaron facultades al presidente del partido para la integraci\u00f3n de frentes electorales y vamos a trabajar en un frente donde est\u00e9n todos los sectores que acompa\u00f1an al justicialismo. El partido ha sido frentista desde su nacimiento y estamos proyectando un frente con sectores que comulgan con las ideas del peronismo\u201d, adelant\u00f3.<\/p>\n<p>\u201cHoy los recortes que tiene la provincia nos afectan enormemente, y eso nos tiene que unificar para que en estas pr\u00f3ximas elecciones tengamos los votos necesarios para parar estos recortes que le hacen a la provincia\u201d, plante\u00f3.<\/p>\n<p>Consultado sobre el impacto en el resultado de las elecciones de la divisi\u00f3n entre el municipio de Ushuaia, de los de Tolhuin y R\u00edo Grande, apel\u00f3 a la unidad. \u201cEl Partido Justicialista siempre ha conformado frentes con 12, 15 y hasta 18 partidos de la provincia. Todos los electos tienen que reclamar por lo que ha perdido Tierra del Fuego y nosotros tenemos la firme posici\u00f3n de que a Ushuaia, R\u00edo Grande, a Tolhuin y a la provincia le han sacado fondos que les corresponden\u201d, sostuvo.<\/p>\n<p>\u201cTenemos la ruta 3, que es distinta a otras rutas del pa\u00eds, porque en la provincia nieva, hay que hacer el mantenimiento permanente y le han sacado los fondos. Nosotros somos aerodependientes y la mayor cantidad de insumos vienen por v\u00eda terrestre. Llegan camiones con mercader\u00eda y con insumos que tienen que pasar por tres provincias. Podemos tener serias consecuencias por la falta de mantenimiento de la ruta\u201d, advirti\u00f3.<\/p>\n<p>\u201cPor otro lado tenemos problemas con las viviendas, porque nos han sacado los planes federales, el PROCREAR, las obras para Educaci\u00f3n, para Salud, nos sacaron el subsidio de transporte, el subsidio del gas. Tierra del Fuego ha perdido mucho y esto nos tiene que unificar, porque Tierra del Fuego es la que m\u00e1s perdi\u00f3 por las pol\u00edticas nacionales\u201d, subray\u00f3.<\/p>\n<p>\u201cEl reclamo nos tiene que unificar y no importa el color pol\u00edtico, nos tienen que unificar las causas. Se est\u00e1n reclamando los fondos de incendio del a\u00f1o pasado que se daban a las provincias y no se han dado. Nos han recortado y nos tenemos que unificar. El peronismo tiene un proyecto y una idea acabada de c\u00f3mo avanzar en esto y trabajar en conjunto. Ac\u00e1 no es que se salva uno y el resto no, porque han perdido todos, las provincias y los intendentes\u201d, expuso.<\/p>\n<p>La confrontaci\u00f3n entre la zona norte y la zona sur para Pino son \u201cdiscusiones bizantinas que tenemos permanentemente y que tienen que ver con las internas. Por eso hemos delegado la responsabilidad en el presidente del partido para que empiece a proyectar una unificaci\u00f3n de todos aquellos sectores que est\u00e1n de acuerdo en el reclamo de lo que le corresponde a la provincia. A partir de ah\u00ed surge solo el acompa\u00f1amiento y, los que no acompa\u00f1en, no est\u00e1n ajenos a haber sido perjudicados. Todav\u00eda hay un largo camino\u201d.<\/p>\n<p>&nbsp;<\/p>\n<p><strong>OSEF con los votos para la inyecci\u00f3n de fondos<\/strong><\/p>\n<p>Cabe recordar que en el congreso partidario el intendente Vuoto garantiz\u00f3 la gobernabilidad de Melella y el acompa\u00f1amiento del bloque del PJ a las iniciativas del oficialismo provincial, entre ellas, la nueva ley de financiamiento de la OSEF, que todav\u00eda no fue presentada. En lo inmediato se tratar\u00e1 la pr\u00f3rroga de la inyecci\u00f3n de fondos de la caja a la obra social, que cuenta con el acompa\u00f1amiento del justicialismo para ser aprobada sobre tablas.<\/p>\n<p>\u201cLa obra social tiene un problema financiero y econ\u00f3mico. Tiene un presupuesto de 125 mil millones y un d\u00e9ficit proyectado de 55 mil millones. Apenas asumimos a fines de 2023 se trabaj\u00f3 en una ley para inyectar fondos y para 2025 est\u00e1 proyectado inyectar alrededor de 35 mil millones para que la OSEF pueda funcionar adecuadamente\u201d, indic\u00f3.<\/p>\n<p>\u201cEsto le pasa a todas las obras sociales y todo sabemos los costos de la salud. Con la inyecci\u00f3n de dinero la obra social ha pagado a los hospitales la deuda que ten\u00eda y tambi\u00e9n a los privados para restablecer la prestaci\u00f3n de los servicios tanto en salud como en medicamentos. Adem\u00e1s del problema financiero y econ\u00f3mico, tenemos un problema estructural en la obra social. Hay proyectos que han presentado los gremios en cuanto a la apertura de la conducci\u00f3n, algunos hablan en los medios de la intervenci\u00f3n, el Tribunal de Cuentas hizo sus recomendaciones, y nosotros estamos dispuestos a trabajar en cada uno de los proyectos. No es menos cierto que tenemos que tener auditor\u00edas internas mensuales para controlar en qu\u00e9 se gasta el dinero de OSEF, si se compran los medicamentos como corresponde y se hacen las contrataciones como corresponde con el privado\u201d, plante\u00f3.<\/p>\n<p>Consider\u00f3 que debe haber una reforma similar a la previsional en 2016. \u201cLa caja de previsi\u00f3n siempre tuvo d\u00e9ficit y en la actualidad tiene m\u00e1s de 120 mil millones de super\u00e1vit. Se restableci\u00f3 y no hay reclamos, como pasaba antes. Creo que tenemos que intervenir desde el Estado en la obra social. La Legislatura puede legislar pero no puede intervenir en la conducci\u00f3n, m\u00e1s all\u00e1 de pedir informes. A partir de la pr\u00f3xima sesi\u00f3n vamos a acompa\u00f1ar los fondos extraordinarios que se quieren implementar, porque entendemos que son necesarios. Ese es el comienzo de la discusi\u00f3n\u201d, puntualiz\u00f3.<\/p>\n<p>\u201cDesde nuestro bloque tenemos la responsabilidad de colaborar y acompa\u00f1ar que los fondos sigan llegando a la obra social. Si se sacan estos fondos se complicar\u00edan mucho m\u00e1s las cosas y quedar\u00eda pr\u00e1cticamente en quiebra\u201d, asever\u00f3 Pino.<\/p>\n<p>Puntualmente sobre la intervenci\u00f3n, aclar\u00f3 que \u201ces un proyecto del legislador Von der Thusen, que lo ha mencionado en distintos lugares, pero creo que no soluciona el problema. No hay una soluci\u00f3n m\u00e1gica. Hay que ver de qu\u00e9 forma podemos tener una obra social saneada y que tenga super\u00e1vit\u201d.<\/p>\n<p>La Legislatura va a sesionar el viernes 28 y se tratar\u00eda sobre tablas el proyecto de inyecci\u00f3n de fondos de la caja. \u201cNo s\u00e9 si habr\u00e1 reuniones de comisi\u00f3n, yo no presido ninguna y entiendo que deber\u00eda haber reuniones la semana que viene. Si no hay comisiones, nosotros vamos a presentar cuatro o cinco proyectos para ser tratados sobre tablas y vamos a impulsar la reactivaci\u00f3n de esta ley que se termina, para que la OSEF siga recibiendo los fondos\u201d, concluy\u00f3.<\/p>\n<\/div>\n","protected":false},"excerpt":{"rendered":"<p>El legislador Juan Carlos Pino apel\u00f3 a la unidad del peronismo de la provincia El legislador justicialista Juan<\/p>\n","protected":false},"author":8,"featured_media":2034,"comment_status":"open","ping_status":"open","sticky":false,"template":"","format":"standard","meta":{"footnotes":""},"categories":[2],"tags":[673,660],"class_list":["post-9067","post","type-post","status-publish","format-standard","has-post-thumbnail","hentry","category-tierra-del-fuego","tag-juan-carlos-pino","tag-legislador"],"featured_image_urls":{"full":["https:\/\/opinionpublica.com.ar\/index\/wp-content\/uploads\/2024\/04\/juan-carlos-pino-concejal.jpg",1127,675,false],"thumbnail":["https:\/\/opinionpublica.com.ar\/index\/wp-content\/uploads\/2024\/04\/juan-carlos-pino-concejal-150x150.jpg",150,150,true],"medium":["https:\/\/opinionpublica.com.ar\/index\/wp-content\/uploads\/2024\/04\/juan-carlos-pino-concejal-300x180.jpg",300,180,true],"medium_large":["https:\/\/opinionpublica.com.ar\/index\/wp-content\/uploads\/2024\/04\/juan-carlos-pino-concejal-768x460.jpg",640,383,true],"large":["https:\/\/opinionpublica.com.ar\/index\/wp-content\/uploads\/2024\/04\/juan-carlos-pino-concejal-1024x613.jpg",640,383,true],"1536x1536":["https:\/\/opinionpublica.com.ar\/index\/wp-content\/uploads\/2024\/04\/juan-carlos-pino-concejal.jpg",1127,675,false],"2048x2048":["https:\/\/opinionpublica.com.ar\/index\/wp-content\/uploads\/2024\/04\/juan-carlos-pino-concejal.jpg",1127,675,false],"morenews-large":["https:\/\/opinionpublica.com.ar\/index\/wp-content\/uploads\/2024\/04\/juan-carlos-pino-concejal-825x575.jpg",825,575,true],"morenews-medium":["https:\/\/opinionpublica.com.ar\/index\/wp-content\/uploads\/2024\/04\/juan-carlos-pino-concejal-590x410.jpg",590,410,true]},"author_info":{"display_name":"RKing","author_link":"https:\/\/opinionpublica.com.ar\/index\/author\/rking\/"},"category_info":"<a href=\"https:\/\/opinionpublica.com.ar\/index\/category\/tierra-del-fuego\/\" rel=\"category tag\">Tierra del Fuego<\/a>","tag_info":"Tierra del Fuego","comment_count":"0","_links":{"self":[{"href":"https:\/\/opinionpublica.com.ar\/index\/wp-json\/wp\/v2\/posts\/9067","targetHints":{"allow":["GET"]}}],"collection":[{"href":"https:\/\/opinionpublica.com.ar\/index\/wp-json\/wp\/v2\/posts"}],"about":[{"href":"https:\/\/opinionpublica.com.ar\/index\/wp-json\/wp\/v2\/types\/post"}],"author":[{"embeddable":true,"href":"https:\/\/opinionpublica.com.ar\/index\/wp-json\/wp\/v2\/users\/8"}],"replies":[{"embeddable":true,"href":"https:\/\/opinionpublica.com.ar\/index\/wp-json\/wp\/v2\/comments?post=9067"}],"version-history":[{"count":1,"href":"https:\/\/opinionpublica.com.ar\/index\/wp-json\/wp\/v2\/posts\/9067\/revisions"}],"predecessor-version":[{"id":9068,"href":"https:\/\/opinionpublica.com.ar\/index\/wp-json\/wp\/v2\/posts\/9067\/revisions\/9068"}],"wp:featuredmedia":[{"embeddable":true,"href":"https:\/\/opinionpublica.com.ar\/index\/wp-json\/wp\/v2\/media\/2034"}],"wp:attachment":[{"href":"https:\/\/opinionpublica.com.ar\/index\/wp-json\/wp\/v2\/media?parent=9067"}],"wp:term":[{"taxonomy":"category","embeddable":true,"href":"https:\/\/opinionpublica.com.ar\/index\/wp-json\/wp\/v2\/categories?post=9067"},{"taxonomy":"post_tag","embeddable":true,"href":"https:\/\/opinionpublica.com.ar\/index\/wp-json\/wp\/v2\/tags?post=9067"}],"curies":[{"name":"wp","href":"https:\/\/api.w.org\/{rel}","templated":true}]}}