{"id":9072,"date":"2025-03-20T14:17:34","date_gmt":"2025-03-20T17:17:34","guid":{"rendered":"https:\/\/opinionpublica.com.ar\/index\/?p=9072"},"modified":"2025-03-20T17:56:04","modified_gmt":"2025-03-20T20:56:04","slug":"dia-del-derecho-al-nino-por-nacer","status":"publish","type":"post","link":"https:\/\/opinionpublica.com.ar\/index\/dia-del-derecho-al-nino-por-nacer\/","title":{"rendered":"Derecho a Nacer"},"content":{"rendered":"<p><strong>Derecho a Nacer<\/strong><\/p>\n<p>SABADO 29 de marzo<br \/>\n15:00 hs<br \/>\nPaseo de las Rosas<\/p>\n<p>Nos reunimos para conmemorar y defender el derecho a la vida desde la concepci\u00f3n. Porque cada vida cuenta, porque la vida no se debate, \u00a1se defiende!<\/p>\n<p>&nbsp;<\/p>\n<p><a href=\"https:\/\/opinionpublica.com.ar\/index\/wp-content\/uploads\/2025\/03\/IMG-20250319-WA0057.jpg\"><img fetchpriority=\"high\" decoding=\"async\" class=\"alignnone size-full wp-image-9073\" src=\"https:\/\/opinionpublica.com.ar\/index\/wp-content\/uploads\/2025\/03\/IMG-20250319-WA0057.jpg\" alt=\"\" width=\"1083\" height=\"1600\" srcset=\"https:\/\/opinionpublica.com.ar\/index\/wp-content\/uploads\/2025\/03\/IMG-20250319-WA0057.jpg 1083w, https:\/\/opinionpublica.com.ar\/index\/wp-content\/uploads\/2025\/03\/IMG-20250319-WA0057-203x300.jpg 203w, https:\/\/opinionpublica.com.ar\/index\/wp-content\/uploads\/2025\/03\/IMG-20250319-WA0057-693x1024.jpg 693w, https:\/\/opinionpublica.com.ar\/index\/wp-content\/uploads\/2025\/03\/IMG-20250319-WA0057-768x1135.jpg 768w, https:\/\/opinionpublica.com.ar\/index\/wp-content\/uploads\/2025\/03\/IMG-20250319-WA0057-1040x1536.jpg 1040w, https:\/\/opinionpublica.com.ar\/index\/wp-content\/uploads\/2025\/03\/IMG-20250319-WA0057-1024x1513.jpg 1024w\" sizes=\"(max-width: 1083px) 100vw, 1083px\" \/><\/a>Sumate con tu bandera celeste, tu cartel y tu voz. \u00a1Te esperamos!<\/p>\n<p><strong>El 25 de marzo es el D\u00eda del Ni\u00f1o por Nacer en Argentina.<\/strong><\/p>\n<p>La mesa provida de Ushuaia convoca a participar de una nueva edici\u00f3n de la Marcha Por la Vida, en conmemoraci\u00f3n del d\u00eda del ni\u00f1o por nacer, celebrado en Argentina cada 25 de marzo y en defensa del derecho a la vida desde la concepci\u00f3n hasta la muerte natural\u201d.<\/p>\n<p>&nbsp;<\/p>\n<p>#DerechoAlNi\u00f1oPorNacer #SalvemosLas2Vidas #UshuaiaEsCeleste #CadaVidaCuenta<\/p>\n","protected":false},"excerpt":{"rendered":"<p>Derecho a Nacer SABADO 29 de marzo 15:00 hs Paseo de las Rosas Nos reunimos para conmemorar y<\/p>\n","protected":false},"author":8,"featured_media":9073,"comment_status":"open","ping_status":"open","sticky":false,"template":"","format":"standard","meta":{"footnotes":""},"categories":[21],"tags":[3328,3329,3330,3327],"class_list":["post-9072","post","type-post","status-publish","format-standard","has-post-thumbnail","hentry","category-ushuaia","tag-cadavidacuenta","tag-derechoalninopornacer","tag-salvemoslas2vidas","tag-ushuaiaesceleste"],"featured_image_urls":{"full":["https:\/\/opinionpublica.com.ar\/index\/wp-content\/uploads\/2025\/03\/IMG-20250319-WA0057.jpg",1083,1600,false],"thumbnail":["https:\/\/opinionpublica.com.ar\/index\/wp-content\/uploads\/2025\/03\/IMG-20250319-WA0057-150x150.jpg",150,150,true],"medium":["https:\/\/opinionpublica.com.ar\/index\/wp-content\/uploads\/2025\/03\/IMG-20250319-WA0057-203x300.jpg",203,300,true],"medium_large":["https:\/\/opinionpublica.com.ar\/index\/wp-content\/uploads\/2025\/03\/IMG-20250319-WA0057-768x1135.jpg",640,946,true],"large":["https:\/\/opinionpublica.com.ar\/index\/wp-content\/uploads\/2025\/03\/IMG-20250319-WA0057-693x1024.jpg",640,946,true],"1536x1536":["https:\/\/opinionpublica.com.ar\/index\/wp-content\/uploads\/2025\/03\/IMG-20250319-WA0057-1040x1536.jpg",1040,1536,true],"2048x2048":["https:\/\/opinionpublica.com.ar\/index\/wp-content\/uploads\/2025\/03\/IMG-20250319-WA0057.jpg",1083,1600,false],"morenews-large":["https:\/\/opinionpublica.com.ar\/index\/wp-content\/uploads\/2025\/03\/IMG-20250319-WA0057-825x575.jpg",825,575,true],"morenews-medium":["https:\/\/opinionpublica.com.ar\/index\/wp-content\/uploads\/2025\/03\/IMG-20250319-WA0057-590x410.jpg",590,410,true]},"author_info":{"display_name":"RKing","author_link":"https:\/\/opinionpublica.com.ar\/index\/author\/rking\/"},"category_info":"<a href=\"https:\/\/opinionpublica.com.ar\/index\/category\/ushuaia\/\" rel=\"category tag\">Ushuaia<\/a>","tag_info":"Ushuaia","comment_count":"0","_links":{"self":[{"href":"https:\/\/opinionpublica.com.ar\/index\/wp-json\/wp\/v2\/posts\/9072","targetHints":{"allow":["GET"]}}],"collection":[{"href":"https:\/\/opinionpublica.com.ar\/index\/wp-json\/wp\/v2\/posts"}],"about":[{"href":"https:\/\/opinionpublica.com.ar\/index\/wp-json\/wp\/v2\/types\/post"}],"author":[{"embeddable":true,"href":"https:\/\/opinionpublica.com.ar\/index\/wp-json\/wp\/v2\/users\/8"}],"replies":[{"embeddable":true,"href":"https:\/\/opinionpublica.com.ar\/index\/wp-json\/wp\/v2\/comments?post=9072"}],"version-history":[{"count":5,"href":"https:\/\/opinionpublica.com.ar\/index\/wp-json\/wp\/v2\/posts\/9072\/revisions"}],"predecessor-version":[{"id":9078,"href":"https:\/\/opinionpublica.com.ar\/index\/wp-json\/wp\/v2\/posts\/9072\/revisions\/9078"}],"wp:featuredmedia":[{"embeddable":true,"href":"https:\/\/opinionpublica.com.ar\/index\/wp-json\/wp\/v2\/media\/9073"}],"wp:attachment":[{"href":"https:\/\/opinionpublica.com.ar\/index\/wp-json\/wp\/v2\/media?parent=9072"}],"wp:term":[{"taxonomy":"category","embeddable":true,"href":"https:\/\/opinionpublica.com.ar\/index\/wp-json\/wp\/v2\/categories?post=9072"},{"taxonomy":"post_tag","embeddable":true,"href":"https:\/\/opinionpublica.com.ar\/index\/wp-json\/wp\/v2\/tags?post=9072"}],"curies":[{"name":"wp","href":"https:\/\/api.w.org\/{rel}","templated":true}]}}