{"id":9079,"date":"2025-03-25T09:28:27","date_gmt":"2025-03-25T12:28:27","guid":{"rendered":"https:\/\/opinionpublica.com.ar\/index\/?p=9079"},"modified":"2025-03-25T09:28:27","modified_gmt":"2025-03-25T12:28:27","slug":"el-intendente-perez-anuncio-el-avance-de-una-nueva-urbanizacion-de-600-lotes-en-rio-grande","status":"publish","type":"post","link":"https:\/\/opinionpublica.com.ar\/index\/el-intendente-perez-anuncio-el-avance-de-una-nueva-urbanizacion-de-600-lotes-en-rio-grande\/","title":{"rendered":"El intendente Perez anunci\u00f3 el avance de una nueva urbanizaci\u00f3n de 600 lotes en R\u00edo Grande"},"content":{"rendered":"<div class=\"pt3p pb3p g11 flr\">\n<p class=\"ffalt ctitle fz43 mb20 bold\"><strong>El intendente Perez anunci\u00f3 el avance de una nueva urbanizaci\u00f3n de 600 lotes en R\u00edo Grande<\/strong><\/p>\n<p class=\"arial ctext fz18 lh25\">Se trata de un proyecto de 600 lotes con servicios ubicados en Chacra XII, detr\u00e1s del barrio &#8216;Malvinas Argentinas&#8217;, que adem\u00e1s contempla reservas fiscales y espacios verdes.<\/p>\n<\/div>\n<section id=\"galeria-noticia\" class=\" g11 flr\">\n<div class=\"bx-wrapper\">\n<p><a href=\"https:\/\/opinionpublica.com.ar\/index\/wp-content\/uploads\/2025\/03\/20250325005326_w1261qn9kt0bvd26pjltnwk-martin-perez.jpg\"><img fetchpriority=\"high\" decoding=\"async\" class=\"alignnone size-full wp-image-9080\" src=\"https:\/\/opinionpublica.com.ar\/index\/wp-content\/uploads\/2025\/03\/20250325005326_w1261qn9kt0bvd26pjltnwk-martin-perez.jpg\" alt=\"\" width=\"880\" height=\"586\" srcset=\"https:\/\/opinionpublica.com.ar\/index\/wp-content\/uploads\/2025\/03\/20250325005326_w1261qn9kt0bvd26pjltnwk-martin-perez.jpg 880w, https:\/\/opinionpublica.com.ar\/index\/wp-content\/uploads\/2025\/03\/20250325005326_w1261qn9kt0bvd26pjltnwk-martin-perez-300x200.jpg 300w, https:\/\/opinionpublica.com.ar\/index\/wp-content\/uploads\/2025\/03\/20250325005326_w1261qn9kt0bvd26pjltnwk-martin-perez-768x511.jpg 768w\" sizes=\"(max-width: 880px) 100vw, 880px\" \/><\/a><\/p>\n<\/div>\n<\/section>\n<div class=\"flr g10 arial ctext fz16 lh26 mb20\">\n<div class=\"wysiwyg mb15\">\n<p>El intendente\u00a0<b>Mart\u00edn Perez<\/b>\u00a0anunci\u00f3 el avance de una\u00a0<b>nueva urbanizaci\u00f3n de 600 lotes con servicios ubicados en Chacra XII<\/b>, detr\u00e1s del barrio \u2018Malvinas Argentinas\u2019, proyecto que adem\u00e1s contempla reservas fiscales y espacios verdes.<\/p>\n<p>El anuncio se dio en el marco de la entrega de 35 lotes con servicios y 30 escrituras p\u00fablicas y carpetas de obligaciones cumplidas a familias de la ciudad.<\/p>\n<p>En su discurso, Perez destac\u00f3 que esta nueva urbanizaci\u00f3n es posible a partir de \u201c<b>un acuerdo p\u00fablico-privado, por eso quiero agradecer al due\u00f1o de las 36 hect\u00e1reas que confi\u00f3 en nosotros y puso a disposici\u00f3n del Municipio esas tierras sin uso<\/b>\u201d.<\/p>\n<p>\u201c<b>Es muy importante que podamos entre todos darles valor a esas tierras. Que las tengan quienes las tienen que tener: las familias que lo necesitan<\/b>\u201d, afirm\u00f3.<\/p>\n<p>El Intendente dijo que desde el Municipio \u201c<b>estamos muy contentos de que podemos seguir construyendo arraigo en nuestro suelo<\/b>\u201d, asegurando que \u201c<b>muy pronto tendremos disponibles 600 lotes para todos los riograndenses, para seguir dando respuestas a la demanda habitacional, apuntalando el desarrollo de nuestra ciudad de una manera planificada y con la infraestructura necesaria para garantizar una vida digna<\/b>\u00ab.<\/p>\n<p>Asimismo, Perez resalt\u00f3 que \u201c<b>llevamos entregando m\u00e1s de 350 lotes con servicios durante nuestra gesti\u00f3n<\/b>\u201d, por lo que \u201c<b>es un orgullo porque significa un proyecto de vida para cada familia que recibi\u00f3 esa tierra<\/b>\u201d.<\/p>\n<p>&nbsp;<\/p>\n<\/div>\n<\/div>\n","protected":false},"excerpt":{"rendered":"<p>El intendente Perez anunci\u00f3 el avance de una nueva urbanizaci\u00f3n de 600 lotes en R\u00edo Grande Se trata<\/p>\n","protected":false},"author":8,"featured_media":0,"comment_status":"open","ping_status":"open","sticky":false,"template":"","format":"standard","meta":{"footnotes":""},"categories":[25],"tags":[3331,260,3332],"class_list":["post-9079","post","type-post","status-publish","format-standard","hentry","category-rio-grande","tag-chacra-xii","tag-martin-perez","tag-urbanizacion"],"featured_image_urls":{"full":"","thumbnail":"","medium":"","medium_large":"","large":"","1536x1536":"","2048x2048":"","morenews-large":"","morenews-medium":""},"author_info":{"display_name":"RKing","author_link":"https:\/\/opinionpublica.com.ar\/index\/author\/rking\/"},"category_info":"<a href=\"https:\/\/opinionpublica.com.ar\/index\/category\/rio-grande\/\" rel=\"category tag\">Rio Grande<\/a>","tag_info":"Rio Grande","comment_count":"0","_links":{"self":[{"href":"https:\/\/opinionpublica.com.ar\/index\/wp-json\/wp\/v2\/posts\/9079","targetHints":{"allow":["GET"]}}],"collection":[{"href":"https:\/\/opinionpublica.com.ar\/index\/wp-json\/wp\/v2\/posts"}],"about":[{"href":"https:\/\/opinionpublica.com.ar\/index\/wp-json\/wp\/v2\/types\/post"}],"author":[{"embeddable":true,"href":"https:\/\/opinionpublica.com.ar\/index\/wp-json\/wp\/v2\/users\/8"}],"replies":[{"embeddable":true,"href":"https:\/\/opinionpublica.com.ar\/index\/wp-json\/wp\/v2\/comments?post=9079"}],"version-history":[{"count":2,"href":"https:\/\/opinionpublica.com.ar\/index\/wp-json\/wp\/v2\/posts\/9079\/revisions"}],"predecessor-version":[{"id":9082,"href":"https:\/\/opinionpublica.com.ar\/index\/wp-json\/wp\/v2\/posts\/9079\/revisions\/9082"}],"wp:attachment":[{"href":"https:\/\/opinionpublica.com.ar\/index\/wp-json\/wp\/v2\/media?parent=9079"}],"wp:term":[{"taxonomy":"category","embeddable":true,"href":"https:\/\/opinionpublica.com.ar\/index\/wp-json\/wp\/v2\/categories?post=9079"},{"taxonomy":"post_tag","embeddable":true,"href":"https:\/\/opinionpublica.com.ar\/index\/wp-json\/wp\/v2\/tags?post=9079"}],"curies":[{"name":"wp","href":"https:\/\/api.w.org\/{rel}","templated":true}]}}