{"id":9083,"date":"2025-03-25T09:37:10","date_gmt":"2025-03-25T12:37:10","guid":{"rendered":"https:\/\/opinionpublica.com.ar\/index\/?p=9083"},"modified":"2025-03-25T09:37:10","modified_gmt":"2025-03-25T12:37:10","slug":"corte-de-energia-en-gran-parte-de-ushuaia","status":"publish","type":"post","link":"https:\/\/opinionpublica.com.ar\/index\/corte-de-energia-en-gran-parte-de-ushuaia\/","title":{"rendered":"Corte de energ\u00eda en gran parte de Ushuaia"},"content":{"rendered":"<h3 class=\"titulo_individual_noticia\">Corte de energ\u00eda en gran parte de Ushuaia<\/h3>\n<div class=\"copete_individual_noticia\">Las zonas centro y oeste de la ciudad se vieron afectadas durante toda la tarde del viernes por un cese del servicio que presta la DPE. El problema surgi\u00f3 luego de que explotara un transformador generando inconveniente en el centro de distribuci\u00f3n. La actividad comercial se vio resentida.<\/div>\n<div><a href=\"https:\/\/opinionpublica.com.ar\/index\/wp-content\/uploads\/2024\/06\/ushuaia-sin-luz.jpeg\"><img fetchpriority=\"high\" decoding=\"async\" class=\"alignnone size-full wp-image-4223\" src=\"https:\/\/opinionpublica.com.ar\/index\/wp-content\/uploads\/2024\/06\/ushuaia-sin-luz.jpeg\" alt=\"\" width=\"828\" height=\"548\" srcset=\"https:\/\/opinionpublica.com.ar\/index\/wp-content\/uploads\/2024\/06\/ushuaia-sin-luz.jpeg 828w, https:\/\/opinionpublica.com.ar\/index\/wp-content\/uploads\/2024\/06\/ushuaia-sin-luz-300x199.jpeg 300w, https:\/\/opinionpublica.com.ar\/index\/wp-content\/uploads\/2024\/06\/ushuaia-sin-luz-768x508.jpeg 768w\" sizes=\"(max-width: 828px) 100vw, 828px\" \/><\/a><\/div>\n<div class=\"clear_both\"><\/div>\n<div class=\"contenido_individual_noticia\">\n<div class=\"contenedor_primera_letra_individual_noticia\">Este viernes gran parte de la ciudad de Ushuaia se vio afectada por un corte de energ\u00eda que se produjo luego del mediod\u00eda.<\/div>\n<p>A trav\u00e9s de un comunicado, la Direcci\u00f3n Provincial de Energ\u00eda inform\u00f3 que el corte del servicio tuvo su origen en la explosi\u00f3n de un transformador ubicado en la zona del puerto. Esto afect\u00f3 el centro de distribuci\u00f3n y mantuvo sin suministro a numerosos barrios durante toda la tarde.<\/p>\n<p>El corte de suministro afect\u00f3 a las zonas centro y oeste de la ciudad e interfiri\u00f3 en el desarrollo normal de la actividad comercial y en la suspensi\u00f3n de diversas actividades. La mayor\u00eda de los comercios de la zona c\u00e9ntrica debieron cerrar sus puertas excepto unos pocos que disponen de equipo generador propio. Asimismo se suspendieron encuentros pautados en algunos gimnasios como el Ana Gir\u00f3.<\/p>\n<p>El equipo de la DPE trabaj\u00f3 durante toda la jornada para restablecer el servicio. Se pudo ver a personal interviniendo en el sector portuario y tambi\u00e9n en intersecci\u00f3n de Magallanes y 25 de Mayo.<\/p>\n<p>El suministro se fue restableciendo paulatinamente en los diferentes barrios y pasadas las 19 horas, la restituci\u00f3n fue total.<\/p>\n<p>Cabe mencionar que alrededor de las 9.50 horas, de este domingo la zona centro sufri\u00f3 un nuevo corte de energ\u00eda que, seg\u00fan comunic\u00f3 la DPE, se debi\u00f3 a un desperfecto aunque no precis\u00f3 m\u00e1s detalles ni si \u00e9ste estar\u00eda vinculado al suceso del viernes.\u00a0 Personal de la dependencia realiz\u00f3 las reparaciones correspondientes que duraron una hora aproximadamente.<\/p>\n<p>&nbsp;<\/p>\n<\/div>\n","protected":false},"excerpt":{"rendered":"<p>Corte de energ\u00eda en gran parte de Ushuaia Las zonas centro y oeste de la ciudad se vieron<\/p>\n","protected":false},"author":8,"featured_media":2647,"comment_status":"open","ping_status":"open","sticky":false,"template":"","format":"standard","meta":{"footnotes":""},"categories":[21],"tags":[3333,998],"class_list":["post-9083","post","type-post","status-publish","format-standard","has-post-thumbnail","hentry","category-ushuaia","tag-corte-de-energia","tag-dpe"],"featured_image_urls":{"full":["https:\/\/opinionpublica.com.ar\/index\/wp-content\/uploads\/2024\/05\/sin-luz.jpg",990,557,false],"thumbnail":["https:\/\/opinionpublica.com.ar\/index\/wp-content\/uploads\/2024\/05\/sin-luz-150x150.jpg",150,150,true],"medium":["https:\/\/opinionpublica.com.ar\/index\/wp-content\/uploads\/2024\/05\/sin-luz-300x169.jpg",300,169,true],"medium_large":["https:\/\/opinionpublica.com.ar\/index\/wp-content\/uploads\/2024\/05\/sin-luz-768x432.jpg",640,360,true],"large":["https:\/\/opinionpublica.com.ar\/index\/wp-content\/uploads\/2024\/05\/sin-luz.jpg",640,360,false],"1536x1536":["https:\/\/opinionpublica.com.ar\/index\/wp-content\/uploads\/2024\/05\/sin-luz.jpg",990,557,false],"2048x2048":["https:\/\/opinionpublica.com.ar\/index\/wp-content\/uploads\/2024\/05\/sin-luz.jpg",990,557,false],"morenews-large":["https:\/\/opinionpublica.com.ar\/index\/wp-content\/uploads\/2024\/05\/sin-luz-825x557.jpg",825,557,true],"morenews-medium":["https:\/\/opinionpublica.com.ar\/index\/wp-content\/uploads\/2024\/05\/sin-luz-590x410.jpg",590,410,true]},"author_info":{"display_name":"RKing","author_link":"https:\/\/opinionpublica.com.ar\/index\/author\/rking\/"},"category_info":"<a href=\"https:\/\/opinionpublica.com.ar\/index\/category\/ushuaia\/\" rel=\"category tag\">Ushuaia<\/a>","tag_info":"Ushuaia","comment_count":"0","_links":{"self":[{"href":"https:\/\/opinionpublica.com.ar\/index\/wp-json\/wp\/v2\/posts\/9083","targetHints":{"allow":["GET"]}}],"collection":[{"href":"https:\/\/opinionpublica.com.ar\/index\/wp-json\/wp\/v2\/posts"}],"about":[{"href":"https:\/\/opinionpublica.com.ar\/index\/wp-json\/wp\/v2\/types\/post"}],"author":[{"embeddable":true,"href":"https:\/\/opinionpublica.com.ar\/index\/wp-json\/wp\/v2\/users\/8"}],"replies":[{"embeddable":true,"href":"https:\/\/opinionpublica.com.ar\/index\/wp-json\/wp\/v2\/comments?post=9083"}],"version-history":[{"count":1,"href":"https:\/\/opinionpublica.com.ar\/index\/wp-json\/wp\/v2\/posts\/9083\/revisions"}],"predecessor-version":[{"id":9084,"href":"https:\/\/opinionpublica.com.ar\/index\/wp-json\/wp\/v2\/posts\/9083\/revisions\/9084"}],"wp:featuredmedia":[{"embeddable":true,"href":"https:\/\/opinionpublica.com.ar\/index\/wp-json\/wp\/v2\/media\/2647"}],"wp:attachment":[{"href":"https:\/\/opinionpublica.com.ar\/index\/wp-json\/wp\/v2\/media?parent=9083"}],"wp:term":[{"taxonomy":"category","embeddable":true,"href":"https:\/\/opinionpublica.com.ar\/index\/wp-json\/wp\/v2\/categories?post=9083"},{"taxonomy":"post_tag","embeddable":true,"href":"https:\/\/opinionpublica.com.ar\/index\/wp-json\/wp\/v2\/tags?post=9083"}],"curies":[{"name":"wp","href":"https:\/\/api.w.org\/{rel}","templated":true}]}}