{"id":9085,"date":"2025-03-25T09:47:10","date_gmt":"2025-03-25T12:47:10","guid":{"rendered":"https:\/\/opinionpublica.com.ar\/index\/?p=9085"},"modified":"2025-03-25T09:47:10","modified_gmt":"2025-03-25T12:47:10","slug":"quienes-manejan-terra-ignis-la-empresa-estatal-que-busca-ocupar-el-lugar-de-ypf","status":"publish","type":"post","link":"https:\/\/opinionpublica.com.ar\/index\/quienes-manejan-terra-ignis-la-empresa-estatal-que-busca-ocupar-el-lugar-de-ypf\/","title":{"rendered":"Qui\u00e9nes manejan Terra Ignis, la empresa estatal que busca ocupar el lugar de YPF"},"content":{"rendered":"<header class=\"news-headline\">\n<p class=\"news-headline__title\"><strong>Qui\u00e9nes manejan Terra Ignis, la empresa estatal que busca ocupar el lugar de YPF<\/strong><\/p>\n<p class=\"ignore-parser\">El gobernador Melella est\u00e1 en conversaciones con la petrolera nacional. El directorio, entre alfiles oficialistas y cr\u00edticas expertas. El rol de las privadas.<\/p>\n<p class=\"ignore-parser\"><a href=\"https:\/\/opinionpublica.com.ar\/index\/wp-content\/uploads\/2025\/03\/melella-petroleo.webp\"><img fetchpriority=\"high\" decoding=\"async\" class=\"alignnone size-full wp-image-9086\" src=\"https:\/\/opinionpublica.com.ar\/index\/wp-content\/uploads\/2025\/03\/melella-petroleo.webp\" alt=\"\" width=\"790\" height=\"456\" srcset=\"https:\/\/opinionpublica.com.ar\/index\/wp-content\/uploads\/2025\/03\/melella-petroleo.webp 790w, https:\/\/opinionpublica.com.ar\/index\/wp-content\/uploads\/2025\/03\/melella-petroleo-300x173.webp 300w, https:\/\/opinionpublica.com.ar\/index\/wp-content\/uploads\/2025\/03\/melella-petroleo-768x443.webp 768w\" sizes=\"(max-width: 790px) 100vw, 790px\" \/><\/a><\/p>\n<\/header>\n<div class=\"row\">\n<div class=\"col-12 col-lg-8\">\n<div class=\"detail-gallery\">\n<div class=\"detail-gallery__slide-wrapper\">\n<div class=\"detail-gallery__caption \">\n<p>El gobernador de Tierra del Fuego, Gustavo Melella, de recorrida por pozos petroleros.<\/p>\n<\/div>\n<\/div>\n<\/div>\n<article class=\"article-body article-body--first-paragraph\" data-td-script-src=\"https:\/\/www.letrap.com.ar\/js-custom\/vendor\/jquery\/jquery-3.6.0.min-min-version-1742875561.js\">El gobernador de\u00a0<strong>Tierra del Fuego<\/strong>,\u00a0<strong>Gustavo Melella<\/strong>, revel\u00f3 en la\u00a0apertura de sesiones de la Legislatura\u00a0que est\u00e1 en conversaciones avanzadas con\u00a0<strong>YPF<\/strong>\u00a0para que la empresa provincial\u00a0<strong>Terra Ignis\u00a0<\/strong>se haga cargo de la operaci\u00f3n de \u00e1reas estrat\u00e9gicas de hidrocarburos que\u00a0la petrolera de bandera est\u00e1 abandonando para enfocar su producci\u00f3n\u00a0en\u00a0<strong>Vaca Muerta<\/strong>. un hotel de lujo en Tierra del Fuego<\/p>\n<\/article>\n<section class=\"recommended-news\">\n<div class=\"recommended-news__news-wrapper\">\n<article class=\"recommended-news__article\">\n<div class=\"recommended-news__info-wrapper\">\n<div class=\"news-article__journalist \">\n<div class=\"news-article__journalist-wrapper names\"><\/div>\n<\/div>\n<\/div>\n<\/article>\n<\/div>\n<\/section>\n<article class=\"article-body article-body--second-paragraph\">La empresa de hidrocarburos nacional vender\u00e1 sus yacimientos en casi toda la\u00a0<strong>Patagonia<\/strong>, . En la isla, YPF opera en cinco \u00e1reas estrat\u00e9gicas que, de pasar a manos de la provincia, resultar\u00edan claves para el desarrollo energ\u00e9tico y para alcanzar autonom\u00eda en la gesti\u00f3n de sus recursos naturales.<\/p>\n<\/article>\n<article class=\"article-body article-body--third-paragraph\">\n<h2>Los nombres detr\u00e1s de Terra Ignis<\/h2>\n<p><strong>Terra Ignis Petr\u00f3leo &amp; Gas Sociedad An\u00f3nima Unipersonal\u00a0<\/strong>fue creada en 2022 con un capital social original de 300 millones de pesos, de los cuales el 90% corresponde a la provincia y el 10% restante a la Agencia de Recaudaci\u00f3n Fueguina (AREF).<\/p>\n<p><a href=\"https:\/\/opinionpublica.com.ar\/index\/wp-content\/uploads\/2025\/01\/Importante-descubrimiento-de-petroleo-y-gas-convencional-de-YPF-en-Santa-Cruz-863.jpg\"><img decoding=\"async\" class=\"alignnone size-full wp-image-8133\" src=\"https:\/\/opinionpublica.com.ar\/index\/wp-content\/uploads\/2025\/01\/Importante-descubrimiento-de-petroleo-y-gas-convencional-de-YPF-en-Santa-Cruz-863.jpg\" alt=\"\" width=\"863\" height=\"519\" srcset=\"https:\/\/opinionpublica.com.ar\/index\/wp-content\/uploads\/2025\/01\/Importante-descubrimiento-de-petroleo-y-gas-convencional-de-YPF-en-Santa-Cruz-863.jpg 863w, https:\/\/opinionpublica.com.ar\/index\/wp-content\/uploads\/2025\/01\/Importante-descubrimiento-de-petroleo-y-gas-convencional-de-YPF-en-Santa-Cruz-863-300x180.jpg 300w, https:\/\/opinionpublica.com.ar\/index\/wp-content\/uploads\/2025\/01\/Importante-descubrimiento-de-petroleo-y-gas-convencional-de-YPF-en-Santa-Cruz-863-768x462.jpg 768w\" sizes=\"(max-width: 863px) 100vw, 863px\" \/><\/a><\/p>\n<\/article>\n<article class=\"article-body article-body--fourth-paragraph\">Actualmente es administrada por un directorio encabezado por\u00a0<strong>Maximiliano D\u2019Alessio<\/strong>, funcionario de confianza del gobernador Melella. D\u2019Alessio tambi\u00e9n es secretario de Representaci\u00f3n Oficial de Gobierno en la Ciudad de Buenos Aires y adem\u00e1s director del Fondo de Ampliaci\u00f3n de la Matriz Productiva Fueguina (FAMP-Fueguina).<\/p>\n<\/article>\n<article class=\"article-body article-body--fifth-paragraph\">D\u2019Alessio asumi\u00f3 en el cargo en abril de 2024 tras la renuncia de\u00a0<strong>Rub\u00e9n Etcheverry<\/strong>,\u00a0el superministro de Planificaci\u00f3n, Innovaci\u00f3n y Modernizaci\u00f3n de la provincia de Neuqu\u00e9n.<\/p>\n<\/article>\n<article class=\"article-body article-body--sixth-paragraph\">El resto del directorio tiene como director titular a\u00a0<strong>Carlos Claudio Carrera<\/strong>, ex ministro de Trabajo de los gobernadores\u00a0<strong>Rosana Bertone\u00a0<\/strong>y\u00a0<strong>Carlos Manfredotti<\/strong>, y marido de la legisladora oficialista\u00a0<strong>Myriam Mart\u00ednez\u00a0<\/strong>(FORJA).\u00a0<strong>Lautaro Saiman<\/strong>, consejero del PJ provincial que maneja el intendente de Ushuaia,\u00a0<strong>Walter Vuoto<\/strong>; y\u00a0<strong>Nancy Gra\u00f1a<\/strong>, del radicalismo ushuaiense, son directores suplentes.<\/p>\n<p>Como s\u00edndicos titular y suplente fueron nombrados la abogada\u00a0<strong>Mar\u00eda Elena Guerrero<\/strong>, prosecretaria del Superior Tribunal de Justicia; y\u00a0<strong>Pablo Emanuel Pallotto<\/strong>, abogado de R\u00edo Grande.\u00a0En sinton\u00eda con los movimientos que Melella viene realizando en v\u00edsperas de la campa\u00f1a electoral, el oficialismo busca revocar ambas designaciones y en su reemplazo designar a los abogados\u00a0<strong>Gonzalo Zeni\u00a0<\/strong>y\u00a0<strong>Mauro De Los Santos<\/strong>.<\/p>\n<p>La Legislatura fueguina a\u00fan no puso en marcha estos cambios. Tampoco inici\u00f3 el proceso para cubrir la vacante que dej\u00f3 en 2024 el dirigente radical de R\u00edo Grande<strong>\u00a0Fernando Gliubich\u00a0<\/strong>como director titular.<\/p>\n<h2>Sin capacidad operativa<\/h2>\n<p>Pese a que se constituy\u00f3 su directorio, Terra Ignis no est\u00e1 actualmente en operaci\u00f3n y son pocas las voces en la isla que creen que podr\u00eda hacerse cargo de los pozos que abandonar\u00e1 YPF. \u201cLa empresa no tiene capacidad operativa y en su directorio\u00a0<strong>no hay nadie que conozca de petr\u00f3leo<\/strong>. Puede llegar a ser un\u00a0<strong>pasamanos\u00a0<\/strong>con otras operaciones\u201d, le dijo a\u00a0<strong>Letra P\u00a0<\/strong>un especialista en la materia.<\/p>\n<p>\u201cDe los pasivos ambientales y c\u00f3mo se est\u00e1n negociando, el directorio no tiene idea\u201d, a\u00f1adi\u00f3 categ\u00f3rico.<\/p>\n<p>En esta misma l\u00ednea se expresaron los sindicatos petroleros. \u201cTerra Ignis va a ser un controlador de la empresa que venga a operar en el sector que hoy tiene YPF. Va a tener que ser el agente de control que necesita la provincia\u201d, expres\u00f3 en\u00a0<em>FM La Isla\u00a0<\/em>el secretario general del gremio de petroleros privados,\u00a0<strong>Luis Sosa<\/strong>.<\/p>\n<h2>Qui\u00e9nes operan en Tierra del Fuego<\/h2>\n<p>Las operaciones m\u00e1s importantes que tiene YPF en Tierra del Fuego est\u00e1n ubicadas en la zona norte de la isla grande e incluyen la planta de procesamiento San Sebasti\u00e1n, la planta de almacenamiento Cruz del Sur, la cabecera del Gasoducto General San Mart\u00edn y el gasoducto Fueguino, adem\u00e1s de las \u00e1reas CA-12 1 y 2, ubicadas en el centro de la isla.<\/p>\n<p>Mientras en la provincia se pone en duda cu\u00e1l ser\u00e1 el rol de la empresa estatal, el sector mira a las multinacionales que operan en Tierra del Fuego. Son\u00a0<strong>Roch<\/strong>,\u00a0<strong>Total<\/strong>,\u00a0<strong>Pan American Energy<\/strong>,\u00a0<strong>Wintershall\u00a0<\/strong>y\u00a0<strong>Enap Sipetrol<\/strong>. Entre las dos primeras e YPF re\u00fanen m\u00e1s de 1.400 trabajadores petroleros.<\/p>\n<p>Seg\u00fan reza el acta de su constituci\u00f3n, Terra Ignis debe contar con una participaci\u00f3n accionaria estatal nunca inferior al 51% y podr\u00e1 dedicarse por s\u00ed, o asociada con otras empresas, a la exploraci\u00f3n, explotaci\u00f3n, industrializaci\u00f3n, transporte y comercializaci\u00f3n de hidrocarburos, gas y energ\u00edas renovables.<\/p>\n<p>A su vez, tiene prioridad en el otorgamiento de concesiones sobre \u00e1reas hidrocarbur\u00edferas provinciales no concesionadas o revertidas, y est\u00e1 habilitada para realizar obras de redes troncales o de distribuci\u00f3n de gas.<\/p>\n<p>&nbsp;<\/p>\n<\/article>\n<\/div>\n<\/div>\n","protected":false},"excerpt":{"rendered":"<p>Qui\u00e9nes manejan Terra Ignis, la empresa estatal que busca ocupar el lugar de YPF El gobernador Melella est\u00e1<\/p>\n","protected":false},"author":8,"featured_media":7301,"comment_status":"open","ping_status":"open","sticky":false,"template":"","format":"standard","meta":{"footnotes":""},"categories":[2],"tags":[134,31,747,272,379],"class_list":["post-9085","post","type-post","status-publish","format-standard","has-post-thumbnail","hentry","category-tierra-del-fuego","tag-gustavo-melella","tag-patagonia","tag-terra-ignis","tag-vaca-muerta","tag-ypf"],"featured_image_urls":{"full":["https:\/\/opinionpublica.com.ar\/index\/wp-content\/uploads\/2024\/11\/781750-3a-gasoducto-ypf.jpg",960,540,false],"thumbnail":["https:\/\/opinionpublica.com.ar\/index\/wp-content\/uploads\/2024\/11\/781750-3a-gasoducto-ypf-150x150.jpg",150,150,true],"medium":["https:\/\/opinionpublica.com.ar\/index\/wp-content\/uploads\/2024\/11\/781750-3a-gasoducto-ypf-300x169.jpg",300,169,true],"medium_large":["https:\/\/opinionpublica.com.ar\/index\/wp-content\/uploads\/2024\/11\/781750-3a-gasoducto-ypf-768x432.jpg",640,360,true],"large":["https:\/\/opinionpublica.com.ar\/index\/wp-content\/uploads\/2024\/11\/781750-3a-gasoducto-ypf.jpg",640,360,false],"1536x1536":["https:\/\/opinionpublica.com.ar\/index\/wp-content\/uploads\/2024\/11\/781750-3a-gasoducto-ypf.jpg",960,540,false],"2048x2048":["https:\/\/opinionpublica.com.ar\/index\/wp-content\/uploads\/2024\/11\/781750-3a-gasoducto-ypf.jpg",960,540,false],"morenews-large":["https:\/\/opinionpublica.com.ar\/index\/wp-content\/uploads\/2024\/11\/781750-3a-gasoducto-ypf-825x540.jpg",825,540,true],"morenews-medium":["https:\/\/opinionpublica.com.ar\/index\/wp-content\/uploads\/2024\/11\/781750-3a-gasoducto-ypf-590x410.jpg",590,410,true]},"author_info":{"display_name":"RKing","author_link":"https:\/\/opinionpublica.com.ar\/index\/author\/rking\/"},"category_info":"<a href=\"https:\/\/opinionpublica.com.ar\/index\/category\/tierra-del-fuego\/\" rel=\"category tag\">Tierra del Fuego<\/a>","tag_info":"Tierra del Fuego","comment_count":"0","_links":{"self":[{"href":"https:\/\/opinionpublica.com.ar\/index\/wp-json\/wp\/v2\/posts\/9085","targetHints":{"allow":["GET"]}}],"collection":[{"href":"https:\/\/opinionpublica.com.ar\/index\/wp-json\/wp\/v2\/posts"}],"about":[{"href":"https:\/\/opinionpublica.com.ar\/index\/wp-json\/wp\/v2\/types\/post"}],"author":[{"embeddable":true,"href":"https:\/\/opinionpublica.com.ar\/index\/wp-json\/wp\/v2\/users\/8"}],"replies":[{"embeddable":true,"href":"https:\/\/opinionpublica.com.ar\/index\/wp-json\/wp\/v2\/comments?post=9085"}],"version-history":[{"count":1,"href":"https:\/\/opinionpublica.com.ar\/index\/wp-json\/wp\/v2\/posts\/9085\/revisions"}],"predecessor-version":[{"id":9087,"href":"https:\/\/opinionpublica.com.ar\/index\/wp-json\/wp\/v2\/posts\/9085\/revisions\/9087"}],"wp:featuredmedia":[{"embeddable":true,"href":"https:\/\/opinionpublica.com.ar\/index\/wp-json\/wp\/v2\/media\/7301"}],"wp:attachment":[{"href":"https:\/\/opinionpublica.com.ar\/index\/wp-json\/wp\/v2\/media?parent=9085"}],"wp:term":[{"taxonomy":"category","embeddable":true,"href":"https:\/\/opinionpublica.com.ar\/index\/wp-json\/wp\/v2\/categories?post=9085"},{"taxonomy":"post_tag","embeddable":true,"href":"https:\/\/opinionpublica.com.ar\/index\/wp-json\/wp\/v2\/tags?post=9085"}],"curies":[{"name":"wp","href":"https:\/\/api.w.org\/{rel}","templated":true}]}}