{"id":9092,"date":"2025-03-25T10:06:17","date_gmt":"2025-03-25T13:06:17","guid":{"rendered":"https:\/\/opinionpublica.com.ar\/index\/?p=9092"},"modified":"2025-05-11T15:36:26","modified_gmt":"2025-05-11T18:36:26","slug":"el-partido-arraigo-y-renovacion-lanzo-sus-mesas-tecnicas-en-ushuaia","status":"publish","type":"post","link":"https:\/\/opinionpublica.com.ar\/index\/el-partido-arraigo-y-renovacion-lanzo-sus-mesas-tecnicas-en-ushuaia\/","title":{"rendered":"EL PARTIDO ARRAIGO Y RENOVACI\u00d3N LANZ\u00d3 SUS MESAS TECNICAS EN USHUAIA"},"content":{"rendered":"<p><strong>EL PARTIDO ARRAIGO Y RENOVACI\u00d3N LANZ\u00d3 SUS MESAS TECNICAS EN USHUAIA<\/strong><\/p>\n<p>El Partido Arraigo y Renovaci\u00f3n (PAR) llev\u00f3 adelante este s\u00e1bado el lanzamiento de las mesas t\u00e9cnicas en su nuevo espacio de Ushuaia ante una importante concurrencia de afiliados y cuadros t\u00e9cnicos, All\u00ed el m\u00e1ximo referente del espacio, Gustavo Ventura, en lo que fue un encuentro enfocado en la organizaci\u00f3n interna y participaci\u00f3n de este espacio de desarrollo de pol\u00edticas p\u00fablicas, que elaborar\u00e1n las propuestas de cara al futuro.<\/p>\n<p><a href=\"https:\/\/opinionpublica.com.ar\/index\/wp-content\/uploads\/2025\/03\/b68ddae3-6cad-4c61-a905-bc85cf9fbb9d-gustavo-ventura.jpg\"><img fetchpriority=\"high\" decoding=\"async\" class=\"alignnone size-full wp-image-9093\" src=\"https:\/\/opinionpublica.com.ar\/index\/wp-content\/uploads\/2025\/03\/b68ddae3-6cad-4c61-a905-bc85cf9fbb9d-gustavo-ventura.jpg\" alt=\"\" width=\"1600\" height=\"1407\" srcset=\"https:\/\/opinionpublica.com.ar\/index\/wp-content\/uploads\/2025\/03\/b68ddae3-6cad-4c61-a905-bc85cf9fbb9d-gustavo-ventura.jpg 1600w, https:\/\/opinionpublica.com.ar\/index\/wp-content\/uploads\/2025\/03\/b68ddae3-6cad-4c61-a905-bc85cf9fbb9d-gustavo-ventura-300x264.jpg 300w, https:\/\/opinionpublica.com.ar\/index\/wp-content\/uploads\/2025\/03\/b68ddae3-6cad-4c61-a905-bc85cf9fbb9d-gustavo-ventura-1024x900.jpg 1024w, https:\/\/opinionpublica.com.ar\/index\/wp-content\/uploads\/2025\/03\/b68ddae3-6cad-4c61-a905-bc85cf9fbb9d-gustavo-ventura-768x675.jpg 768w, https:\/\/opinionpublica.com.ar\/index\/wp-content\/uploads\/2025\/03\/b68ddae3-6cad-4c61-a905-bc85cf9fbb9d-gustavo-ventura-1536x1351.jpg 1536w\" sizes=\"(max-width: 1600px) 100vw, 1600px\" \/><\/a><\/p>\n<p>El acto, que congreg\u00f3 a referentes, afiliados y vecinos, se llev\u00f3 adelante en la nueva sede ubicada en 25 de Mayo 296 donde adem\u00e1s se encuentra la Fundaci\u00f3n Argentina Desarrolla, abocada a la formaci\u00f3n y capacitaci\u00f3n gratuita, as\u00ed como la asistencia a la Peque\u00f1a y Mediana Empresa.<\/p>\n<p>All\u00ed, el referente de partido y presidente de la Fundaci\u00f3n Argentina Desarrolla Gustavo Ventura, resalt\u00f3 que \u201cel PAR viene a presentar una alternativa a la pol\u00edtica tradicional, donde trabajadores, empresarios, fuerzas de seguridad, empleados p\u00fablicos y la comunidad en general trabajan de forma transversal para pensar una provincia y una Ushuaia distinta, que con una mirada inclusiva y emp\u00e1tica, sea m\u00e1s austera y logre integrar la labor privada y p\u00fablica\u201d.<\/p>\n<p>En su alocuci\u00f3n, Ventura adelant\u00f3 que \u201ceste es quiz\u00e1s el primer paso visible de un trabajo que venimos haciendo desde hace ya un a\u00f1o, manteniendo reuniones con vecinos y distintos sectores de la ciudad, pensando y proponiendo soluciones para los problemas al que se enfrenta el ushuaiense\u201d.<\/p>\n<p>\u201cEste a\u00f1o proyectamos tambi\u00e9n abrir sedes en R\u00edo Grande y Tolhuin. Este es un espacio pol\u00edtico local, que quiere defender la autonom\u00eda de la provincia y de las ciudades, d\u00e1ndole a la gente un espacio ciento por ciento fueguino que los represente genuinamente, en breve invitaremos a toda la sociedad a participar de lo que ser\u00e1 el acto formal de inauguraci\u00f3n de nuestra sede aqu\u00ed en Ushuaia.\u201d concluy\u00f3 Ventura.<\/p>\n","protected":false},"excerpt":{"rendered":"<p>EL PARTIDO ARRAIGO Y RENOVACI\u00d3N LANZ\u00d3 SUS MESAS TECNICAS EN USHUAIA El Partido Arraigo y Renovaci\u00f3n (PAR) llev\u00f3<\/p>\n","protected":false},"author":8,"featured_media":9093,"comment_status":"open","ping_status":"open","sticky":false,"template":"","format":"standard","meta":{"footnotes":""},"categories":[27,21],"tags":[144,1852,3334],"class_list":["post-9092","post","type-post","status-publish","format-standard","has-post-thumbnail","hentry","category-politica","category-ushuaia","tag-gustavo-ventura","tag-mesas-tecnicas","tag-partido-arraigo-y-renovacion"],"featured_image_urls":{"full":["https:\/\/opinionpublica.com.ar\/index\/wp-content\/uploads\/2025\/03\/b68ddae3-6cad-4c61-a905-bc85cf9fbb9d-gustavo-ventura.jpg",1600,1407,false],"thumbnail":["https:\/\/opinionpublica.com.ar\/index\/wp-content\/uploads\/2025\/03\/b68ddae3-6cad-4c61-a905-bc85cf9fbb9d-gustavo-ventura-150x150.jpg",150,150,true],"medium":["https:\/\/opinionpublica.com.ar\/index\/wp-content\/uploads\/2025\/03\/b68ddae3-6cad-4c61-a905-bc85cf9fbb9d-gustavo-ventura-300x264.jpg",300,264,true],"medium_large":["https:\/\/opinionpublica.com.ar\/index\/wp-content\/uploads\/2025\/03\/b68ddae3-6cad-4c61-a905-bc85cf9fbb9d-gustavo-ventura-768x675.jpg",640,563,true],"large":["https:\/\/opinionpublica.com.ar\/index\/wp-content\/uploads\/2025\/03\/b68ddae3-6cad-4c61-a905-bc85cf9fbb9d-gustavo-ventura-1024x900.jpg",640,563,true],"1536x1536":["https:\/\/opinionpublica.com.ar\/index\/wp-content\/uploads\/2025\/03\/b68ddae3-6cad-4c61-a905-bc85cf9fbb9d-gustavo-ventura-1536x1351.jpg",1536,1351,true],"2048x2048":["https:\/\/opinionpublica.com.ar\/index\/wp-content\/uploads\/2025\/03\/b68ddae3-6cad-4c61-a905-bc85cf9fbb9d-gustavo-ventura.jpg",1600,1407,false],"morenews-large":["https:\/\/opinionpublica.com.ar\/index\/wp-content\/uploads\/2025\/03\/b68ddae3-6cad-4c61-a905-bc85cf9fbb9d-gustavo-ventura-825x575.jpg",825,575,true],"morenews-medium":["https:\/\/opinionpublica.com.ar\/index\/wp-content\/uploads\/2025\/03\/b68ddae3-6cad-4c61-a905-bc85cf9fbb9d-gustavo-ventura-590x410.jpg",590,410,true]},"author_info":{"display_name":"RKing","author_link":"https:\/\/opinionpublica.com.ar\/index\/author\/rking\/"},"category_info":"<a href=\"https:\/\/opinionpublica.com.ar\/index\/category\/politica\/\" rel=\"category tag\">Politica<\/a> <a href=\"https:\/\/opinionpublica.com.ar\/index\/category\/ushuaia\/\" rel=\"category tag\">Ushuaia<\/a>","tag_info":"Ushuaia","comment_count":"0","_links":{"self":[{"href":"https:\/\/opinionpublica.com.ar\/index\/wp-json\/wp\/v2\/posts\/9092","targetHints":{"allow":["GET"]}}],"collection":[{"href":"https:\/\/opinionpublica.com.ar\/index\/wp-json\/wp\/v2\/posts"}],"about":[{"href":"https:\/\/opinionpublica.com.ar\/index\/wp-json\/wp\/v2\/types\/post"}],"author":[{"embeddable":true,"href":"https:\/\/opinionpublica.com.ar\/index\/wp-json\/wp\/v2\/users\/8"}],"replies":[{"embeddable":true,"href":"https:\/\/opinionpublica.com.ar\/index\/wp-json\/wp\/v2\/comments?post=9092"}],"version-history":[{"count":1,"href":"https:\/\/opinionpublica.com.ar\/index\/wp-json\/wp\/v2\/posts\/9092\/revisions"}],"predecessor-version":[{"id":9094,"href":"https:\/\/opinionpublica.com.ar\/index\/wp-json\/wp\/v2\/posts\/9092\/revisions\/9094"}],"wp:featuredmedia":[{"embeddable":true,"href":"https:\/\/opinionpublica.com.ar\/index\/wp-json\/wp\/v2\/media\/9093"}],"wp:attachment":[{"href":"https:\/\/opinionpublica.com.ar\/index\/wp-json\/wp\/v2\/media?parent=9092"}],"wp:term":[{"taxonomy":"category","embeddable":true,"href":"https:\/\/opinionpublica.com.ar\/index\/wp-json\/wp\/v2\/categories?post=9092"},{"taxonomy":"post_tag","embeddable":true,"href":"https:\/\/opinionpublica.com.ar\/index\/wp-json\/wp\/v2\/tags?post=9092"}],"curies":[{"name":"wp","href":"https:\/\/api.w.org\/{rel}","templated":true}]}}