{"id":9098,"date":"2025-03-27T08:54:44","date_gmt":"2025-03-27T11:54:44","guid":{"rendered":"https:\/\/opinionpublica.com.ar\/index\/?p=9098"},"modified":"2025-03-27T08:54:44","modified_gmt":"2025-03-27T11:54:44","slug":"ecotono-segun-la-consultora-la-provincia-tiene-superavit-fiscal-de-5-200-millones","status":"publish","type":"post","link":"https:\/\/opinionpublica.com.ar\/index\/ecotono-segun-la-consultora-la-provincia-tiene-superavit-fiscal-de-5-200-millones\/","title":{"rendered":"Ecotono: Seg\u00fan la consultora la provincia tiene super\u00e1vit fiscal de 5.200 millones."},"content":{"rendered":"<header class=\"article-header entry-header\">\n<p class=\"entry-title single-title\"><strong>Ecotono: Seg\u00fan la consultora la provincia tiene super\u00e1vit fiscal de 5.200 millones.<\/strong><\/p>\n<p class=\"entry-excerpt\">Seg\u00fan la consultora Ecotono, el tesoro acumula en el a\u00f1o un super\u00e1vit de m\u00e1s de $ 5.200 Millones. Es llamativo, teniendo en cuenta que el Ministerio de Econom\u00eda acaba de pedir un pr\u00e9stamo de 4000 millones de pesos a la Obra Social, para poder terminar el hospital regional Ushuaia, a devolver en 18 cuotas a tasa bancaria.<\/p>\n<\/header>\n<section class=\"entry-content cf\">\n<div class=\"entry-share\">\n<div class=\"a2a_kit a2a_kit_size_32 addtoany_list\" data-a2a-url=\"https:\/\/www.lalicuadoratdf.com.ar\/2025\/03\/ecotono-segun-la-consultora-la-provincia-tiene-superavit-fiscal-de-5-200-millones\/\" data-a2a-title=\"Ecotono: Seg\u00fan la consultora la provincia tiene super\u00e1vit fiscal de 5.200 millones.\"><a href=\"https:\/\/opinionpublica.com.ar\/index\/wp-content\/uploads\/2025\/01\/Casa-de-Gobierno-Ushuaia.jpeg\"><img fetchpriority=\"high\" decoding=\"async\" class=\"alignnone size-full wp-image-8422\" src=\"https:\/\/opinionpublica.com.ar\/index\/wp-content\/uploads\/2025\/01\/Casa-de-Gobierno-Ushuaia.jpeg\" alt=\"\" width=\"1600\" height=\"1066\" srcset=\"https:\/\/opinionpublica.com.ar\/index\/wp-content\/uploads\/2025\/01\/Casa-de-Gobierno-Ushuaia.jpeg 1600w, https:\/\/opinionpublica.com.ar\/index\/wp-content\/uploads\/2025\/01\/Casa-de-Gobierno-Ushuaia-300x200.jpeg 300w, https:\/\/opinionpublica.com.ar\/index\/wp-content\/uploads\/2025\/01\/Casa-de-Gobierno-Ushuaia-1024x682.jpeg 1024w, https:\/\/opinionpublica.com.ar\/index\/wp-content\/uploads\/2025\/01\/Casa-de-Gobierno-Ushuaia-768x512.jpeg 768w, https:\/\/opinionpublica.com.ar\/index\/wp-content\/uploads\/2025\/01\/Casa-de-Gobierno-Ushuaia-1536x1023.jpeg 1536w\" sizes=\"(max-width: 1600px) 100vw, 1600px\" \/><\/a><\/div>\n<\/div>\n<p>En febrero el resultado fiscal devengado del poder ejecutivo fue superavitario en $ 2.273 Millones de pesos corrientes; de acuerdo a los datos provisorios publicados por la contadur\u00eda general. De este modo, el tesoro acumula en el a\u00f1o un super\u00e1vit de m\u00e1s de $ 5.200 Millones.<\/p>\n<p>Los recursos se compusieron en un 57% de origen nacional, el resto de origen provincial incluyendo un pr\u00e9stamo intra sector publico por $ 4200 M de la Caja de Previsi\u00f3n Social Provincial. Mientras que las erogaciones principales se originaron en los gastos en personal (58%), transferencias (28%) y gastos figurativos (7%), situaci\u00f3n similar a la del pasado enero.<\/p>\n<p>As\u00ed las cosas, el gasto del PE aumento un 9,2% real interanual, mientras que cay\u00f3 un 7,5% inter mensual. El gasto acumulado anual resulta un 23,4 % mayor a igual instancia del a\u00f1o 2024, pero registra una ca\u00edda similar en comparaci\u00f3n con ese per\u00edodo de 2023.<\/p>\n<p>Fuente:Ecotono<\/p>\n<\/section>\n","protected":false},"excerpt":{"rendered":"<p>Ecotono: Seg\u00fan la consultora la provincia tiene super\u00e1vit fiscal de 5.200 millones. Seg\u00fan la consultora Ecotono, el tesoro<\/p>\n","protected":false},"author":8,"featured_media":2394,"comment_status":"open","ping_status":"open","sticky":false,"template":"","format":"standard","meta":{"footnotes":""},"categories":[2],"tags":[3337,902],"class_list":["post-9098","post","type-post","status-publish","format-standard","has-post-thumbnail","hentry","category-tierra-del-fuego","tag-ecotono","tag-superavit-fiscal"],"featured_image_urls":{"full":["https:\/\/opinionpublica.com.ar\/index\/wp-content\/uploads\/2024\/04\/bandera-tdf.jpg",1400,788,false],"thumbnail":["https:\/\/opinionpublica.com.ar\/index\/wp-content\/uploads\/2024\/04\/bandera-tdf-150x150.jpg",150,150,true],"medium":["https:\/\/opinionpublica.com.ar\/index\/wp-content\/uploads\/2024\/04\/bandera-tdf-300x169.jpg",300,169,true],"medium_large":["https:\/\/opinionpublica.com.ar\/index\/wp-content\/uploads\/2024\/04\/bandera-tdf-768x432.jpg",640,360,true],"large":["https:\/\/opinionpublica.com.ar\/index\/wp-content\/uploads\/2024\/04\/bandera-tdf-1024x576.jpg",640,360,true],"1536x1536":["https:\/\/opinionpublica.com.ar\/index\/wp-content\/uploads\/2024\/04\/bandera-tdf.jpg",1400,788,false],"2048x2048":["https:\/\/opinionpublica.com.ar\/index\/wp-content\/uploads\/2024\/04\/bandera-tdf.jpg",1400,788,false],"morenews-large":["https:\/\/opinionpublica.com.ar\/index\/wp-content\/uploads\/2024\/04\/bandera-tdf-825x575.jpg",825,575,true],"morenews-medium":["https:\/\/opinionpublica.com.ar\/index\/wp-content\/uploads\/2024\/04\/bandera-tdf-590x410.jpg",590,410,true]},"author_info":{"display_name":"RKing","author_link":"https:\/\/opinionpublica.com.ar\/index\/author\/rking\/"},"category_info":"<a href=\"https:\/\/opinionpublica.com.ar\/index\/category\/tierra-del-fuego\/\" rel=\"category tag\">Tierra del Fuego<\/a>","tag_info":"Tierra del Fuego","comment_count":"0","_links":{"self":[{"href":"https:\/\/opinionpublica.com.ar\/index\/wp-json\/wp\/v2\/posts\/9098","targetHints":{"allow":["GET"]}}],"collection":[{"href":"https:\/\/opinionpublica.com.ar\/index\/wp-json\/wp\/v2\/posts"}],"about":[{"href":"https:\/\/opinionpublica.com.ar\/index\/wp-json\/wp\/v2\/types\/post"}],"author":[{"embeddable":true,"href":"https:\/\/opinionpublica.com.ar\/index\/wp-json\/wp\/v2\/users\/8"}],"replies":[{"embeddable":true,"href":"https:\/\/opinionpublica.com.ar\/index\/wp-json\/wp\/v2\/comments?post=9098"}],"version-history":[{"count":1,"href":"https:\/\/opinionpublica.com.ar\/index\/wp-json\/wp\/v2\/posts\/9098\/revisions"}],"predecessor-version":[{"id":9099,"href":"https:\/\/opinionpublica.com.ar\/index\/wp-json\/wp\/v2\/posts\/9098\/revisions\/9099"}],"wp:featuredmedia":[{"embeddable":true,"href":"https:\/\/opinionpublica.com.ar\/index\/wp-json\/wp\/v2\/media\/2394"}],"wp:attachment":[{"href":"https:\/\/opinionpublica.com.ar\/index\/wp-json\/wp\/v2\/media?parent=9098"}],"wp:term":[{"taxonomy":"category","embeddable":true,"href":"https:\/\/opinionpublica.com.ar\/index\/wp-json\/wp\/v2\/categories?post=9098"},{"taxonomy":"post_tag","embeddable":true,"href":"https:\/\/opinionpublica.com.ar\/index\/wp-json\/wp\/v2\/tags?post=9098"}],"curies":[{"name":"wp","href":"https:\/\/api.w.org\/{rel}","templated":true}]}}