{"id":9100,"date":"2025-03-27T09:01:52","date_gmt":"2025-03-27T12:01:52","guid":{"rendered":"https:\/\/opinionpublica.com.ar\/index\/?p=9100"},"modified":"2025-03-27T09:01:52","modified_gmt":"2025-03-27T12:01:52","slug":"el-legislador-matias-lapadula-expreso-su-disgusto-porque-mandaron-a-comision-todos-los-pedidos-de-informe","status":"publish","type":"post","link":"https:\/\/opinionpublica.com.ar\/index\/el-legislador-matias-lapadula-expreso-su-disgusto-porque-mandaron-a-comision-todos-los-pedidos-de-informe\/","title":{"rendered":"El legislador Mat\u00edas Lapadula expres\u00f3 su disgusto porque mandaron a comisi\u00f3n todos los pedidos de informe"},"content":{"rendered":"<header class=\"entry-header\">\n<p class=\"entry-title\"><strong>El legislador Mat\u00edas Lapadula expres\u00f3 su disgusto porque mandaron a comisi\u00f3n todos los pedidos de informe<\/strong><\/p>\n<\/header>\n<div class=\"entry-content clearfix\">\n<p>El legislador Mat\u00edas Lapadula expres\u00f3 su \u201cdisgusto\u201d tras la reuni\u00f3n de la comisi\u00f3n de Labor Parlamentaria realizada ayer, porque el oficialismo y sus aliados enviaron a comisi\u00f3n todos los pedidos de informe de la oposici\u00f3n.<\/p>\n<p><a href=\"https:\/\/opinionpublica.com.ar\/index\/wp-content\/uploads\/2024\/04\/matias-lapadula-1.jpg\"><img fetchpriority=\"high\" decoding=\"async\" class=\"alignnone size-full wp-image-2473\" src=\"https:\/\/opinionpublica.com.ar\/index\/wp-content\/uploads\/2024\/04\/matias-lapadula-1.jpg\" alt=\"\" width=\"900\" height=\"533\" srcset=\"https:\/\/opinionpublica.com.ar\/index\/wp-content\/uploads\/2024\/04\/matias-lapadula-1.jpg 900w, https:\/\/opinionpublica.com.ar\/index\/wp-content\/uploads\/2024\/04\/matias-lapadula-1-300x178.jpg 300w, https:\/\/opinionpublica.com.ar\/index\/wp-content\/uploads\/2024\/04\/matias-lapadula-1-768x455.jpg 768w\" sizes=\"(max-width: 900px) 100vw, 900px\" \/><\/a><\/p>\n<p>El legislador Federico Greve habr\u00eda argumentado que el cambio de criterio se debe a que es un a\u00f1o electoral y \u201cno van a permitir que hagan pedidos de informes para todos lados\u201d. Para Lapadula es \u201cun error pol\u00edtico\u201d y una falta de democracia interna. \u201cEs la primera vez que votamos en Labor Parlamentaria y el oficialismo por supuesto hizo valer su mayor\u00eda\u201d, dijo. Respecto de la ley de emergencia de la OSEF, tomar\u00e1 estado parlamentario pero se discutir\u00e1 en comisi\u00f3n.<\/p>\n<p>El legislador de Provincia Grande, Mat\u00edas Lapadula, expres\u00f3 su \u201cdisgusto\u201d, en di\u00e1logo con el programa \u2018Buscando el Equilibrio\u2019 por Radio Provincia, por el bloqueo del oficialismo y sus aliados a los pedidos de informes de la oposici\u00f3n, que fueron girados a comisi\u00f3n.<\/p>\n<p>Tras la reuni\u00f3n de Labor Parlamentaria, expres\u00f3 que \u201chemos salido disgustados por la actitud que ha tenido el oficialismo y su mayor\u00eda, de no permitir que avancemos con proyectos que normalmente se discut\u00edan. Me sorprendi\u00f3 el cambio de criterio por parte del bloque FORJA, que mand\u00f3 a comisi\u00f3n todos los proyectos de la oposici\u00f3n, entre los cuales hab\u00eda muchos m\u00edos, y eran pedidos de informes al Poder Ejecutivo Provincial\u201d.<\/p>\n<p>Record\u00f3 que \u201cel criterio era que todos los pedidos de informe que se presentaran siempre se mandaban directamente a la sesi\u00f3n y se aprobaban. Nunca pas\u00f3 que se usen las mayor\u00edas para impedir que los pedidos de informe de un legislador puedan prosperar. Ahora van a dormir en comisi\u00f3n con la promesa de que van a llamar a ministros, secretarios y funcionarios para que asistan a comisi\u00f3n a contestar esos pedidos. Me parece que no es lo que corresponde, porque un pedido de informes no es solamente interrogar a un funcionario, sino solicitar documentaci\u00f3n\u201d, subray\u00f3.<\/p>\n<p>\u201cEsta no me parece la forma democr\u00e1tica ni de consensos que pregonan para llevar adelante la tarea que tenemos que hacer todos los legisladores\u201d, fustig\u00f3, y precis\u00f3 que \u201ctodos los pedidos de Somos Fueguinos, el MPF, Provincia Grande y La Libertad Avanza fueron enviados a comisi\u00f3n, con el voto del oficialismo y sus aliados, y con una promesa que no me satisface, porque hay resoluciones que son aprobadas por unanimidad siempre. Con la excusa de que es un a\u00f1o electoral y van a cambiar el criterio pol\u00edtico, no van a aceptar m\u00e1s pedidos de informe y me parece que esto atenta contra ellos mismos\u201d, sostuvo.<\/p>\n<p>La promesa ser\u00eda la convocatoria a los funcionarios a dar las explicaciones en comisi\u00f3n. \u201cMe parece mucho m\u00e1s sencillo que el funcionario pueda contestar por escrito el pedido de informes, que tenga que ir a la Legislatura a contestar preguntas de cualquier naturaleza. Para m\u00ed es m\u00e1s f\u00e1cil contestar por escrito que tener que sentarse ante los legisladores\u201d, manifest\u00f3.<\/p>\n<p>En este punto el legislador vio \u201ccoincidencias\u201d con el estilo de Walter Vuoto y el oficialismo del Concejo Deliberante de Ushuaia. \u201cYo he estado como secretario en el Municipio de R\u00edo Grande y he recibido pedidos de informe. Tuve que tomarme tiempo y ponerme a contestar y buscar la informaci\u00f3n, porque adem\u00e1s tenemos plazos que cumplir. Le pasa a todos los que est\u00e1n en el Poder Ejecutivo y me parece que no hay excusa para esto. Se hace flaco favor el gobierno al tomar esta postura, porque por el contrario tiene que mostrarse siempre dispuesto a contestar todas las preguntas y a dar transparencia a los actos de gesti\u00f3n\u201d, reclam\u00f3.<\/p>\n<p>\u201cLos pedidos de informe no son un capricho. Yo present\u00e9 uno que tiene que ver con la apertura de la ruta 7, porque no sabemos qu\u00e9 est\u00e1 pasando y se est\u00e1 tardando cinco a\u00f1os en construir un alambrado. Ya hab\u00eda otro pedido de informes de mi parte solicitando que remitan el convenio firmado con la estancia, por el pago de la servidumbre de paso. Otro pedido de informes es respecto de la situaci\u00f3n de las escuelas y de c\u00f3mo se hicieron las contrataciones con la ley de emergencia que solicit\u00f3 el gobierno en la \u00faltima sesi\u00f3n y que fue aprobada sobre tablas. Esta ley de emergencia ten\u00eda por objeto que las escuelas est\u00e9n en condiciones al inicio de clases. Despu\u00e9s de tres meses, tengo notas de padres y de docentes diciendo que hay escuelas que no iniciaron las clases porque no est\u00e1n los edificios en condiciones y tengo la obligaci\u00f3n de pedir explicaciones\u201d, enfatiz\u00f3.<\/p>\n<p>\u201cYa los pedidos de informes que enviamos los contestan cuando quieren y como quieren, y es una falta de respeto al legislador y a toda la ciudadan\u00eda\u201d, subray\u00f3.<\/p>\n<p>&nbsp;<\/p>\n<p><strong>Trasfondo electoral<\/strong><\/p>\n<p>Para el legislador hay un claro trasfondo electoralista detr\u00e1s de lo ocurrido en la reuni\u00f3n de Labor Parlamentaria. \u201cEl legislador Greve manifest\u00f3 que es un a\u00f1o electoral, que van a cambiar el criterio y no van a permitir que hagan pedidos de informes para todos lados. Lo dijo claramente as\u00ed y me parece un error pol\u00edtico. Decir que a partir de ahora no quieren pedidos de informe y que en la Legislatura pueden hacer lo que quieran, me parece que no es un buen mensaje hacia la sociedad\u201d, insisti\u00f3.<\/p>\n<p>\u201cEs la primera vez que votamos en Labor Parlamentaria. Tuvimos que votar y el oficialismo por supuesto hizo valer su mayor\u00eda y todos los pedidos de informe fueron a comisi\u00f3n. Normalmente nunca se vota, siempre nos ponemos de acuerdo y las resoluciones se aprueban en la sesi\u00f3n. Para m\u00ed fue novedoso y lo viv\u00ed con mucho disgusto\u201d, lament\u00f3.<\/p>\n<p>Aclar\u00f3 que \u201csi no me contestan un pedido de informes, puedo ir a la justicia, pero a m\u00ed me eligieron para ser legislador. No puede ser que me obliguen a ir a la justicia, cuando no hay ninguna necesidad. Ya para ir a la justicia necesito contratar a un abogado y es absurdo lo que est\u00e1n haciendo. Lamentablemente tendr\u00e9 que ir por la v\u00eda judicial, pero no deber\u00eda ser as\u00ed\u201d.<\/p>\n<p>&nbsp;<\/p>\n<p><strong>OSEF a comisi\u00f3n<\/strong><\/p>\n<p>Con respecto al proyecto de emergencia para la OSEF, adelant\u00f3 que ser\u00e1 analizado en comisi\u00f3n. \u201cVan a tomar estado parlamentario numerosos proyectos que se presentaron. Lo m\u00e1s importante que vamos a tratar es el proyecto de emergencia de la OSEF. Eso va a pasar a comisi\u00f3n pero ya acordamos que el lunes y martes va a haber reuni\u00f3n plenaria para empezar a trabajar en un tema que tendr\u00eda que haber avanzado mucho antes\u201d, dijo.<\/p>\n<p>\u201cLa OSEF es un sistema solidario y hay gente que no aporta pero despu\u00e9s quiere todos los servicios cuando se jubila. Esto no es de ahora, sino desde siempre y no es una excusa tratar hoy este tema. Otro tema central es c\u00f3mo se administran los recursos y c\u00f3mo se gasta, porque ah\u00ed nadie dice nada. Si uno saca las cuentas, el presupuesto de la OSEF es de 125 mil millones de pesos, para 59 mil afiliados, y estamos hablando de 140 mil pesos por mes, por beneficiario\u201d, estim\u00f3.<\/p>\n<p>\u201cCuando hablamos de las pensiones RUPE, de las que se hace cargo la OSEF, el responsable de enviar los fondos es el gobierno de la provincia, y eso no se ha hecho como corresponde en los \u00faltimos cinco a\u00f1os. Cada uno se tiene que hacer cargo de sus responsabilidades\u201d, reclam\u00f3.<\/p>\n<p>Consultado sobre la \u201cley corta\u201d que envi\u00f3 el gobernador, dijo que \u201cpara m\u00ed ley corta es igual a ley parche. Seguimos emparchando y perdiendo el tiempo, cuando tendr\u00edamos que ponernos a trabajar en algo que solucione los problemas estructurales de la OSEF. Obviamente esta ley no se puede aprobar sin tratamiento, y hay que llamar a todos los involucrados, los gremios estatales, los jubilados, los prestadores, y no podemos perder tiempo poniendo parches como hicimos el a\u00f1o pasado\u201d.<\/p>\n<p>Tambi\u00e9n pidi\u00f3 \u201cdefinir qu\u00e9 vamos a hacer con la farmacia de la OSEF, porque no se puede seguir manteniendo un servicio que nunca funcion\u00f3 bien. Si le preguntamos a los afiliados si prefieren tener una farmacia de OSEF o poder comprar con descuento en la farmacia que quieran, van a elegir la farmacia que les quede m\u00e1s cerca. A esta altura no entiendo por qu\u00e9 se mantiene una farmacia que es ineficiente. Si fuese redituable tener una farmacia propia, todas las prepagas la tendr\u00edan. Esto lo \u00fanico que hace es gastar recursos\u201d, opin\u00f3.<\/p>\n<p>&nbsp;<\/p>\n<p><strong>Ofrecimiento de Melella<\/strong><\/p>\n<p>En cuanto a las declaraciones del gobernador Melella realizadas esta semana, en las que se pone a disposici\u00f3n para colaborar con el municipio de R\u00edo Grande y considera innecesaria la presentaci\u00f3n de una nota formal, Lapadula consider\u00f3 que le rest\u00f3 importancia al no responderla. \u201cEl gobernador no le est\u00e1 restando importancia al pedido de Mart\u00edn P\u00e9rez, le est\u00e1 restando importancia a las necesidades de los vecinos de R\u00edo Grande. Yo reiter\u00e9 un pedido de informes que no fue contestado y tiene que ver con un convenio que se firm\u00f3 en abril del 2023 con el municipio de R\u00edo Grande por 800 millones de pesos para obras. Se sacaron la foto y se enviaron cero pesos. No s\u00e9 si el expediente lo tiraron a la basura, o si lo tiene alguien guardado. Anuncian financiamiento para la ciudad de Ushuaia y me parece important\u00edsimo que colaboren con las obras que hacen falta, pero tendr\u00edan que tener un trato similar con el resto de la provincia, sobre todo con R\u00edo Grande, de donde sali\u00f3 Gustavo Melella, y que aporta la mayor\u00eda de los fondos de regal\u00edas\u201d, observ\u00f3.<\/p>\n<p>A prop\u00f3sito el tema, dio a conocer la presentaci\u00f3n de \u201cun proyecto de compensaci\u00f3n hist\u00f3rica a la zona norte de la provincia, estableciendo un diferencial de regal\u00edas para el desarrollo de toda la zona. Nosotros tenemos los recursos hidrocarbur\u00edferos, que se agotan y generan un impacto ambiental, que se da solamente en la zona donde tenemos explotaci\u00f3n hidrocarbur\u00edfera. He tomado algo que ya se hizo en Chubut y beneficia a la zona de Comodoro Rivadavia, y present\u00e9 un proyecto de ley para que haya un adicional de regal\u00edas, destinados a obras de infraestructura para ampliar la matriz productiva y compensar la explotaci\u00f3n de recursos que no son renovables\u201d, explic\u00f3.<\/p>\n<p>&nbsp;<\/p>\n<p><strong>Retirada de YPF<\/strong><\/p>\n<p>Finalmente se le pregunt\u00f3 sobre las declaraciones del gobernador vinculadas con las \u00e1reas que deja YPF y que ser\u00edan tomadas por Terra Ignis. \u201cYo tengo un pedido de informes sobre Terra Ignis que no ha sido contestado. Conozco la situaci\u00f3n de YPF y la decisi\u00f3n de dejar de lado explotaciones convencionales para irse a Vaca Muerta. Lo que falta es una decisi\u00f3n pol\u00edtica del Estado provincial de seguir explotando esas \u00e1reas, porque al privado no se lo puede obligar\u201d, manifest\u00f3.<\/p>\n<p>\u201cOjal\u00e1 podamos hacer algo, pero me parece que falta decisi\u00f3n pol\u00edtica y capacidad de trabajo. Tenemos una Sociedad del Estado creada supuestamente para eso hace varios a\u00f1os y lo \u00fanico que hizo fue tercerizar el arrendamiento de generadores de energ\u00eda. Yo he hecho pedidos de informe sobre el alquiler de generadores y lo veo con mucha preocupaci\u00f3n, porque pasa el tiempo y la soluci\u00f3n no llega. Se acerca el invierno y ahora parece que cualquier ave que pasa por ah\u00ed genera un corte de luz\u201d, concluy\u00f3.<\/p>\n<p>&nbsp;<\/p>\n<\/div>\n","protected":false},"excerpt":{"rendered":"<p>El legislador Mat\u00edas Lapadula expres\u00f3 su disgusto porque mandaron a comisi\u00f3n todos los pedidos de informe El legislador<\/p>\n","protected":false},"author":8,"featured_media":4583,"comment_status":"open","ping_status":"open","sticky":false,"template":"","format":"standard","meta":{"footnotes":""},"categories":[27,2],"tags":[660,337],"class_list":["post-9100","post","type-post","status-publish","format-standard","has-post-thumbnail","hentry","category-politica","category-tierra-del-fuego","tag-legislador","tag-matias-lapadula"],"featured_image_urls":{"full":["https:\/\/opinionpublica.com.ar\/index\/wp-content\/uploads\/2024\/07\/matias-lapadula-1.jpg",880,512,false],"thumbnail":["https:\/\/opinionpublica.com.ar\/index\/wp-content\/uploads\/2024\/07\/matias-lapadula-1-150x150.jpg",150,150,true],"medium":["https:\/\/opinionpublica.com.ar\/index\/wp-content\/uploads\/2024\/07\/matias-lapadula-1-300x175.jpg",300,175,true],"medium_large":["https:\/\/opinionpublica.com.ar\/index\/wp-content\/uploads\/2024\/07\/matias-lapadula-1-768x447.jpg",640,373,true],"large":["https:\/\/opinionpublica.com.ar\/index\/wp-content\/uploads\/2024\/07\/matias-lapadula-1.jpg",640,372,false],"1536x1536":["https:\/\/opinionpublica.com.ar\/index\/wp-content\/uploads\/2024\/07\/matias-lapadula-1.jpg",880,512,false],"2048x2048":["https:\/\/opinionpublica.com.ar\/index\/wp-content\/uploads\/2024\/07\/matias-lapadula-1.jpg",880,512,false],"morenews-large":["https:\/\/opinionpublica.com.ar\/index\/wp-content\/uploads\/2024\/07\/matias-lapadula-1-825x512.jpg",825,512,true],"morenews-medium":["https:\/\/opinionpublica.com.ar\/index\/wp-content\/uploads\/2024\/07\/matias-lapadula-1-590x410.jpg",590,410,true]},"author_info":{"display_name":"RKing","author_link":"https:\/\/opinionpublica.com.ar\/index\/author\/rking\/"},"category_info":"<a href=\"https:\/\/opinionpublica.com.ar\/index\/category\/politica\/\" rel=\"category tag\">Politica<\/a> <a href=\"https:\/\/opinionpublica.com.ar\/index\/category\/tierra-del-fuego\/\" rel=\"category tag\">Tierra del Fuego<\/a>","tag_info":"Tierra del Fuego","comment_count":"0","_links":{"self":[{"href":"https:\/\/opinionpublica.com.ar\/index\/wp-json\/wp\/v2\/posts\/9100","targetHints":{"allow":["GET"]}}],"collection":[{"href":"https:\/\/opinionpublica.com.ar\/index\/wp-json\/wp\/v2\/posts"}],"about":[{"href":"https:\/\/opinionpublica.com.ar\/index\/wp-json\/wp\/v2\/types\/post"}],"author":[{"embeddable":true,"href":"https:\/\/opinionpublica.com.ar\/index\/wp-json\/wp\/v2\/users\/8"}],"replies":[{"embeddable":true,"href":"https:\/\/opinionpublica.com.ar\/index\/wp-json\/wp\/v2\/comments?post=9100"}],"version-history":[{"count":1,"href":"https:\/\/opinionpublica.com.ar\/index\/wp-json\/wp\/v2\/posts\/9100\/revisions"}],"predecessor-version":[{"id":9101,"href":"https:\/\/opinionpublica.com.ar\/index\/wp-json\/wp\/v2\/posts\/9100\/revisions\/9101"}],"wp:featuredmedia":[{"embeddable":true,"href":"https:\/\/opinionpublica.com.ar\/index\/wp-json\/wp\/v2\/media\/4583"}],"wp:attachment":[{"href":"https:\/\/opinionpublica.com.ar\/index\/wp-json\/wp\/v2\/media?parent=9100"}],"wp:term":[{"taxonomy":"category","embeddable":true,"href":"https:\/\/opinionpublica.com.ar\/index\/wp-json\/wp\/v2\/categories?post=9100"},{"taxonomy":"post_tag","embeddable":true,"href":"https:\/\/opinionpublica.com.ar\/index\/wp-json\/wp\/v2\/tags?post=9100"}],"curies":[{"name":"wp","href":"https:\/\/api.w.org\/{rel}","templated":true}]}}