{"id":9102,"date":"2025-03-27T09:18:17","date_gmt":"2025-03-27T12:18:17","guid":{"rendered":"https:\/\/opinionpublica.com.ar\/index\/?p=9102"},"modified":"2025-03-27T09:18:17","modified_gmt":"2025-03-27T12:18:17","slug":"walter-vuoto-designo-a-dirigente-de-pino-como-escribana-municipal","status":"publish","type":"post","link":"https:\/\/opinionpublica.com.ar\/index\/walter-vuoto-designo-a-dirigente-de-pino-como-escribana-municipal\/","title":{"rendered":"Walter Vuoto design\u00f3 a dirigente de Pino como Escribana Municipal"},"content":{"rendered":"<div class=\"bs-header\">\n<p class=\"title\" title=\"El viento los amontona: Vuoto design\u00f3 a dirigente de Pino como Escribana Municipal\"><strong>Walter Vuoto design\u00f3 a dirigente de Pino como Escribana Municipal<\/strong><\/p>\n<\/div>\n<article class=\"small single\">El intendente Walter Vuoto contin\u00faa cediendo espacios del gabinete municipal al legislador Juan Carlos Pino. Esta vez, el l\u00edder de La C\u00e1mpora design\u00f3 a Pamela Demart\u00edn, estrecha colaboradora del ex concejal como Escribana General del Municipio.<\/p>\n<p><a href=\"https:\/\/opinionpublica.com.ar\/index\/wp-content\/uploads\/2025\/03\/PINO-1-1024x768-vuoto.jpg\"><img fetchpriority=\"high\" decoding=\"async\" class=\"alignnone size-full wp-image-9103\" src=\"https:\/\/opinionpublica.com.ar\/index\/wp-content\/uploads\/2025\/03\/PINO-1-1024x768-vuoto.jpg\" alt=\"\" width=\"1024\" height=\"768\" srcset=\"https:\/\/opinionpublica.com.ar\/index\/wp-content\/uploads\/2025\/03\/PINO-1-1024x768-vuoto.jpg 1024w, https:\/\/opinionpublica.com.ar\/index\/wp-content\/uploads\/2025\/03\/PINO-1-1024x768-vuoto-300x225.jpg 300w, https:\/\/opinionpublica.com.ar\/index\/wp-content\/uploads\/2025\/03\/PINO-1-1024x768-vuoto-768x576.jpg 768w\" sizes=\"(max-width: 1024px) 100vw, 1024px\" \/><\/a><\/p>\n<p>El nombramiento de Demart\u00edn se produjo a mediados de marzo a trav\u00e9s del decreto municipal N\u00ba337.<\/p>\n<p>La flamante funcionaria es pareja de Alejandro Ledesma, actual subsecretario de Gobierno del Municipio de Ushuaia. Ambas personas forman parte del n\u00facleo cercano del legislador Juan Carlos Pino.<\/p>\n<p>La designaci\u00f3n de Demartin confirma que la alianza Vuoto-Pino sigue m\u00e1s vigente que nunca. El ex concejal fue durante 8 a\u00f1os, quien ejecut\u00f3 las estrategias parlamentarias para que Vuoto sancione pol\u00e9micas ordenanzas de su inter\u00e9s. Por ejemplo, la ordenanza de convocatoria a Convenci\u00f3n Constituyente Municipal para que el Jefe Comunal pueda acceder en 2023 a la re-reeelecci\u00f3n.<\/p>\n<p>Demart\u00edn se recibi\u00f3 de escribana en la Universidad Siglo XXI en el a\u00f1o 2022. D\u00e9cadas atr\u00e1s, la mujer conform\u00f3 la comisi\u00f3n directiva del Sindicato de Prensa de Tierra del Fuego.<\/p>\n<\/article>\n","protected":false},"excerpt":{"rendered":"<p>Walter Vuoto design\u00f3 a dirigente de Pino como Escribana Municipal El intendente Walter Vuoto contin\u00faa cediendo espacios del<\/p>\n","protected":false},"author":8,"featured_media":9103,"comment_status":"open","ping_status":"open","sticky":false,"template":"","format":"standard","meta":{"footnotes":""},"categories":[27,21],"tags":[3338,673,538],"class_list":["post-9102","post","type-post","status-publish","format-standard","has-post-thumbnail","hentry","category-politica","category-ushuaia","tag-escribana-municipal","tag-juan-carlos-pino","tag-walter-vuoto"],"featured_image_urls":{"full":["https:\/\/opinionpublica.com.ar\/index\/wp-content\/uploads\/2025\/03\/PINO-1-1024x768-vuoto.jpg",1024,768,false],"thumbnail":["https:\/\/opinionpublica.com.ar\/index\/wp-content\/uploads\/2025\/03\/PINO-1-1024x768-vuoto-150x150.jpg",150,150,true],"medium":["https:\/\/opinionpublica.com.ar\/index\/wp-content\/uploads\/2025\/03\/PINO-1-1024x768-vuoto-300x225.jpg",300,225,true],"medium_large":["https:\/\/opinionpublica.com.ar\/index\/wp-content\/uploads\/2025\/03\/PINO-1-1024x768-vuoto-768x576.jpg",640,480,true],"large":["https:\/\/opinionpublica.com.ar\/index\/wp-content\/uploads\/2025\/03\/PINO-1-1024x768-vuoto.jpg",640,480,false],"1536x1536":["https:\/\/opinionpublica.com.ar\/index\/wp-content\/uploads\/2025\/03\/PINO-1-1024x768-vuoto.jpg",1024,768,false],"2048x2048":["https:\/\/opinionpublica.com.ar\/index\/wp-content\/uploads\/2025\/03\/PINO-1-1024x768-vuoto.jpg",1024,768,false],"morenews-large":["https:\/\/opinionpublica.com.ar\/index\/wp-content\/uploads\/2025\/03\/PINO-1-1024x768-vuoto-825x575.jpg",825,575,true],"morenews-medium":["https:\/\/opinionpublica.com.ar\/index\/wp-content\/uploads\/2025\/03\/PINO-1-1024x768-vuoto-590x410.jpg",590,410,true]},"author_info":{"display_name":"RKing","author_link":"https:\/\/opinionpublica.com.ar\/index\/author\/rking\/"},"category_info":"<a href=\"https:\/\/opinionpublica.com.ar\/index\/category\/politica\/\" rel=\"category tag\">Politica<\/a> <a href=\"https:\/\/opinionpublica.com.ar\/index\/category\/ushuaia\/\" rel=\"category tag\">Ushuaia<\/a>","tag_info":"Ushuaia","comment_count":"0","_links":{"self":[{"href":"https:\/\/opinionpublica.com.ar\/index\/wp-json\/wp\/v2\/posts\/9102","targetHints":{"allow":["GET"]}}],"collection":[{"href":"https:\/\/opinionpublica.com.ar\/index\/wp-json\/wp\/v2\/posts"}],"about":[{"href":"https:\/\/opinionpublica.com.ar\/index\/wp-json\/wp\/v2\/types\/post"}],"author":[{"embeddable":true,"href":"https:\/\/opinionpublica.com.ar\/index\/wp-json\/wp\/v2\/users\/8"}],"replies":[{"embeddable":true,"href":"https:\/\/opinionpublica.com.ar\/index\/wp-json\/wp\/v2\/comments?post=9102"}],"version-history":[{"count":1,"href":"https:\/\/opinionpublica.com.ar\/index\/wp-json\/wp\/v2\/posts\/9102\/revisions"}],"predecessor-version":[{"id":9104,"href":"https:\/\/opinionpublica.com.ar\/index\/wp-json\/wp\/v2\/posts\/9102\/revisions\/9104"}],"wp:featuredmedia":[{"embeddable":true,"href":"https:\/\/opinionpublica.com.ar\/index\/wp-json\/wp\/v2\/media\/9103"}],"wp:attachment":[{"href":"https:\/\/opinionpublica.com.ar\/index\/wp-json\/wp\/v2\/media?parent=9102"}],"wp:term":[{"taxonomy":"category","embeddable":true,"href":"https:\/\/opinionpublica.com.ar\/index\/wp-json\/wp\/v2\/categories?post=9102"},{"taxonomy":"post_tag","embeddable":true,"href":"https:\/\/opinionpublica.com.ar\/index\/wp-json\/wp\/v2\/tags?post=9102"}],"curies":[{"name":"wp","href":"https:\/\/api.w.org\/{rel}","templated":true}]}}