{"id":9107,"date":"2025-03-27T09:30:22","date_gmt":"2025-03-27T12:30:22","guid":{"rendered":"https:\/\/opinionpublica.com.ar\/index\/?p=9107"},"modified":"2025-03-27T09:30:22","modified_gmt":"2025-03-27T12:30:22","slug":"desregulan-el-turismo-en-parques-nacionales-para-ampliar-la-oferta-y-reducir-costos","status":"publish","type":"post","link":"https:\/\/opinionpublica.com.ar\/index\/desregulan-el-turismo-en-parques-nacionales-para-ampliar-la-oferta-y-reducir-costos\/","title":{"rendered":"Desregulan el turismo en parques nacionales para ampliar la oferta y reducir costos"},"content":{"rendered":"<div id=\"tdi_73\" class=\"tdc-row stretch_row_1400 td-stretch-content\">\n<div class=\"vc_row tdi_74  wpb_row td-pb-row tdc-element-style\">\n<div class=\"vc_column tdi_76  wpb_column vc_column_container tdc-column td-pb-span12\">\n<div class=\"wpb_wrapper\">\n<div class=\"td_block_wrap tdb_title tdi_78 tdb-single-title td-pb-border-top td_block_template_1\" data-td-block-uid=\"tdi_78\">\n<div class=\"tdb-block-inner td-fix-index\">\n<p class=\"tdb-title-text\"><strong>Desregulan el turismo en parques nacionales para ampliar la oferta y reducir costos<\/strong><\/p>\n<\/div>\n<\/div>\n<\/div>\n<\/div>\n<\/div>\n<\/div>\n<div id=\"tdi_79\" class=\"tdc-row stretch_row_1200 td-stretch-content\">\n<div class=\"vc_row tdi_80  wpb_row td-pb-row\">\n<div class=\"vc_column tdi_82  wpb_column vc_column_container tdc-column td-pb-span8\">\n<div class=\"wpb_wrapper\">\n<div class=\"td_block_wrap tdb_single_content tdi_84 td-pb-border-top td_block_template_1 td-post-content tagdiv-type\" data-td-block-uid=\"tdi_84\">\n<div class=\"tdb-block-inner td-fix-index\">\n<p>Mediante dos resoluciones oficiales, se eliminan requisitos burocr\u00e1ticos y la obligatoriedad de gu\u00edas tur\u00edsticos, buscando democratizar el acceso. El ministro Sturzenegger defendi\u00f3 la medida como un paso hacia la competencia y la libertad de elecci\u00f3n, aunque genera pol\u00e9mica en el sector.<\/p>\n<p><a href=\"https:\/\/opinionpublica.com.ar\/index\/wp-content\/uploads\/2024\/07\/parques-nacionales-calafate.jpg\"><img fetchpriority=\"high\" decoding=\"async\" class=\"alignnone size-full wp-image-4311\" src=\"https:\/\/opinionpublica.com.ar\/index\/wp-content\/uploads\/2024\/07\/parques-nacionales-calafate.jpg\" alt=\"\" width=\"1024\" height=\"600\" srcset=\"https:\/\/opinionpublica.com.ar\/index\/wp-content\/uploads\/2024\/07\/parques-nacionales-calafate.jpg 1024w, https:\/\/opinionpublica.com.ar\/index\/wp-content\/uploads\/2024\/07\/parques-nacionales-calafate-300x176.jpg 300w, https:\/\/opinionpublica.com.ar\/index\/wp-content\/uploads\/2024\/07\/parques-nacionales-calafate-768x450.jpg 768w\" sizes=\"(max-width: 1024px) 100vw, 1024px\" \/><\/a><br \/>\nEl Gobierno nacional oficializ\u00f3 este mi\u00e9rcoles la desregulaci\u00f3n de la actividad tur\u00edstica en los 39 parques nacionales del pa\u00eds, una medida que apunta a eliminar trabas administrativas y fomentar una mayor competencia en el sector. Las Resoluciones 61\/2025 y 62\/2025, publicadas en el Bolet\u00edn Oficial y firmadas por Cristian Larsen, titular de<br \/>\nParques Nacionales, establecen la simplificaci\u00f3n de registros y la eliminaci\u00f3n de \u00abrequisitos excesivos\u00bb, con el objetivo de reducir tr\u00e1mites burocr\u00e1ticos y ampliar la oferta de servicios.<\/p>\n<p>El ministro de Desregulaci\u00f3n y Transformaci\u00f3n del Estado, Federico Sturzenegger, celebr\u00f3 la medida y la defini\u00f3 como un avance hacia la \u00ablibertad de elegir\u00bb en el acceso a las \u00e1reas protegidas. \u00abMientras que antes la oferta estaba limitada y monopolizada en algunos prestadores, ahora cualquier operador podr\u00e1 ofrecer excursiones sin superar inmensos escollos ni contratar gu\u00edas obligatoriamente\u00bb, explic\u00f3. Seg\u00fan el funcionario, el modelo anterior convert\u00eda a los parques en \u00abespacios inaccesibles\u00bb para muchos argentinos, favoreciendo concesiones<br \/>\nexclusivas que encarec\u00edan las experiencias tur\u00edsticas.<\/p>\n<p>En un extenso hilo publicado en su cuenta de X, Sturzenegger ejemplific\u00f3 su postura con el caso del minitrekking sobre el glaciar Perito Moreno, una excursi\u00f3n que actualmente ronda los 400 d\u00f3lares por persona y que,<br \/>\nseg\u00fan \u00e9l, deber\u00eda costar significativamente menos. \u00abUna familia de cinco termina gastando 2000 d\u00f3lares en una caminata de cuatro horas, cuando en otros pa\u00edses experiencias similares o m\u00e1s extensas son mucho m\u00e1s<br \/>\naccesibles\u00bb, argument\u00f3. El ministro atribuy\u00f3 este fen\u00f3meno a un sistema de concesiones exclusivas y una burocracia que, en su visi\u00f3n, distorsion\u00f3 el prop\u00f3sito original de los parques como bienes p\u00fablicos.<br \/>\nSin embargo, la medida no est\u00e1 exenta de controversias. La eliminaci\u00f3n de la obligatoriedad de gu\u00edas tur\u00edsticos ya ha generado rechazo en algunas regiones, como Ushuaia, donde la semana pasada se registraron<br \/>\nmovilizaciones de trabajadores del sector. Los cr\u00edticos argumentan que la desregulaci\u00f3n podr\u00eda afectar la calidad de los servicios y la conservaci\u00f3n de los espacios naturales.<\/p>\n<p><a href=\"https:\/\/opinionpublica.com.ar\/index\/wp-content\/uploads\/2024\/07\/parque-nacionales-los-glaciares.jpg\"><img decoding=\"async\" class=\"alignnone size-full wp-image-4312\" src=\"https:\/\/opinionpublica.com.ar\/index\/wp-content\/uploads\/2024\/07\/parque-nacionales-los-glaciares.jpg\" alt=\"\" width=\"600\" height=\"338\" srcset=\"https:\/\/opinionpublica.com.ar\/index\/wp-content\/uploads\/2024\/07\/parque-nacionales-los-glaciares.jpg 600w, https:\/\/opinionpublica.com.ar\/index\/wp-content\/uploads\/2024\/07\/parque-nacionales-los-glaciares-300x169.jpg 300w\" sizes=\"(max-width: 600px) 100vw, 600px\" \/><\/a><br \/>\nEl Gobierno, no obstante, insiste en que el nuevo esquema promover\u00e1 una oferta \u00abamplia, competitiva y diversa\u00bb, ajustada a distintos presupuestos y preferencias. \u00abNos devuelve la libertad de poder elegir c\u00f3mo, con qui\u00e9n y a qu\u00e9 precio disfrutar nuestros parques\u00bb, afirm\u00f3 Sturzenegger, quien adem\u00e1s destac\u00f3 que la administraci\u00f3n de Javier Milei busca priorizar el acceso masivo a estos bienes p\u00fablicos sin caer en lo que calific\u00f3 como \u00abel loteo de parques en beneficio de unos pocos\u00bb. Las resoluciones entrar\u00e1n en vigencia inmediatamente, marcando un<br \/>\ncambio de paradigma en la gesti\u00f3n del turismo dentro de las \u00e1reas protegidas.<\/p>\n<\/div>\n<\/div>\n<\/div>\n<\/div>\n<\/div>\n<\/div>\n","protected":false},"excerpt":{"rendered":"<p>Desregulan el turismo en parques nacionales para ampliar la oferta y reducir costos Mediante dos resoluciones oficiales, se<\/p>\n","protected":false},"author":8,"featured_media":2651,"comment_status":"open","ping_status":"open","sticky":false,"template":"","format":"standard","meta":{"footnotes":""},"categories":[3,23],"tags":[2451,392],"class_list":["post-9107","post","type-post","status-publish","format-standard","has-post-thumbnail","hentry","category-nacionales","category-turismo","tag-desregulacion","tag-parques-nacionales"],"featured_image_urls":{"full":["https:\/\/opinionpublica.com.ar\/index\/wp-content\/uploads\/2024\/05\/Parque-Nacional-bahia-lapataia.jpg",1200,800,false],"thumbnail":["https:\/\/opinionpublica.com.ar\/index\/wp-content\/uploads\/2024\/05\/Parque-Nacional-bahia-lapataia-150x150.jpg",150,150,true],"medium":["https:\/\/opinionpublica.com.ar\/index\/wp-content\/uploads\/2024\/05\/Parque-Nacional-bahia-lapataia-300x200.jpg",300,200,true],"medium_large":["https:\/\/opinionpublica.com.ar\/index\/wp-content\/uploads\/2024\/05\/Parque-Nacional-bahia-lapataia-768x512.jpg",640,427,true],"large":["https:\/\/opinionpublica.com.ar\/index\/wp-content\/uploads\/2024\/05\/Parque-Nacional-bahia-lapataia-1024x683.jpg",640,427,true],"1536x1536":["https:\/\/opinionpublica.com.ar\/index\/wp-content\/uploads\/2024\/05\/Parque-Nacional-bahia-lapataia.jpg",1200,800,false],"2048x2048":["https:\/\/opinionpublica.com.ar\/index\/wp-content\/uploads\/2024\/05\/Parque-Nacional-bahia-lapataia.jpg",1200,800,false],"morenews-large":["https:\/\/opinionpublica.com.ar\/index\/wp-content\/uploads\/2024\/05\/Parque-Nacional-bahia-lapataia-825x575.jpg",825,575,true],"morenews-medium":["https:\/\/opinionpublica.com.ar\/index\/wp-content\/uploads\/2024\/05\/Parque-Nacional-bahia-lapataia-590x410.jpg",590,410,true]},"author_info":{"display_name":"RKing","author_link":"https:\/\/opinionpublica.com.ar\/index\/author\/rking\/"},"category_info":"<a href=\"https:\/\/opinionpublica.com.ar\/index\/category\/nacionales\/\" rel=\"category tag\">Nacionales<\/a> <a href=\"https:\/\/opinionpublica.com.ar\/index\/category\/turismo\/\" rel=\"category tag\">Turismo<\/a>","tag_info":"Turismo","comment_count":"0","_links":{"self":[{"href":"https:\/\/opinionpublica.com.ar\/index\/wp-json\/wp\/v2\/posts\/9107","targetHints":{"allow":["GET"]}}],"collection":[{"href":"https:\/\/opinionpublica.com.ar\/index\/wp-json\/wp\/v2\/posts"}],"about":[{"href":"https:\/\/opinionpublica.com.ar\/index\/wp-json\/wp\/v2\/types\/post"}],"author":[{"embeddable":true,"href":"https:\/\/opinionpublica.com.ar\/index\/wp-json\/wp\/v2\/users\/8"}],"replies":[{"embeddable":true,"href":"https:\/\/opinionpublica.com.ar\/index\/wp-json\/wp\/v2\/comments?post=9107"}],"version-history":[{"count":1,"href":"https:\/\/opinionpublica.com.ar\/index\/wp-json\/wp\/v2\/posts\/9107\/revisions"}],"predecessor-version":[{"id":9108,"href":"https:\/\/opinionpublica.com.ar\/index\/wp-json\/wp\/v2\/posts\/9107\/revisions\/9108"}],"wp:featuredmedia":[{"embeddable":true,"href":"https:\/\/opinionpublica.com.ar\/index\/wp-json\/wp\/v2\/media\/2651"}],"wp:attachment":[{"href":"https:\/\/opinionpublica.com.ar\/index\/wp-json\/wp\/v2\/media?parent=9107"}],"wp:term":[{"taxonomy":"category","embeddable":true,"href":"https:\/\/opinionpublica.com.ar\/index\/wp-json\/wp\/v2\/categories?post=9107"},{"taxonomy":"post_tag","embeddable":true,"href":"https:\/\/opinionpublica.com.ar\/index\/wp-json\/wp\/v2\/tags?post=9107"}],"curies":[{"name":"wp","href":"https:\/\/api.w.org\/{rel}","templated":true}]}}