{"id":9231,"date":"2025-04-04T11:01:08","date_gmt":"2025-04-04T14:01:08","guid":{"rendered":"https:\/\/opinionpublica.com.ar\/index\/?p=9231"},"modified":"2025-04-04T11:01:08","modified_gmt":"2025-04-04T14:01:08","slug":"la-cgt-de-rio-grande-adhiere-al-paro-del-10-de-abril","status":"publish","type":"post","link":"https:\/\/opinionpublica.com.ar\/index\/la-cgt-de-rio-grande-adhiere-al-paro-del-10-de-abril\/","title":{"rendered":"LA CGT DE R\u00cdO GRANDE ADHIERE AL PARO DEL 10 DE ABRIL"},"content":{"rendered":"<header class=\"entry-header\">\n<p class=\"entry-title\"><strong>LA CGT DE R\u00cdO GRANDE ADHIERE AL PARO DEL 10 DE ABRIL<\/strong><\/p>\n<\/header>\n<div class=\"entry-content clearfix\">\n<p>La Confederaci\u00f3n General del Trabajo de R\u00edo Grande confirm\u00f3 que ser\u00e1 parte de la jornada nacional del pr\u00f3ximo jueves 10, convocada por la central a nivel nacional. Hoy, en la sede de Camioneros, se definen los detalles de la convocatoria y no se descarta alg\u00fan tipo de manifestaci\u00f3n callejera.<\/p>\n<p><a href=\"https:\/\/opinionpublica.com.ar\/index\/wp-content\/uploads\/2025\/04\/cgt-820x360-rio-grande.jpg\"><img fetchpriority=\"high\" decoding=\"async\" class=\"alignnone size-full wp-image-9232\" src=\"https:\/\/opinionpublica.com.ar\/index\/wp-content\/uploads\/2025\/04\/cgt-820x360-rio-grande.jpg\" alt=\"\" width=\"820\" height=\"360\" srcset=\"https:\/\/opinionpublica.com.ar\/index\/wp-content\/uploads\/2025\/04\/cgt-820x360-rio-grande.jpg 820w, https:\/\/opinionpublica.com.ar\/index\/wp-content\/uploads\/2025\/04\/cgt-820x360-rio-grande-300x132.jpg 300w, https:\/\/opinionpublica.com.ar\/index\/wp-content\/uploads\/2025\/04\/cgt-820x360-rio-grande-768x337.jpg 768w\" sizes=\"(max-width: 820px) 100vw, 820px\" \/><\/a><\/p>\n<p>Desde la Confederaci\u00f3n General del Trabajo de R\u00edo Grande, se refirieron a la actividad prevista para este 10 de abril. El comunicado indica que se decidi\u00f3 \u201cinformar la decisi\u00f3n un\u00e1nime de los secretarios Generales que integran esta seccional, despu\u00e9s de la reuni\u00f3n realizada en el d\u00eda de la fecha, d\u00f3nde se resolvi\u00f3 acatar las medidas que se llevar\u00e1n a cabo desde la Confederaci\u00f3n General del Trabajo a nivel nacional para este 10 de abril\u201d.<\/p>\n<p>M\u00e1s adelante, se expresa que \u201csiguiendo el mismo plan de lucha, unidos y organizados, en defensa de los derechos de cada ciudadano de esta naci\u00f3n y en contra de las medidas arbitrarias y en detrimento no s\u00f3lo de trabajadores, sino tambi\u00e9n de jubilados y todo el pueblo argentino, se acompa\u00f1ar\u00e1 la decisi\u00f3n de la Confederaci\u00f3n General del Trabajo a nivel nacional para este 10 de abril\u201d, se indica respecto de la decisi\u00f3n de los dirigentes nacionales de la CGT de llevar adelante el paro.<\/p>\n<p>Finalmente, se se\u00f1ala en el comunicado que este viernes 4 de abril (por hoy) se llevar\u00e1 a cabo otra asamblea con organizaciones sindicales, en la sede de Camioneros a las 10 de la ma\u00f1ana, para \u201cterminar de organizar nuestro paro nacional\u201d. El comunicado cierra convocando al 10 de abril a una \u201cJornada de Paro Nacional y Movilizaci\u00f3n\u201d.<\/p>\n<p>&nbsp;<\/p>\n<\/div>\n","protected":false},"excerpt":{"rendered":"<p>LA CGT DE R\u00cdO GRANDE ADHIERE AL PARO DEL 10 DE ABRIL La Confederaci\u00f3n General del Trabajo de<\/p>\n","protected":false},"author":8,"featured_media":9232,"comment_status":"open","ping_status":"open","sticky":false,"template":"","format":"standard","meta":{"footnotes":""},"categories":[25],"tags":[522,90],"class_list":["post-9231","post","type-post","status-publish","format-standard","has-post-thumbnail","hentry","category-rio-grande","tag-cgt","tag-paro"],"featured_image_urls":{"full":["https:\/\/opinionpublica.com.ar\/index\/wp-content\/uploads\/2025\/04\/cgt-820x360-rio-grande.jpg",820,360,false],"thumbnail":["https:\/\/opinionpublica.com.ar\/index\/wp-content\/uploads\/2025\/04\/cgt-820x360-rio-grande-150x150.jpg",150,150,true],"medium":["https:\/\/opinionpublica.com.ar\/index\/wp-content\/uploads\/2025\/04\/cgt-820x360-rio-grande-300x132.jpg",300,132,true],"medium_large":["https:\/\/opinionpublica.com.ar\/index\/wp-content\/uploads\/2025\/04\/cgt-820x360-rio-grande-768x337.jpg",640,281,true],"large":["https:\/\/opinionpublica.com.ar\/index\/wp-content\/uploads\/2025\/04\/cgt-820x360-rio-grande.jpg",640,281,false],"1536x1536":["https:\/\/opinionpublica.com.ar\/index\/wp-content\/uploads\/2025\/04\/cgt-820x360-rio-grande.jpg",820,360,false],"2048x2048":["https:\/\/opinionpublica.com.ar\/index\/wp-content\/uploads\/2025\/04\/cgt-820x360-rio-grande.jpg",820,360,false],"morenews-large":["https:\/\/opinionpublica.com.ar\/index\/wp-content\/uploads\/2025\/04\/cgt-820x360-rio-grande.jpg",820,360,false],"morenews-medium":["https:\/\/opinionpublica.com.ar\/index\/wp-content\/uploads\/2025\/04\/cgt-820x360-rio-grande-590x360.jpg",590,360,true]},"author_info":{"display_name":"RKing","author_link":"https:\/\/opinionpublica.com.ar\/index\/author\/rking\/"},"category_info":"<a href=\"https:\/\/opinionpublica.com.ar\/index\/category\/rio-grande\/\" rel=\"category tag\">Rio Grande<\/a>","tag_info":"Rio Grande","comment_count":"0","_links":{"self":[{"href":"https:\/\/opinionpublica.com.ar\/index\/wp-json\/wp\/v2\/posts\/9231","targetHints":{"allow":["GET"]}}],"collection":[{"href":"https:\/\/opinionpublica.com.ar\/index\/wp-json\/wp\/v2\/posts"}],"about":[{"href":"https:\/\/opinionpublica.com.ar\/index\/wp-json\/wp\/v2\/types\/post"}],"author":[{"embeddable":true,"href":"https:\/\/opinionpublica.com.ar\/index\/wp-json\/wp\/v2\/users\/8"}],"replies":[{"embeddable":true,"href":"https:\/\/opinionpublica.com.ar\/index\/wp-json\/wp\/v2\/comments?post=9231"}],"version-history":[{"count":1,"href":"https:\/\/opinionpublica.com.ar\/index\/wp-json\/wp\/v2\/posts\/9231\/revisions"}],"predecessor-version":[{"id":9233,"href":"https:\/\/opinionpublica.com.ar\/index\/wp-json\/wp\/v2\/posts\/9231\/revisions\/9233"}],"wp:featuredmedia":[{"embeddable":true,"href":"https:\/\/opinionpublica.com.ar\/index\/wp-json\/wp\/v2\/media\/9232"}],"wp:attachment":[{"href":"https:\/\/opinionpublica.com.ar\/index\/wp-json\/wp\/v2\/media?parent=9231"}],"wp:term":[{"taxonomy":"category","embeddable":true,"href":"https:\/\/opinionpublica.com.ar\/index\/wp-json\/wp\/v2\/categories?post=9231"},{"taxonomy":"post_tag","embeddable":true,"href":"https:\/\/opinionpublica.com.ar\/index\/wp-json\/wp\/v2\/tags?post=9231"}],"curies":[{"name":"wp","href":"https:\/\/api.w.org\/{rel}","templated":true}]}}