{"id":9237,"date":"2025-04-06T23:20:03","date_gmt":"2025-04-07T02:20:03","guid":{"rendered":"https:\/\/opinionpublica.com.ar\/index\/?p=9237"},"modified":"2025-05-11T15:25:44","modified_gmt":"2025-05-11T18:25:44","slug":"el-par-realizo-una-jornada-voluntaria-de-limpieza-y-mejoras-en-la-plaza-infantil-del-barrio-progreso","status":"publish","type":"post","link":"https:\/\/opinionpublica.com.ar\/index\/el-par-realizo-una-jornada-voluntaria-de-limpieza-y-mejoras-en-la-plaza-infantil-del-barrio-progreso\/","title":{"rendered":"El PAR realiz\u00f3 una jornada voluntaria de limpieza y mejoras en la plaza infantil del Barrio Progreso"},"content":{"rendered":"<p><strong>El PAR realiz\u00f3 una jornada voluntaria de limpieza y mejoras en la plaza infantil del Barrio Progreso<\/strong><\/p>\n<p>Ushuaia, 6 de abril de 2025 \u2013 En una muestra de compromiso con la comunidad, el partido pol\u00edtico PAR llev\u00f3 adelante este Domingo una jornada voluntaria de limpieza y puesta en valor de la plaza infantil del barrio Progreso, de Ushuaia. La actividad reuni\u00f3 a militantes, voluntarios que, herramientas en mano, trabajaron en conjunto para mejorar el espacio de recreaci\u00f3n de los m\u00e1s chicos.<\/p>\n<p><a href=\"https:\/\/opinionpublica.com.ar\/index\/wp-content\/uploads\/2025\/04\/beeba28f-07d4-4928-8fbf-d8c0b7ea6203-plaza-infantil-1.jpg\"><img fetchpriority=\"high\" decoding=\"async\" class=\"alignnone size-full wp-image-9239\" src=\"https:\/\/opinionpublica.com.ar\/index\/wp-content\/uploads\/2025\/04\/beeba28f-07d4-4928-8fbf-d8c0b7ea6203-plaza-infantil-1.jpg\" alt=\"\" width=\"960\" height=\"1280\" srcset=\"https:\/\/opinionpublica.com.ar\/index\/wp-content\/uploads\/2025\/04\/beeba28f-07d4-4928-8fbf-d8c0b7ea6203-plaza-infantil-1.jpg 960w, https:\/\/opinionpublica.com.ar\/index\/wp-content\/uploads\/2025\/04\/beeba28f-07d4-4928-8fbf-d8c0b7ea6203-plaza-infantil-1-225x300.jpg 225w, https:\/\/opinionpublica.com.ar\/index\/wp-content\/uploads\/2025\/04\/beeba28f-07d4-4928-8fbf-d8c0b7ea6203-plaza-infantil-1-768x1024.jpg 768w\" sizes=\"(max-width: 960px) 100vw, 960px\" \/><\/a><\/p>\n<p>Integrantes del espacio comenzaron con tareas de recolecci\u00f3n de residuos, pintura de juegos, arreglo de bancos y desmalezamiento del sector verde. La iniciativa surgi\u00f3 como parte de una serie de acciones comunitarias que el partido PAR va a empezar a desarrollar en distintos barrios de la ciudad, con el objetivo de fortalecer el v\u00ednculo social y promover el cuidado del entorno.<\/p>\n<p>\u00abEntendemos la pol\u00edtica como una herramienta para transformar realidades, y eso tambi\u00e9n implica involucrarse en el d\u00eda a d\u00eda de los barrios. Hoy vinimos a aportar con trabajo voluntario para que los chicos del barrio Progreso tengan un lugar digno y seguro donde jugar, entendemos la pol\u00edtica de este modo, pensando siempre en el bien com\u00fan, con compromiso real\u00bb, expresaron desde las autoridades del Partido.<\/p>\n<p><a href=\"https:\/\/opinionpublica.com.ar\/index\/wp-content\/uploads\/2025\/04\/7c530755-4bc0-4564-a203-245baa240bc0-plaza-infantil-2.jpg\"><img decoding=\"async\" class=\"alignnone size-full wp-image-9238\" src=\"https:\/\/opinionpublica.com.ar\/index\/wp-content\/uploads\/2025\/04\/7c530755-4bc0-4564-a203-245baa240bc0-plaza-infantil-2.jpg\" alt=\"\" width=\"1280\" height=\"762\" srcset=\"https:\/\/opinionpublica.com.ar\/index\/wp-content\/uploads\/2025\/04\/7c530755-4bc0-4564-a203-245baa240bc0-plaza-infantil-2.jpg 1280w, https:\/\/opinionpublica.com.ar\/index\/wp-content\/uploads\/2025\/04\/7c530755-4bc0-4564-a203-245baa240bc0-plaza-infantil-2-300x179.jpg 300w, https:\/\/opinionpublica.com.ar\/index\/wp-content\/uploads\/2025\/04\/7c530755-4bc0-4564-a203-245baa240bc0-plaza-infantil-2-1024x610.jpg 1024w, https:\/\/opinionpublica.com.ar\/index\/wp-content\/uploads\/2025\/04\/7c530755-4bc0-4564-a203-245baa240bc0-plaza-infantil-2-768x457.jpg 768w\" sizes=\"(max-width: 1280px) 100vw, 1280px\" \/><\/a><\/p>\n<p>Con esta actividad, el grupo PAR reafirma su presencia territorial y su intenci\u00f3n de construir desde el hacer, promoviendo valores de solidaridad, participaci\u00f3n ciudadana y responsabilidad colectiva.<\/p>\n<p>Vecinos del barrio que se acercaron a colaborar destacaron la importancia de este tipo de acciones. \u00abEs lindo ver a la gente comprometida con mejorar los espacios comunes. La plaza estaba bastante descuidada y ahora se ve mucho mejor, es el pedido de los barrios, que los pol\u00edticos dejen de pelear entre s\u00ed y se ocupen por la gente\u00bb.<\/p>\n","protected":false},"excerpt":{"rendered":"<p>El PAR realiz\u00f3 una jornada voluntaria de limpieza y mejoras en la plaza infantil del Barrio Progreso Ushuaia,<\/p>\n","protected":false},"author":8,"featured_media":9240,"comment_status":"open","ping_status":"open","sticky":false,"template":"","format":"standard","meta":{"footnotes":""},"categories":[21],"tags":[3360,1925,3361],"class_list":["post-9237","post","type-post","status-publish","format-standard","has-post-thumbnail","hentry","category-ushuaia","tag-barrio-progreso","tag-par","tag-plaza-infantil"],"featured_image_urls":{"full":["https:\/\/opinionpublica.com.ar\/index\/wp-content\/uploads\/2025\/04\/ce3c600b-d8a4-4fa1-adfb-6c1f047a4d61-plaza-infantil.jpg",1280,960,false],"thumbnail":["https:\/\/opinionpublica.com.ar\/index\/wp-content\/uploads\/2025\/04\/ce3c600b-d8a4-4fa1-adfb-6c1f047a4d61-plaza-infantil-150x150.jpg",150,150,true],"medium":["https:\/\/opinionpublica.com.ar\/index\/wp-content\/uploads\/2025\/04\/ce3c600b-d8a4-4fa1-adfb-6c1f047a4d61-plaza-infantil-300x225.jpg",300,225,true],"medium_large":["https:\/\/opinionpublica.com.ar\/index\/wp-content\/uploads\/2025\/04\/ce3c600b-d8a4-4fa1-adfb-6c1f047a4d61-plaza-infantil-768x576.jpg",640,480,true],"large":["https:\/\/opinionpublica.com.ar\/index\/wp-content\/uploads\/2025\/04\/ce3c600b-d8a4-4fa1-adfb-6c1f047a4d61-plaza-infantil-1024x768.jpg",640,480,true],"1536x1536":["https:\/\/opinionpublica.com.ar\/index\/wp-content\/uploads\/2025\/04\/ce3c600b-d8a4-4fa1-adfb-6c1f047a4d61-plaza-infantil.jpg",1280,960,false],"2048x2048":["https:\/\/opinionpublica.com.ar\/index\/wp-content\/uploads\/2025\/04\/ce3c600b-d8a4-4fa1-adfb-6c1f047a4d61-plaza-infantil.jpg",1280,960,false],"morenews-large":["https:\/\/opinionpublica.com.ar\/index\/wp-content\/uploads\/2025\/04\/ce3c600b-d8a4-4fa1-adfb-6c1f047a4d61-plaza-infantil-825x575.jpg",825,575,true],"morenews-medium":["https:\/\/opinionpublica.com.ar\/index\/wp-content\/uploads\/2025\/04\/ce3c600b-d8a4-4fa1-adfb-6c1f047a4d61-plaza-infantil-590x410.jpg",590,410,true]},"author_info":{"display_name":"RKing","author_link":"https:\/\/opinionpublica.com.ar\/index\/author\/rking\/"},"category_info":"<a href=\"https:\/\/opinionpublica.com.ar\/index\/category\/ushuaia\/\" rel=\"category tag\">Ushuaia<\/a>","tag_info":"Ushuaia","comment_count":"0","_links":{"self":[{"href":"https:\/\/opinionpublica.com.ar\/index\/wp-json\/wp\/v2\/posts\/9237","targetHints":{"allow":["GET"]}}],"collection":[{"href":"https:\/\/opinionpublica.com.ar\/index\/wp-json\/wp\/v2\/posts"}],"about":[{"href":"https:\/\/opinionpublica.com.ar\/index\/wp-json\/wp\/v2\/types\/post"}],"author":[{"embeddable":true,"href":"https:\/\/opinionpublica.com.ar\/index\/wp-json\/wp\/v2\/users\/8"}],"replies":[{"embeddable":true,"href":"https:\/\/opinionpublica.com.ar\/index\/wp-json\/wp\/v2\/comments?post=9237"}],"version-history":[{"count":2,"href":"https:\/\/opinionpublica.com.ar\/index\/wp-json\/wp\/v2\/posts\/9237\/revisions"}],"predecessor-version":[{"id":9242,"href":"https:\/\/opinionpublica.com.ar\/index\/wp-json\/wp\/v2\/posts\/9237\/revisions\/9242"}],"wp:featuredmedia":[{"embeddable":true,"href":"https:\/\/opinionpublica.com.ar\/index\/wp-json\/wp\/v2\/media\/9240"}],"wp:attachment":[{"href":"https:\/\/opinionpublica.com.ar\/index\/wp-json\/wp\/v2\/media?parent=9237"}],"wp:term":[{"taxonomy":"category","embeddable":true,"href":"https:\/\/opinionpublica.com.ar\/index\/wp-json\/wp\/v2\/categories?post=9237"},{"taxonomy":"post_tag","embeddable":true,"href":"https:\/\/opinionpublica.com.ar\/index\/wp-json\/wp\/v2\/tags?post=9237"}],"curies":[{"name":"wp","href":"https:\/\/api.w.org\/{rel}","templated":true}]}}