{"id":9243,"date":"2025-04-07T10:21:02","date_gmt":"2025-04-07T13:21:02","guid":{"rendered":"https:\/\/opinionpublica.com.ar\/index\/?p=9243"},"modified":"2025-04-07T10:21:02","modified_gmt":"2025-04-07T13:21:02","slug":"us-632-748-para-iniciar-la-reparacion-de-la-rolls-royce","status":"publish","type":"post","link":"https:\/\/opinionpublica.com.ar\/index\/us-632-748-para-iniciar-la-reparacion-de-la-rolls-royce\/","title":{"rendered":"U$S 632.748 para iniciar la reparaci\u00f3n de la Rolls Royce"},"content":{"rendered":"<p class=\"titulo_individual_noticia\"><strong>U$S 632.748 para iniciar la reparaci\u00f3n de la Rolls Royce<\/strong><\/p>\n<div class=\"copete_individual_noticia\">La inversi\u00f3n est\u00e1 referida a la contrataci\u00f3n de la empresa Siemens para realizar trabajos de actualizaci\u00f3n de la Turbina Rolls Royce, y representa un 15% del monto que oportunamente autoriz\u00f3 el FAMP para financiar la totalidad de los trabajos a realizar a la TG7 para que pueda generar uno 26MW.<\/div>\n<div><\/div>\n<div class=\"clear_both\"><a href=\"https:\/\/opinionpublica.com.ar\/index\/wp-content\/uploads\/2024\/09\/5089569373298994369-900x600_c-usina.jpg\"><img fetchpriority=\"high\" decoding=\"async\" class=\"alignnone size-full wp-image-5378\" src=\"https:\/\/opinionpublica.com.ar\/index\/wp-content\/uploads\/2024\/09\/5089569373298994369-900x600_c-usina.jpg\" alt=\"\" width=\"900\" height=\"600\" srcset=\"https:\/\/opinionpublica.com.ar\/index\/wp-content\/uploads\/2024\/09\/5089569373298994369-900x600_c-usina.jpg 900w, https:\/\/opinionpublica.com.ar\/index\/wp-content\/uploads\/2024\/09\/5089569373298994369-900x600_c-usina-300x200.jpg 300w, https:\/\/opinionpublica.com.ar\/index\/wp-content\/uploads\/2024\/09\/5089569373298994369-900x600_c-usina-768x512.jpg 768w\" sizes=\"(max-width: 900px) 100vw, 900px\" \/><\/a><\/div>\n<div><\/div>\n<div class=\"contenido_individual_noticia\">\n<div class=\"contenedor_primera_letra_individual_noticia\">El Poder Ejecutivo aprob\u00f3 la contrataci\u00f3n directa de la empresa Siemens para la prestaci\u00f3n de servicios especializado para la actualizaci\u00f3n del sistema de medici\u00f3n de posici\u00f3n de \u00e1labes variables y reemplazo de \u00e1labes estacionarios de la turbina de potencia, generador de gases y rotor de la turbina de potencia del generador Rolls Royce de la Usina de Ushuaia.<\/div>\n<p>El monto de esta primera contrataci\u00f3n asciende a los 632.748 d\u00f3lares y el desembolso \u201cser\u00e1 solventado con recursos provenientes del Fondo para la Ampliaci\u00f3n de<\/p>\n<p>la Matriz Productiva Fueguina\u00bb, seg\u00fan se indica en el considerando del decreto 846\/25, que fuera dictado el viernes 21 de marzo y publicado el pasado jueves 3.<\/p>\n<p>Es de tener en cuenta \u00a0\u00a0 que los servicios contratados son parte de un trabajo de mantenimiento y reparaci\u00f3n integral m\u00e1s profundo a realizar sobre el principal equipo de generaci\u00f3n con el que cuenta la usina de Ushuaia.<\/p>\n<p>A principios de este a\u00f1o, durante la primera reuni\u00f3n del 2025, el Comit\u00e9 Ejecutivo de Fondo para la Ampliaci\u00f3n de la Matriz Productiva Fueguina dio el visto bueno al financiamiento de m\u00e1s de 16 mil millones de pesos que hab\u00eda solicitado el Gobierno para poder afrontar los trabajos de reparaci\u00f3n, mantenimiento y actualizaci\u00f3n del parque de generaci\u00f3n de la capital provincial. De ese monto, 4<strong>.<\/strong>533 millones de pesos (un 28%) est\u00e1n afectados a la puesta a punto de la Rolls Royce, de manera tal que ese equipo quede en condiciones de generar y aportar al sistema energ\u00e9tico de Ushuaia unos 26 MW. La parte restante, 11.655 millones de pesos tienen como destino financiar la reparaci\u00f3n y puesta a punto de las 4 turbinas Solar Taurus T-60 (TG8, TG11, TG13 y TG14), para recuperar as\u00ed otros 14 MW de capacidad de generaci\u00f3n de energ\u00eda el\u00e9ctrica.<\/p>\n<\/div>\n<div class=\"tags_individual_noticia\">\n<div class=\"titulo_tags_individual_noticias\"><\/div>\n<\/div>\n","protected":false},"excerpt":{"rendered":"<p>U$S 632.748 para iniciar la reparaci\u00f3n de la Rolls Royce La inversi\u00f3n est\u00e1 referida a la contrataci\u00f3n de<\/p>\n","protected":false},"author":8,"featured_media":4080,"comment_status":"open","ping_status":"open","sticky":false,"template":"","format":"standard","meta":{"footnotes":""},"categories":[21],"tags":[1083,1784],"class_list":["post-9243","post","type-post","status-publish","format-standard","has-post-thumbnail","hentry","category-ushuaia","tag-energia","tag-usina"],"featured_image_urls":{"full":["https:\/\/opinionpublica.com.ar\/index\/wp-content\/uploads\/2024\/06\/usina-ushuaia.jpg",880,586,false],"thumbnail":["https:\/\/opinionpublica.com.ar\/index\/wp-content\/uploads\/2024\/06\/usina-ushuaia-150x150.jpg",150,150,true],"medium":["https:\/\/opinionpublica.com.ar\/index\/wp-content\/uploads\/2024\/06\/usina-ushuaia-300x200.jpg",300,200,true],"medium_large":["https:\/\/opinionpublica.com.ar\/index\/wp-content\/uploads\/2024\/06\/usina-ushuaia-768x511.jpg",640,426,true],"large":["https:\/\/opinionpublica.com.ar\/index\/wp-content\/uploads\/2024\/06\/usina-ushuaia.jpg",640,426,false],"1536x1536":["https:\/\/opinionpublica.com.ar\/index\/wp-content\/uploads\/2024\/06\/usina-ushuaia.jpg",880,586,false],"2048x2048":["https:\/\/opinionpublica.com.ar\/index\/wp-content\/uploads\/2024\/06\/usina-ushuaia.jpg",880,586,false],"morenews-large":["https:\/\/opinionpublica.com.ar\/index\/wp-content\/uploads\/2024\/06\/usina-ushuaia-825x575.jpg",825,575,true],"morenews-medium":["https:\/\/opinionpublica.com.ar\/index\/wp-content\/uploads\/2024\/06\/usina-ushuaia-590x410.jpg",590,410,true]},"author_info":{"display_name":"RKing","author_link":"https:\/\/opinionpublica.com.ar\/index\/author\/rking\/"},"category_info":"<a href=\"https:\/\/opinionpublica.com.ar\/index\/category\/ushuaia\/\" rel=\"category tag\">Ushuaia<\/a>","tag_info":"Ushuaia","comment_count":"0","_links":{"self":[{"href":"https:\/\/opinionpublica.com.ar\/index\/wp-json\/wp\/v2\/posts\/9243","targetHints":{"allow":["GET"]}}],"collection":[{"href":"https:\/\/opinionpublica.com.ar\/index\/wp-json\/wp\/v2\/posts"}],"about":[{"href":"https:\/\/opinionpublica.com.ar\/index\/wp-json\/wp\/v2\/types\/post"}],"author":[{"embeddable":true,"href":"https:\/\/opinionpublica.com.ar\/index\/wp-json\/wp\/v2\/users\/8"}],"replies":[{"embeddable":true,"href":"https:\/\/opinionpublica.com.ar\/index\/wp-json\/wp\/v2\/comments?post=9243"}],"version-history":[{"count":1,"href":"https:\/\/opinionpublica.com.ar\/index\/wp-json\/wp\/v2\/posts\/9243\/revisions"}],"predecessor-version":[{"id":9244,"href":"https:\/\/opinionpublica.com.ar\/index\/wp-json\/wp\/v2\/posts\/9243\/revisions\/9244"}],"wp:featuredmedia":[{"embeddable":true,"href":"https:\/\/opinionpublica.com.ar\/index\/wp-json\/wp\/v2\/media\/4080"}],"wp:attachment":[{"href":"https:\/\/opinionpublica.com.ar\/index\/wp-json\/wp\/v2\/media?parent=9243"}],"wp:term":[{"taxonomy":"category","embeddable":true,"href":"https:\/\/opinionpublica.com.ar\/index\/wp-json\/wp\/v2\/categories?post=9243"},{"taxonomy":"post_tag","embeddable":true,"href":"https:\/\/opinionpublica.com.ar\/index\/wp-json\/wp\/v2\/tags?post=9243"}],"curies":[{"name":"wp","href":"https:\/\/api.w.org\/{rel}","templated":true}]}}