{"id":9267,"date":"2025-04-08T11:13:11","date_gmt":"2025-04-08T14:13:11","guid":{"rendered":"https:\/\/opinionpublica.com.ar\/index\/?p=9267"},"modified":"2025-04-08T11:13:11","modified_gmt":"2025-04-08T14:13:11","slug":"valter-tavarone-si-yo-fuera-el-intendente-retiraria-el-proyecto","status":"publish","type":"post","link":"https:\/\/opinionpublica.com.ar\/index\/valter-tavarone-si-yo-fuera-el-intendente-retiraria-el-proyecto\/","title":{"rendered":"Valter Tavarone: Si yo fuera el Intendente, retirar\u00eda el proyecto"},"content":{"rendered":"<div class=\"et_pb_row et_pb_row_0_tb_body\">\n<div class=\"et_pb_column et_pb_column_4_4 et_pb_column_0_tb_body  et_pb_css_mix_blend_mode_passthrough et-last-child\">\n<div class=\"et_pb_module et_pb_post_title et_pb_post_title_0_tb_body et_pb_bg_layout_light  et_pb_text_align_left\">\n<div class=\"et_pb_title_container\">\n<p class=\"entry-title\"><strong>Valter Tavarone: Si yo fuera el Intendente, retirar\u00eda el proyecto<\/strong><\/p>\n<\/div>\n<\/div>\n<\/div>\n<\/div>\n<div class=\"et_pb_row et_pb_row_1_tb_body\">\n<div class=\"et_pb_column et_pb_column_3_5 et_pb_column_2_tb_body  et_pb_css_mix_blend_mode_passthrough\">\n<div class=\"et_pb_module et_pb_post_content et_pb_post_content_0_tb_body\">\n<p class=\"has-medium-font-size\">El edil se mostr\u00f3 de acuerdo con la resoluci\u00f3n del Consejo Provincial de Medio Ambiente en torno al tema y consider\u00f3 que el Intendente deber\u00eda retirar el proyecto. A trav\u00e9s del mismo, cedi\u00f3 72 hect\u00e1reas en custodia a la empresa privada. Desde el bloque de Somos Fueguinos proponen que la zona sea declarada Reserva Natural Urbana.<\/p>\n<p><a href=\"https:\/\/opinionpublica.com.ar\/index\/wp-content\/uploads\/2024\/06\/Valter-Tavarone.webp\"><img fetchpriority=\"high\" decoding=\"async\" class=\"alignnone size-full wp-image-3654\" src=\"https:\/\/opinionpublica.com.ar\/index\/wp-content\/uploads\/2024\/06\/Valter-Tavarone.webp\" alt=\"\" width=\"1200\" height=\"675\" srcset=\"https:\/\/opinionpublica.com.ar\/index\/wp-content\/uploads\/2024\/06\/Valter-Tavarone.webp 1200w, https:\/\/opinionpublica.com.ar\/index\/wp-content\/uploads\/2024\/06\/Valter-Tavarone-300x169.webp 300w, https:\/\/opinionpublica.com.ar\/index\/wp-content\/uploads\/2024\/06\/Valter-Tavarone-1024x576.webp 1024w, https:\/\/opinionpublica.com.ar\/index\/wp-content\/uploads\/2024\/06\/Valter-Tavarone-768x432.webp 768w\" sizes=\"(max-width: 1200px) 100vw, 1200px\" \/><\/a><\/p>\n<p>El concejal de Ushuaia por Somos Fueguinos, Valter Tavarone, cuestion\u00f3 el convenio que la Municipalidad de Ushuaia firm\u00f3 con la empresa Alarken SA y destac\u00f3 los fundamentos de la resoluci\u00f3n emitida por el Consejo Provincial de Medio Ambiente.<\/p>\n<p><strong><em>\u201cMuchos de los argumentos que se utilizaron en el dictamen son los que esgrim\u00ed en oportunidad de discutir el problema que nos planteaba la cesi\u00f3n de bosque natural urbano, o bosque nativo. a una empresa privada de nuestra ciudad\u201d<\/em><\/strong>, indic\u00f3 el edil en Radio Provincia..<\/p>\n<p>Tavarone record\u00f3 que su bloque present\u00f3 un proyecto alternativo, que est\u00e1 en la Comisi\u00f3n N\u00b0 1, para fomentar la creaci\u00f3n de una reserva natural urbana, con un plan de manejo determinado que se adapte a\u00a0<strong><em>toda la normativa que hay en materia de legislaci\u00f3n medioambiental.<\/em><\/strong><\/p>\n<p><strong><em>\u201cEntendemos que todos esos espacios verdes que est\u00e1n dentro del ejido urbano son patrimonio com\u00fan de todos los vecinos de Ushuaia y que por lo tanto, al no contemplarse la figura de la cesi\u00f3n en custodia dentro de nuestra Carta Org\u00e1nica ni estar legislado lo que pretende plasmar en un convenio el Intendente, ese convenio no tendr\u00eda que haber prosperado\u201d<\/em><\/strong>, afirm\u00f3 el concejal en\u00a0radio Provincia\u00a0y consider\u00f3 que el espacio en cuesti\u00f3n\u00a0<strong><em>\u201ces patrimonio de todos\u201d<\/em><\/strong>.<\/p>\n<p><strong><em>\u201cM\u00e1s all\u00e1 de que uno respete y est\u00e9 totalmente de acuerdo con la inversi\u00f3n privada, no hay que confundir la preservaci\u00f3n del medio ambiente con alg\u00fan tipo de explotaci\u00f3n comercial\u201d<\/em><\/strong>, remarc\u00f3.<\/p>\n<p><strong><em>\u201cEn los t\u00e9rminos que estaba firmado ese convenio con el Intendente Vuoto, no nos daba ning\u00fan tipo de garant\u00eda, primero por la duraci\u00f3n inicial; segundo porque era prorrogable por veinte a\u00f1os m\u00e1s, llevaba el convenio a 50 a\u00f1os; tercero porque la inversi\u00f3n en relaci\u00f3n al tiempo era irrazonable a nuestro criterio\u00a0 y cuarto porque nuestra Carta Org\u00e1nica establece que tiene que haber un procedimiento de selecci\u00f3n transparente\u201d<\/em><\/strong>, adujo el edil.<\/p>\n<p>A trav\u00e9s del cuestionado convenio, el Municipio ced\u00eda a Alarken una superficie de 72 hect\u00e1reas, ubicadas al norte del actual predio privado de dicha compa\u00f1\u00eda, para su preservaci\u00f3n y para desarrollar un proyecto tur\u00edstico que incluir\u00e1 centro de visitantes, ba\u00f1os, estacionamiento, infraestructura para caballos y alquiler de bicicletas.<\/p>\n<p>Tavarone se\u00f1al\u00f3 que\u00a0<strong><em>\u201ca\u00fan creando una reserva natural urbana se puede dar el manejo con terminados estudios de impacto ambiental, como dice el informe, pero no en la forma directa que plante\u00f3 el Intendente, porque eso va en contra de nuestra Constituci\u00f3n\u201d<\/em><\/strong>.<\/p>\n<p>Adem\u00e1s, el predio, linda con un sector que fue declarado sitio RAMSAR y cuya tutela corresponde al Estado Provincial.<\/p>\n<p><strong><em>\u201cSi yo fuera el Intendente, retirar\u00eda el proyecto\u201d<\/em><\/strong>, enfatiz\u00f3 Tavarone y adelant\u00f3 que para la pr\u00f3xima reuni\u00f3n de la Comisi\u00f3n N\u00b0 1 su bloque pretende que se inicie el tratamiento de creaci\u00f3n de reserva natural urbana para proteger esa \u00e1rea com\u00fan, y preservar ese espacio verde para goce y disfrute de todos los habitantes de la ciudad de Ushuaia.<\/p>\n<p><strong><em>\u201cNuestra Carta Org\u00e1nica prev\u00e9 la conservaci\u00f3n del medio ambiente urbano y periurbano y tambi\u00e9n prev\u00e9 el acceso libre a todas estas zonas protegidas y la constituci\u00f3n de servidumbre si as\u00ed fuera necesario cosa que, por ejemplo, con el Glaciar Martial hoy no ocurre a nivel provincial. Para poder acceder al Martial los vecinos de Ushuaia tenemos que pagar\u201d<\/em><\/strong>, concluy\u00f3 Valter Tavarone.<\/p>\n<p>&nbsp;<\/p>\n<\/div>\n<\/div>\n<\/div>\n","protected":false},"excerpt":{"rendered":"<p>Valter Tavarone: Si yo fuera el Intendente, retirar\u00eda el proyecto El edil se mostr\u00f3 de acuerdo con la<\/p>\n","protected":false},"author":8,"featured_media":6941,"comment_status":"open","ping_status":"open","sticky":false,"template":"","format":"standard","meta":{"footnotes":""},"categories":[27,21],"tags":[311,892],"class_list":["post-9267","post","type-post","status-publish","format-standard","has-post-thumbnail","hentry","category-politica","category-ushuaia","tag-concejal","tag-valter-tavarone"],"featured_image_urls":{"full":["https:\/\/opinionpublica.com.ar\/index\/wp-content\/uploads\/2024\/11\/TAVARONE-scaled-1.jpg",800,533,false],"thumbnail":["https:\/\/opinionpublica.com.ar\/index\/wp-content\/uploads\/2024\/11\/TAVARONE-scaled-1-150x150.jpg",150,150,true],"medium":["https:\/\/opinionpublica.com.ar\/index\/wp-content\/uploads\/2024\/11\/TAVARONE-scaled-1-300x200.jpg",300,200,true],"medium_large":["https:\/\/opinionpublica.com.ar\/index\/wp-content\/uploads\/2024\/11\/TAVARONE-scaled-1-768x512.jpg",640,427,true],"large":["https:\/\/opinionpublica.com.ar\/index\/wp-content\/uploads\/2024\/11\/TAVARONE-scaled-1.jpg",640,426,false],"1536x1536":["https:\/\/opinionpublica.com.ar\/index\/wp-content\/uploads\/2024\/11\/TAVARONE-scaled-1.jpg",800,533,false],"2048x2048":["https:\/\/opinionpublica.com.ar\/index\/wp-content\/uploads\/2024\/11\/TAVARONE-scaled-1.jpg",800,533,false],"morenews-large":["https:\/\/opinionpublica.com.ar\/index\/wp-content\/uploads\/2024\/11\/TAVARONE-scaled-1.jpg",800,533,false],"morenews-medium":["https:\/\/opinionpublica.com.ar\/index\/wp-content\/uploads\/2024\/11\/TAVARONE-scaled-1-590x410.jpg",590,410,true]},"author_info":{"display_name":"RKing","author_link":"https:\/\/opinionpublica.com.ar\/index\/author\/rking\/"},"category_info":"<a href=\"https:\/\/opinionpublica.com.ar\/index\/category\/politica\/\" rel=\"category tag\">Politica<\/a> <a href=\"https:\/\/opinionpublica.com.ar\/index\/category\/ushuaia\/\" rel=\"category tag\">Ushuaia<\/a>","tag_info":"Ushuaia","comment_count":"0","_links":{"self":[{"href":"https:\/\/opinionpublica.com.ar\/index\/wp-json\/wp\/v2\/posts\/9267","targetHints":{"allow":["GET"]}}],"collection":[{"href":"https:\/\/opinionpublica.com.ar\/index\/wp-json\/wp\/v2\/posts"}],"about":[{"href":"https:\/\/opinionpublica.com.ar\/index\/wp-json\/wp\/v2\/types\/post"}],"author":[{"embeddable":true,"href":"https:\/\/opinionpublica.com.ar\/index\/wp-json\/wp\/v2\/users\/8"}],"replies":[{"embeddable":true,"href":"https:\/\/opinionpublica.com.ar\/index\/wp-json\/wp\/v2\/comments?post=9267"}],"version-history":[{"count":1,"href":"https:\/\/opinionpublica.com.ar\/index\/wp-json\/wp\/v2\/posts\/9267\/revisions"}],"predecessor-version":[{"id":9268,"href":"https:\/\/opinionpublica.com.ar\/index\/wp-json\/wp\/v2\/posts\/9267\/revisions\/9268"}],"wp:featuredmedia":[{"embeddable":true,"href":"https:\/\/opinionpublica.com.ar\/index\/wp-json\/wp\/v2\/media\/6941"}],"wp:attachment":[{"href":"https:\/\/opinionpublica.com.ar\/index\/wp-json\/wp\/v2\/media?parent=9267"}],"wp:term":[{"taxonomy":"category","embeddable":true,"href":"https:\/\/opinionpublica.com.ar\/index\/wp-json\/wp\/v2\/categories?post=9267"},{"taxonomy":"post_tag","embeddable":true,"href":"https:\/\/opinionpublica.com.ar\/index\/wp-json\/wp\/v2\/tags?post=9267"}],"curies":[{"name":"wp","href":"https:\/\/api.w.org\/{rel}","templated":true}]}}