{"id":9306,"date":"2025-04-09T17:07:31","date_gmt":"2025-04-09T20:07:31","guid":{"rendered":"https:\/\/opinionpublica.com.ar\/index\/?p=9306"},"modified":"2025-04-09T17:07:31","modified_gmt":"2025-04-09T20:07:31","slug":"tierra-del-fuego-se-posiciona-en-estados-unidos-como-destino-internacional","status":"publish","type":"post","link":"https:\/\/opinionpublica.com.ar\/index\/tierra-del-fuego-se-posiciona-en-estados-unidos-como-destino-internacional\/","title":{"rendered":"Tierra del Fuego se posiciona en Estados Unidos como destino internacional"},"content":{"rendered":"<header class=\"article-header\" data-tadevel-template=\"web\/article-header\">\n<p class=\"article-title\"><strong>Tierra del Fuego se posiciona en Estados Unidos como destino internacional<\/strong><\/p>\n<p class=\"article-deck\">La provincia promocion\u00f3 sus experiencias en Nueva York y Miami para atraer al mercado tur\u00edstico de ese pa\u00eds. Naturaleza, aventura y cultura fueron los ejes.<\/p>\n<p><a href=\"https:\/\/opinionpublica.com.ar\/index\/wp-content\/uploads\/2024\/06\/ushuaia-turismo-argentina-e1551133953153.jpg\"><img fetchpriority=\"high\" decoding=\"async\" class=\"alignnone size-full wp-image-4217\" src=\"https:\/\/opinionpublica.com.ar\/index\/wp-content\/uploads\/2024\/06\/ushuaia-turismo-argentina-e1551133953153.jpg\" alt=\"\" width=\"1440\" height=\"600\" srcset=\"https:\/\/opinionpublica.com.ar\/index\/wp-content\/uploads\/2024\/06\/ushuaia-turismo-argentina-e1551133953153.jpg 1440w, https:\/\/opinionpublica.com.ar\/index\/wp-content\/uploads\/2024\/06\/ushuaia-turismo-argentina-e1551133953153-300x125.jpg 300w, https:\/\/opinionpublica.com.ar\/index\/wp-content\/uploads\/2024\/06\/ushuaia-turismo-argentina-e1551133953153-1024x427.jpg 1024w, https:\/\/opinionpublica.com.ar\/index\/wp-content\/uploads\/2024\/06\/ushuaia-turismo-argentina-e1551133953153-768x320.jpg 768w\" sizes=\"(max-width: 1440px) 100vw, 1440px\" \/><\/a><\/p>\n<\/header>\n<div class=\"columns\" data-tadevel-template=\"web\/article-columns\">\n<div class=\"column-main\">\n<div class=\"article-body\" data-tadevel-template=\"web\/article-body\">\n<div class=\"article-body-content\">\n<p><strong>Tierra del Fuego<\/strong>\u00a0contin\u00faa consolidando su posicionamiento como uno de los destinos m\u00e1s atractivos de la Patagonia Argentina. Del 1 al 3 de abril, una delegaci\u00f3n integrada por autoridades y prestadores de servicios tur\u00edsticos fueguinos particip\u00f3 en el evento comercial\u00a0<strong>Buy Patagonia<\/strong>, realizado en\u00a0<strong>Nueva York y Miami<\/strong>, con el objetivo de captar la atenci\u00f3n del exigente mercado estadounidense y fomentar el arribo de viajeros internacionales durante todo el a\u00f1o.<\/p>\n<p>Esta acci\u00f3n promocional, organizada por el\u00a0<strong>Ente Patagonia Argentina<\/strong>\u00a0y el\u00a0<strong>Instituto Nacional de Promoci\u00f3n Tur\u00edstica (Inprotur)<\/strong>, represent\u00f3 una oportunidad estrat\u00e9gica para visibilizar la oferta tur\u00edstica del sur argentino. La participaci\u00f3n de Tierra del Fuego, en articulaci\u00f3n con otras provincias patag\u00f3nicas, no solo refuerza su posicionamiento global, sino que tambi\u00e9n permite establecer v\u00ednculos clave con operadores y agencias de viajes de Estados Unidos, un mercado en constante expansi\u00f3n y con alto poder adquisitivo.<\/p>\n<figure class=\"multimedia\" data-type=\"photo\" data-tadevel-template=\"web\/multimedia\">\n<div class=\"content\">\n<div class=\"\" data-sizer=\"aspect-ratio\" data-tadevel-template=\"web\/aspect-ratio\"><picture data-tadevel-template=\"web\/picture\"><source srcset=\"https:\/\/mensajero-assets.tadevel-cdn.com\/67f4295d670be767a1313b5b\/180.webp 179w, https:\/\/mensajero-assets.tadevel-cdn.com\/67f4295d670be767a1313b5b\/360.webp 358w, https:\/\/mensajero-assets.tadevel-cdn.com\/67f4295d670be767a1313b5b\/720.webp 716w\" type=\"image\/webp\" sizes=\"(min-device-width: 768px) 768px, 200px\" \/><source srcset=\"https:\/\/mensajero-assets.tadevel-cdn.com\/67f4295d670be767a1313b5b\/720.jpeg 716w\" type=\"image\/jpeg\" sizes=\"(min-device-width: 768px) 768px, 200px\" \/><\/picture>\n<div class=\"overlay\"><\/div>\n<\/div>\n<\/div>\n<\/figure>\n<h3>Buy Patagonia: una vidriera de experiencias fueguinas<\/h3>\n<p><strong>Buy Patagonia<\/strong>\u00a0es un evento comercial que incluye\u00a0<strong>rondas de negocios y capacitaciones<\/strong>\u00a0dirigidas a profesionales del turismo norteamericano. Este a\u00f1o, m\u00e1s de 40 representantes del sector p\u00fablico y privado de las provincias patag\u00f3nicas dijeron presente, incluyendo a prestadores tur\u00edsticos de Tierra del Fuego que mostraron la\u00a0<strong>diversidad de experiencias<\/strong>\u00a0que ofrece el fin del mundo.<\/p>\n<p>El presidente del Infuetur y titular del\u00a0<strong>Ente Patagonia<\/strong>,\u00a0<strong>Dante Querciali<\/strong>, destac\u00f3 la importancia de participar en estos encuentros internacionales:<\/p>\n<p>\u201cEste es un trabajo sostenido junto a las provincias de la regi\u00f3n para posicionar a la Patagonia en un mercado estrat\u00e9gico como Estados Unidos, que ya es el segundo m\u00e1s importante despu\u00e9s de Brasil\u201d.<\/p>\n<figure class=\"multimedia\" data-type=\"photo\" data-tadevel-template=\"web\/multimedia\">\n<div class=\"content\">\n<div class=\"\" data-sizer=\"aspect-ratio\" data-tadevel-template=\"web\/aspect-ratio\"><picture data-tadevel-template=\"web\/picture\"><source srcset=\"https:\/\/mensajero-assets.tadevel-cdn.com\/67f4296a670be767a1313c45\/180.webp 178w, https:\/\/mensajero-assets.tadevel-cdn.com\/67f4296a670be767a1313c45\/360.webp 356w, https:\/\/mensajero-assets.tadevel-cdn.com\/67f4296a670be767a1313c45\/720.webp 712w\" type=\"image\/webp\" sizes=\"(min-device-width: 768px) 768px, 200px\" \/><source srcset=\"https:\/\/mensajero-assets.tadevel-cdn.com\/67f4296a670be767a1313c45\/720.jpeg 712w\" type=\"image\/jpeg\" sizes=\"(min-device-width: 768px) 768px, 200px\" \/><\/picture>\n<div class=\"overlay\"><a href=\"https:\/\/opinionpublica.com.ar\/index\/wp-content\/uploads\/2024\/06\/ushuaia-turismo-1.webp\"><img decoding=\"async\" class=\"alignnone size-full wp-image-4218\" src=\"https:\/\/opinionpublica.com.ar\/index\/wp-content\/uploads\/2024\/06\/ushuaia-turismo-1.webp\" alt=\"\" width=\"1200\" height=\"675\" srcset=\"https:\/\/opinionpublica.com.ar\/index\/wp-content\/uploads\/2024\/06\/ushuaia-turismo-1.webp 1200w, https:\/\/opinionpublica.com.ar\/index\/wp-content\/uploads\/2024\/06\/ushuaia-turismo-1-300x169.webp 300w, https:\/\/opinionpublica.com.ar\/index\/wp-content\/uploads\/2024\/06\/ushuaia-turismo-1-1024x576.webp 1024w, https:\/\/opinionpublica.com.ar\/index\/wp-content\/uploads\/2024\/06\/ushuaia-turismo-1-768x432.webp 768w\" sizes=\"(max-width: 1200px) 100vw, 1200px\" \/><\/a><\/div>\n<\/div>\n<\/div>\n<\/figure>\n<p>Durante las jornadas en Nueva York y Miami, Tierra del Fuego present\u00f3 su oferta pensada para los segmentos de\u00a0<strong>turismo de naturaleza, aventura, cultural, reuniones, cruceros, pesca deportiva, enogastronom\u00eda y avistamiento de fauna<\/strong>. Tambi\u00e9n se promocionaron\u00a0<strong>alojamientos de alta gama, estancias rurales, agencias receptivas y experiencias premium<\/strong>, ideales para un p\u00fablico que busca exclusividad y contacto con la naturaleza.<\/p>\n<p>Gracias a su\u00a0<strong>biodiversidad \u00fanica, paisajes imponentes y propuestas diferenciadoras<\/strong>, Tierra del Fuego se consolida como una joya del sur argentino, ideal para viajeros que buscan vivir experiencias memorables.<\/p>\n<p>La presencia de Tierra del Fuego en este evento no ser\u00eda posible sin la articulaci\u00f3n p\u00fablico-privada. En este sentido, el\u00a0<strong>INFUETUR<\/strong>\u00a0subray\u00f3 el acompa\u00f1amiento de la\u00a0<strong>C\u00e1mara de Turismo de Tierra del Fuego<\/strong>, la\u00a0<strong>Asociaci\u00f3n Fueguina de Agencias de Viajes y Turismo (AAFUEVYT)<\/strong>, la\u00a0<strong>C\u00e1mara Hotelera y Gastron\u00f3mica de la provincia<\/strong>, y la\u00a0<strong>Asociaci\u00f3n de Hoteles de Turismo de Argentina (AHT)<\/strong>. Todos ellos trabajaron de forma coordinada para ofrecer una imagen s\u00f3lida, profesional y atractiva del destino.<\/p>\n<figure class=\"multimedia\" data-type=\"photo\" data-tadevel-template=\"web\/multimedia\">\n<div class=\"content\">\n<div class=\"\" data-sizer=\"aspect-ratio\" data-tadevel-template=\"web\/aspect-ratio\"><picture data-tadevel-template=\"web\/picture\"><source srcset=\"https:\/\/mensajero-assets.tadevel-cdn.com\/67f42975670be767a1313d34\/180.webp 151w, https:\/\/mensajero-assets.tadevel-cdn.com\/67f42975670be767a1313d34\/360.webp 303w, https:\/\/mensajero-assets.tadevel-cdn.com\/67f42975670be767a1313d34\/720.webp 606w\" type=\"image\/webp\" sizes=\"(min-device-width: 768px) 768px, 200px\" \/><source srcset=\"https:\/\/mensajero-assets.tadevel-cdn.com\/67f42975670be767a1313d34\/720.jpeg 606w\" type=\"image\/jpeg\" sizes=\"(min-device-width: 768px) 768px, 200px\" \/><\/picture>\n<div class=\"overlay\"><a href=\"https:\/\/opinionpublica.com.ar\/index\/wp-content\/uploads\/2024\/08\/turismo-ushuaia.jpg\"><img decoding=\"async\" class=\"alignnone size-full wp-image-4696\" src=\"https:\/\/opinionpublica.com.ar\/index\/wp-content\/uploads\/2024\/08\/turismo-ushuaia.jpg\" alt=\"\" width=\"1920\" height=\"1080\" srcset=\"https:\/\/opinionpublica.com.ar\/index\/wp-content\/uploads\/2024\/08\/turismo-ushuaia.jpg 1920w, https:\/\/opinionpublica.com.ar\/index\/wp-content\/uploads\/2024\/08\/turismo-ushuaia-300x169.jpg 300w, https:\/\/opinionpublica.com.ar\/index\/wp-content\/uploads\/2024\/08\/turismo-ushuaia-1024x576.jpg 1024w, https:\/\/opinionpublica.com.ar\/index\/wp-content\/uploads\/2024\/08\/turismo-ushuaia-768x432.jpg 768w, https:\/\/opinionpublica.com.ar\/index\/wp-content\/uploads\/2024\/08\/turismo-ushuaia-1536x864.jpg 1536w\" sizes=\"(max-width: 1920px) 100vw, 1920px\" \/><\/a><\/div>\n<\/div>\n<\/div>\n<\/figure>\n<p>Esta participaci\u00f3n conjunta permite proyectar internacionalmente a Tierra del Fuego como un destino confiable, con servicios de calidad y una identidad \u00fanica que lo diferencia del resto de las propuestas sudamericanas.<\/p>\n<\/div>\n<\/div>\n<p><button class=\"style-scope view-comment-preview\"><\/button><\/div>\n<\/div>\n","protected":false},"excerpt":{"rendered":"<p>Tierra del Fuego se posiciona en Estados Unidos como destino internacional La provincia promocion\u00f3 sus experiencias en Nueva<\/p>\n","protected":false},"author":8,"featured_media":8877,"comment_status":"open","ping_status":"open","sticky":false,"template":"","format":"standard","meta":{"footnotes":""},"categories":[2,23],"tags":[3377,19],"class_list":["post-9306","post","type-post","status-publish","format-standard","has-post-thumbnail","hentry","category-tierra-del-fuego","category-turismo","tag-destino-internacional","tag-turismo"],"featured_image_urls":{"full":["https:\/\/opinionpublica.com.ar\/index\/wp-content\/uploads\/2025\/03\/31081453_2044830795773230_5588906260700332032_n-ushuaia-otono.jpg",768,960,false],"thumbnail":["https:\/\/opinionpublica.com.ar\/index\/wp-content\/uploads\/2025\/03\/31081453_2044830795773230_5588906260700332032_n-ushuaia-otono-150x150.jpg",150,150,true],"medium":["https:\/\/opinionpublica.com.ar\/index\/wp-content\/uploads\/2025\/03\/31081453_2044830795773230_5588906260700332032_n-ushuaia-otono-240x300.jpg",240,300,true],"medium_large":["https:\/\/opinionpublica.com.ar\/index\/wp-content\/uploads\/2025\/03\/31081453_2044830795773230_5588906260700332032_n-ushuaia-otono.jpg",640,800,false],"large":["https:\/\/opinionpublica.com.ar\/index\/wp-content\/uploads\/2025\/03\/31081453_2044830795773230_5588906260700332032_n-ushuaia-otono.jpg",640,800,false],"1536x1536":["https:\/\/opinionpublica.com.ar\/index\/wp-content\/uploads\/2025\/03\/31081453_2044830795773230_5588906260700332032_n-ushuaia-otono.jpg",768,960,false],"2048x2048":["https:\/\/opinionpublica.com.ar\/index\/wp-content\/uploads\/2025\/03\/31081453_2044830795773230_5588906260700332032_n-ushuaia-otono.jpg",768,960,false],"morenews-large":["https:\/\/opinionpublica.com.ar\/index\/wp-content\/uploads\/2025\/03\/31081453_2044830795773230_5588906260700332032_n-ushuaia-otono-768x575.jpg",768,575,true],"morenews-medium":["https:\/\/opinionpublica.com.ar\/index\/wp-content\/uploads\/2025\/03\/31081453_2044830795773230_5588906260700332032_n-ushuaia-otono-590x410.jpg",590,410,true]},"author_info":{"display_name":"RKing","author_link":"https:\/\/opinionpublica.com.ar\/index\/author\/rking\/"},"category_info":"<a href=\"https:\/\/opinionpublica.com.ar\/index\/category\/tierra-del-fuego\/\" rel=\"category tag\">Tierra del Fuego<\/a> <a href=\"https:\/\/opinionpublica.com.ar\/index\/category\/turismo\/\" rel=\"category tag\">Turismo<\/a>","tag_info":"Turismo","comment_count":"0","_links":{"self":[{"href":"https:\/\/opinionpublica.com.ar\/index\/wp-json\/wp\/v2\/posts\/9306","targetHints":{"allow":["GET"]}}],"collection":[{"href":"https:\/\/opinionpublica.com.ar\/index\/wp-json\/wp\/v2\/posts"}],"about":[{"href":"https:\/\/opinionpublica.com.ar\/index\/wp-json\/wp\/v2\/types\/post"}],"author":[{"embeddable":true,"href":"https:\/\/opinionpublica.com.ar\/index\/wp-json\/wp\/v2\/users\/8"}],"replies":[{"embeddable":true,"href":"https:\/\/opinionpublica.com.ar\/index\/wp-json\/wp\/v2\/comments?post=9306"}],"version-history":[{"count":1,"href":"https:\/\/opinionpublica.com.ar\/index\/wp-json\/wp\/v2\/posts\/9306\/revisions"}],"predecessor-version":[{"id":9307,"href":"https:\/\/opinionpublica.com.ar\/index\/wp-json\/wp\/v2\/posts\/9306\/revisions\/9307"}],"wp:featuredmedia":[{"embeddable":true,"href":"https:\/\/opinionpublica.com.ar\/index\/wp-json\/wp\/v2\/media\/8877"}],"wp:attachment":[{"href":"https:\/\/opinionpublica.com.ar\/index\/wp-json\/wp\/v2\/media?parent=9306"}],"wp:term":[{"taxonomy":"category","embeddable":true,"href":"https:\/\/opinionpublica.com.ar\/index\/wp-json\/wp\/v2\/categories?post=9306"},{"taxonomy":"post_tag","embeddable":true,"href":"https:\/\/opinionpublica.com.ar\/index\/wp-json\/wp\/v2\/tags?post=9306"}],"curies":[{"name":"wp","href":"https:\/\/api.w.org\/{rel}","templated":true}]}}