{"id":9326,"date":"2025-04-10T11:49:15","date_gmt":"2025-04-10T14:49:15","guid":{"rendered":"https:\/\/opinionpublica.com.ar\/index\/?p=9326"},"modified":"2025-04-10T11:49:15","modified_gmt":"2025-04-10T14:49:15","slug":"muniz-siccardi-dicen-que-no-dura-un-invierno-en-menoscabo-de-nuestros-trabajadores","status":"publish","type":"post","link":"https:\/\/opinionpublica.com.ar\/index\/muniz-siccardi-dicen-que-no-dura-un-invierno-en-menoscabo-de-nuestros-trabajadores\/","title":{"rendered":"Mu\u00f1iz Siccardi: Dicen que no dura un invierno, en menoscabo de nuestros trabajadores"},"content":{"rendered":"<section class=\"elementor-section elementor-top-section elementor-element elementor-element-0861e4f elementor-section-boxed elementor-section-height-default elementor-section-height-default\" data-id=\"0861e4f\" data-element_type=\"section\">\n<div class=\"elementor-container elementor-column-gap-default\">\n<div class=\"elementor-row\">\n<div class=\"elementor-column elementor-col-100 elementor-top-column elementor-element elementor-element-43b1334\" data-id=\"43b1334\" data-element_type=\"column\">\n<div class=\"elementor-column-wrap elementor-element-populated\">\n<div class=\"elementor-widget-wrap\">\n<div class=\"elementor-element elementor-element-4e7a5ac elementor-widget elementor-widget-theme-post-title elementor-page-title elementor-widget-heading\" data-id=\"4e7a5ac\" data-element_type=\"widget\" data-widget_type=\"theme-post-title.default\">\n<div class=\"elementor-widget-container\">\n<p class=\"elementor-heading-title elementor-size-default\"><strong>Mu\u00f1iz Siccardi: Dicen que no dura un invierno, en menoscabo de nuestros trabajadores<\/strong><\/p>\n<\/div>\n<\/div>\n<\/div>\n<\/div>\n<\/div>\n<\/div>\n<\/div>\n<\/section>\n<section class=\"elementor-section elementor-top-section elementor-element elementor-element-640466e elementor-section-boxed elementor-section-height-default elementor-section-height-default\" data-id=\"640466e\" data-element_type=\"section\">\n<div class=\"elementor-container elementor-column-gap-default\">\n<div class=\"elementor-row\">\n<div class=\"elementor-column elementor-col-100 elementor-top-column elementor-element elementor-element-2d4a842\" data-id=\"2d4a842\" data-element_type=\"column\">\n<div class=\"elementor-column-wrap elementor-element-populated\">\n<div class=\"elementor-widget-wrap\">\n<div class=\"elementor-element elementor-element-ff1c4ba elementor-widget elementor-widget-theme-post-content\" data-id=\"ff1c4ba\" data-element_type=\"widget\" data-widget_type=\"theme-post-content.default\">\n<div class=\"elementor-widget-container\">\n<p>La viceintendente municipal de Ushuaia, Gabriela Mu\u00f1iz Siccardi, refut\u00f3 las cr\u00edticas de la oposici\u00f3n sobre las tareas de repavimentaci\u00f3n que se est\u00e1n ejecutando.<span id=\"more-110325\"><\/span><\/p>\n<p><a href=\"https:\/\/opinionpublica.com.ar\/index\/wp-content\/uploads\/2025\/04\/c4c18f37b7525fb85b33f69b774feea5-1000muniz_sicardi_microfonos.jpg\"><img fetchpriority=\"high\" decoding=\"async\" class=\"alignnone size-full wp-image-9327\" src=\"https:\/\/opinionpublica.com.ar\/index\/wp-content\/uploads\/2025\/04\/c4c18f37b7525fb85b33f69b774feea5-1000muniz_sicardi_microfonos.jpg\" alt=\"\" width=\"1000\" height=\"666\" srcset=\"https:\/\/opinionpublica.com.ar\/index\/wp-content\/uploads\/2025\/04\/c4c18f37b7525fb85b33f69b774feea5-1000muniz_sicardi_microfonos.jpg 1000w, https:\/\/opinionpublica.com.ar\/index\/wp-content\/uploads\/2025\/04\/c4c18f37b7525fb85b33f69b774feea5-1000muniz_sicardi_microfonos-300x200.jpg 300w, https:\/\/opinionpublica.com.ar\/index\/wp-content\/uploads\/2025\/04\/c4c18f37b7525fb85b33f69b774feea5-1000muniz_sicardi_microfonos-768x511.jpg 768w\" sizes=\"(max-width: 1000px) 100vw, 1000px\" \/><\/a><\/p>\n<p>La adem\u00e1s presidente del Concejo Deliberante pidi\u00f3 respeto por el trabajo que realiza el personal municipal en las tareas de repavimentaci\u00f3n y defendi\u00f3 el criterio t\u00e9cnico que gu\u00eda cada intervenci\u00f3n. \u201cAc\u00e1 no se trata de lo est\u00e9tico, sino de la seguridad para circular\u201d, afirm\u00f3.<\/p>\n<p>&nbsp;<\/p>\n<p>La actual viceintendente y presidente del Concejo Deliberante de Ushuaia, Gabriela Carolina Mu\u00f1iz Siccardi, reclam\u00f3 p\u00fablicamente a referentes de la oposici\u00f3n que \u201cdejen de desconocer el trabajo de los empleados municipales\u201d y pidi\u00f3 \u201cmayor respeto por las tareas que ejecuta el personal de la Secretar\u00eda de Planificaci\u00f3n e Inversi\u00f3n P\u00fablica\u201d.<\/p>\n<p>\u201cCada intervenci\u00f3n que se realiza en la ciudad es el resultado de decisiones pol\u00edticas sostenidas por an\u00e1lisis t\u00e9cnicos y profesionales, y ejecutadas cabalmente por nuestros trabajadores municipales\u201d, afirm\u00f3 de modo rotundo.<\/p>\n<p>Mu\u00f1iz Siccardi lament\u00f3 que actores pol\u00edticos opositores intenten \u201cdesprestigiar\u201d las tareas viales, al sostener que las repavimentaciones \u201cno durar\u00e1n m\u00e1s all\u00e1 del invierno\u201d. En ese marco, explic\u00f3 que el bacheo y la repavimentaci\u00f3n no son intervenciones aisladas ni improvisadas, sino que implican trabajos previos, pruebas de suelo y determinaciones t\u00e9cnicas que apuntan a garantizar la transitabilidad, por encima de lo est\u00e9tico.<\/p>\n<p>La funcionaria compar\u00f3 adem\u00e1s los costos de repavimentar una calle con rehacerla desde cero: \u201cUna repavimentaci\u00f3n de 80 metros de largo por 4 de ancho, con un espesor de 5 cm, cuesta unos 20 millones de pesos, mientras que una obra nueva supera los 75 millones\u201d, detall\u00f3.<\/p>\n<p>Por otro lado, Mu\u00f1iz Siccardi cuestion\u00f3 a algunos concejales de la oposici\u00f3n quienes, seg\u00fan dijo, \u201cse enfocan en pedir obras pero no en legislar, que es la funci\u00f3n para la que fueron elegidos\u201d. Y agreg\u00f3: \u201cEs v\u00e1lido tener una postura distinta, pero hay proyectos que se rechazan solo por marcar una diferencia con el oficialismo\u201d.<\/p>\n<p>En cuanto al inicio de la construcci\u00f3n del nuevo edificio del Concejo Deliberante, la abogada respondi\u00f3 a las cr\u00edticas sobre el financiamiento y la oportunidad de la obra: \u201cNo se trata de hacer un edificio para los concejales, sino de un espacio necesario para el personal que hoy trabaja sin condiciones adecuadas, y eso tambi\u00e9n es una forma de violencia laboral\u201d, sostuvo.<\/p>\n<p>Aclar\u00f3 que los fondos asignados \u201cno est\u00e1n depositados en su totalidad sino que se transferir\u00e1n de manera progresiva desde el Ejecutivo\u201d. A la vez subray\u00f3 que se trata de una iniciativa aprobada en 2019, cuya ejecuci\u00f3n podr\u00eda incluso continuar durante la pr\u00f3xima gesti\u00f3n si no se concluye en el actual per\u00edodo.<\/p>\n<\/div>\n<\/div>\n<\/div>\n<\/div>\n<\/div>\n<\/div>\n<\/div>\n<\/section>\n","protected":false},"excerpt":{"rendered":"<p>Mu\u00f1iz Siccardi: Dicen que no dura un invierno, en menoscabo de nuestros trabajadores La viceintendente municipal de Ushuaia,<\/p>\n","protected":false},"author":8,"featured_media":9327,"comment_status":"open","ping_status":"open","sticky":false,"template":"","format":"standard","meta":{"footnotes":""},"categories":[21],"tags":[3383,3382],"class_list":["post-9326","post","type-post","status-publish","format-standard","has-post-thumbnail","hentry","category-ushuaia","tag-asfalto","tag-gabriela-muniz-siccardi"],"featured_image_urls":{"full":["https:\/\/opinionpublica.com.ar\/index\/wp-content\/uploads\/2025\/04\/c4c18f37b7525fb85b33f69b774feea5-1000muniz_sicardi_microfonos.jpg",1000,666,false],"thumbnail":["https:\/\/opinionpublica.com.ar\/index\/wp-content\/uploads\/2025\/04\/c4c18f37b7525fb85b33f69b774feea5-1000muniz_sicardi_microfonos-150x150.jpg",150,150,true],"medium":["https:\/\/opinionpublica.com.ar\/index\/wp-content\/uploads\/2025\/04\/c4c18f37b7525fb85b33f69b774feea5-1000muniz_sicardi_microfonos-300x200.jpg",300,200,true],"medium_large":["https:\/\/opinionpublica.com.ar\/index\/wp-content\/uploads\/2025\/04\/c4c18f37b7525fb85b33f69b774feea5-1000muniz_sicardi_microfonos-768x511.jpg",640,426,true],"large":["https:\/\/opinionpublica.com.ar\/index\/wp-content\/uploads\/2025\/04\/c4c18f37b7525fb85b33f69b774feea5-1000muniz_sicardi_microfonos.jpg",640,426,false],"1536x1536":["https:\/\/opinionpublica.com.ar\/index\/wp-content\/uploads\/2025\/04\/c4c18f37b7525fb85b33f69b774feea5-1000muniz_sicardi_microfonos.jpg",1000,666,false],"2048x2048":["https:\/\/opinionpublica.com.ar\/index\/wp-content\/uploads\/2025\/04\/c4c18f37b7525fb85b33f69b774feea5-1000muniz_sicardi_microfonos.jpg",1000,666,false],"morenews-large":["https:\/\/opinionpublica.com.ar\/index\/wp-content\/uploads\/2025\/04\/c4c18f37b7525fb85b33f69b774feea5-1000muniz_sicardi_microfonos-825x575.jpg",825,575,true],"morenews-medium":["https:\/\/opinionpublica.com.ar\/index\/wp-content\/uploads\/2025\/04\/c4c18f37b7525fb85b33f69b774feea5-1000muniz_sicardi_microfonos-590x410.jpg",590,410,true]},"author_info":{"display_name":"RKing","author_link":"https:\/\/opinionpublica.com.ar\/index\/author\/rking\/"},"category_info":"<a href=\"https:\/\/opinionpublica.com.ar\/index\/category\/ushuaia\/\" rel=\"category tag\">Ushuaia<\/a>","tag_info":"Ushuaia","comment_count":"0","_links":{"self":[{"href":"https:\/\/opinionpublica.com.ar\/index\/wp-json\/wp\/v2\/posts\/9326","targetHints":{"allow":["GET"]}}],"collection":[{"href":"https:\/\/opinionpublica.com.ar\/index\/wp-json\/wp\/v2\/posts"}],"about":[{"href":"https:\/\/opinionpublica.com.ar\/index\/wp-json\/wp\/v2\/types\/post"}],"author":[{"embeddable":true,"href":"https:\/\/opinionpublica.com.ar\/index\/wp-json\/wp\/v2\/users\/8"}],"replies":[{"embeddable":true,"href":"https:\/\/opinionpublica.com.ar\/index\/wp-json\/wp\/v2\/comments?post=9326"}],"version-history":[{"count":1,"href":"https:\/\/opinionpublica.com.ar\/index\/wp-json\/wp\/v2\/posts\/9326\/revisions"}],"predecessor-version":[{"id":9328,"href":"https:\/\/opinionpublica.com.ar\/index\/wp-json\/wp\/v2\/posts\/9326\/revisions\/9328"}],"wp:featuredmedia":[{"embeddable":true,"href":"https:\/\/opinionpublica.com.ar\/index\/wp-json\/wp\/v2\/media\/9327"}],"wp:attachment":[{"href":"https:\/\/opinionpublica.com.ar\/index\/wp-json\/wp\/v2\/media?parent=9326"}],"wp:term":[{"taxonomy":"category","embeddable":true,"href":"https:\/\/opinionpublica.com.ar\/index\/wp-json\/wp\/v2\/categories?post=9326"},{"taxonomy":"post_tag","embeddable":true,"href":"https:\/\/opinionpublica.com.ar\/index\/wp-json\/wp\/v2\/tags?post=9326"}],"curies":[{"name":"wp","href":"https:\/\/api.w.org\/{rel}","templated":true}]}}