{"id":9329,"date":"2025-04-10T11:56:14","date_gmt":"2025-04-10T14:56:14","guid":{"rendered":"https:\/\/opinionpublica.com.ar\/index\/?p=9329"},"modified":"2025-04-10T11:56:14","modified_gmt":"2025-04-10T14:56:14","slug":"martin-perez-confirmo-que-provincia-grande-sera-una-alternativa-electoral-opuesta-al-rumbo-nacional","status":"publish","type":"post","link":"https:\/\/opinionpublica.com.ar\/index\/martin-perez-confirmo-que-provincia-grande-sera-una-alternativa-electoral-opuesta-al-rumbo-nacional\/","title":{"rendered":"Mart\u00edn P\u00e9rez confirm\u00f3 que Provincia Grande ser\u00e1 una alternativa electoral opuesta al rumbo nacional"},"content":{"rendered":"<section class=\"principal\">\n<div class=\"fullpost__encabezado orden4\">\n<p class=\"fullpost__titulo\"><strong>Mart\u00edn P\u00e9rez confirm\u00f3 que Provincia Grande ser\u00e1 una alternativa electoral opuesta al rumbo nacional<\/strong><\/p>\n<p class=\"fullpost__copete\">El intendente de R\u00edo Grande, Mart\u00edn P\u00e9rez, confirm\u00f3 en di\u00e1logo con Radio Provincia que el partido Provincia Grande ya cuenta con reconocimiento federal y que se consolidar\u00e1 como herramienta pol\u00edtica para las pr\u00f3ximas elecciones intermedias.<\/p>\n<p><a href=\"https:\/\/opinionpublica.com.ar\/index\/wp-content\/uploads\/2024\/05\/martin-perez-intendente.jpg\"><img fetchpriority=\"high\" decoding=\"async\" class=\"alignnone size-full wp-image-2840\" src=\"https:\/\/opinionpublica.com.ar\/index\/wp-content\/uploads\/2024\/05\/martin-perez-intendente.jpg\" alt=\"\" width=\"880\" height=\"512\" srcset=\"https:\/\/opinionpublica.com.ar\/index\/wp-content\/uploads\/2024\/05\/martin-perez-intendente.jpg 880w, https:\/\/opinionpublica.com.ar\/index\/wp-content\/uploads\/2024\/05\/martin-perez-intendente-300x175.jpg 300w, https:\/\/opinionpublica.com.ar\/index\/wp-content\/uploads\/2024\/05\/martin-perez-intendente-768x447.jpg 768w\" sizes=\"(max-width: 880px) 100vw, 880px\" \/><\/a><\/p>\n<\/div>\n<\/section>\n<section class=\"extra1\">\n<div class=\"fullpost__main orden1  left\">\n<div class=\"fullpost__cuerpo\">\n<p>El intendente de R\u00edo Grande, Mart\u00edn P\u00e9rez, confirm\u00f3 en di\u00e1logo con Radio Provincia que el partido Provincia Grande ya cuenta con reconocimiento federal y que se consolidar\u00e1 como herramienta pol\u00edtica para las pr\u00f3ximas elecciones intermedias.<\/p>\n<div id=\"publi-1092\" class=\"publi publi-html C5\" data-nombre=\"Nota mitad    \"><ins class=\"adsbygoogle\" data-ad-client=\"ca-pub-9307984743748924\" data-ad-slot=\"1754837313\" data-ad-format=\"auto\" data-full-width-responsive=\"true\" data-adsbygoogle-status=\"done\" data-ad-status=\"filled\"><\/p>\n<div id=\"aswift_3_host\"><\/div>\n<p><\/ins><\/div>\n<p>\u201cEs un partido que nosotros constituimos ya hace varios a\u00f1os. De hecho, es el partido con el que participamos en las elecciones de 2023. Nuestros concejales en R\u00edo Grande son electos a partir de Provincia Grande\u201d, explic\u00f3.<\/p>\n<p>P\u00e9rez se\u00f1al\u00f3 que durante estos \u00faltimos dos a\u00f1os y medio se avanz\u00f3 en el fortalecimiento del espacio como una herramienta no s\u00f3lo electoral, sino tambi\u00e9n conceptual. En ese sentido, expres\u00f3: \u201cEstamos convencidos de que es necesario construir alternativas. Y la alternativa que entendemos mejor para nuestra gente tiene que ver con replicar un modelo de gesti\u00f3n que ha sido y sigue siendo valorado por nuestros vecinos\u201d.<\/p>\n<p>Adem\u00e1s, anticip\u00f3 que el espacio presentar\u00e1 propuestas tanto a nivel local como provincial, y no descart\u00f3 que tambi\u00e9n confluyan en el plano nacional, aunque dej\u00f3 claro que el posicionamiento ser\u00e1 de oposici\u00f3n al gobierno central:<\/p>\n<p>\u201cSer\u00e1 con una idea completamente contraria a lo que plantea la actual administraci\u00f3n nacional. No coincidimos con la mirada que tiene el presidente sobre aspectos centrales como la soberan\u00eda y la industria nacional\u201d.<\/p>\n<p>Consultado sobre si Provincia Grande presentar\u00e1 candidaturas a senadores y diputados, P\u00e9rez aclar\u00f3 que a\u00fan no hay definiciones concretas, pero s\u00ed una firme decisi\u00f3n de sostener las ideas que defiende el espacio: \u201cPrimero las ideas, despu\u00e9s la acci\u00f3n de gobierno y pol\u00edtica. Lo principal tiene que ver con eso: c\u00f3mo demostramos todos los d\u00edas nuestra acci\u00f3n pol\u00edtica cotidiana, c\u00f3mo sostenemos un Estado que haga obras y brinde respuestas en una realidad nacional que nos golpea\u201d.<\/p>\n<p>En este marco, record\u00f3 que el municipio de R\u00edo Grande no recibe financiamiento nacional ni acompa\u00f1amiento del gobierno provincial, lo que obliga a redoblar esfuerzos. Pese a ello, destac\u00f3 que la ciudad contin\u00faa brindando servicios clave gracias a una gesti\u00f3n ordenada y eficiente: \u201cS\u00f3lo en salud tenemos 15 dispositivos funcionando permanentemente, con m\u00e1s de 350 profesionales trabajando todos los d\u00edas para brindar un mejor servicio sanitario\u201d.<\/p>\n<p>El intendente tambi\u00e9n puso \u00e9nfasis en el rol del Estado en el abordaje de la salud mental, se\u00f1alando que desde el inicio de su gesti\u00f3n se asumi\u00f3 el compromiso de atender la problem\u00e1tica del suicidio en la ciudad: \u201cHubi\u00e9semos podido hacer que el gobierno de la provincia se ocupe exclusivamente del tema, pero elegimos crear un \u00e1rea espec\u00edfica de salud mental. El a\u00f1o pasado realizamos un congreso sobre prevenci\u00f3n del suicidio con m\u00e1s de 5.000 inscriptos en toda la provincia\u201d.<\/p>\n<p>Para cerrar, P\u00e9rez sostuvo que el sistema sanitario p\u00fablico debe ser eficiente, pero equilibrado con el sector privado: \u201cEl sector privado cumple un rol importante, pero siempre en equilibrio, porque si se desvirt\u00faa la balanza, ah\u00ed empiezan los problemas\u201d.<\/p>\n<p>&nbsp;<\/p>\n<\/div>\n<\/div>\n<\/section>\n","protected":false},"excerpt":{"rendered":"<p>Mart\u00edn P\u00e9rez confirm\u00f3 que Provincia Grande ser\u00e1 una alternativa electoral opuesta al rumbo nacional El intendente de R\u00edo<\/p>\n","protected":false},"author":8,"featured_media":5826,"comment_status":"open","ping_status":"open","sticky":false,"template":"","format":"standard","meta":{"footnotes":""},"categories":[25],"tags":[2613,260,2321],"class_list":["post-9329","post","type-post","status-publish","format-standard","has-post-thumbnail","hentry","category-rio-grande","tag-elecciones-legislativas","tag-martin-perez","tag-provincia-grande"],"featured_image_urls":{"full":["https:\/\/opinionpublica.com.ar\/index\/wp-content\/uploads\/2024\/09\/20191220181150_martin_perez_argentina_online.jpg",880,493,false],"thumbnail":["https:\/\/opinionpublica.com.ar\/index\/wp-content\/uploads\/2024\/09\/20191220181150_martin_perez_argentina_online-150x150.jpg",150,150,true],"medium":["https:\/\/opinionpublica.com.ar\/index\/wp-content\/uploads\/2024\/09\/20191220181150_martin_perez_argentina_online-300x168.jpg",300,168,true],"medium_large":["https:\/\/opinionpublica.com.ar\/index\/wp-content\/uploads\/2024\/09\/20191220181150_martin_perez_argentina_online-768x430.jpg",640,358,true],"large":["https:\/\/opinionpublica.com.ar\/index\/wp-content\/uploads\/2024\/09\/20191220181150_martin_perez_argentina_online.jpg",640,359,false],"1536x1536":["https:\/\/opinionpublica.com.ar\/index\/wp-content\/uploads\/2024\/09\/20191220181150_martin_perez_argentina_online.jpg",880,493,false],"2048x2048":["https:\/\/opinionpublica.com.ar\/index\/wp-content\/uploads\/2024\/09\/20191220181150_martin_perez_argentina_online.jpg",880,493,false],"morenews-large":["https:\/\/opinionpublica.com.ar\/index\/wp-content\/uploads\/2024\/09\/20191220181150_martin_perez_argentina_online-825x493.jpg",825,493,true],"morenews-medium":["https:\/\/opinionpublica.com.ar\/index\/wp-content\/uploads\/2024\/09\/20191220181150_martin_perez_argentina_online-590x410.jpg",590,410,true]},"author_info":{"display_name":"RKing","author_link":"https:\/\/opinionpublica.com.ar\/index\/author\/rking\/"},"category_info":"<a href=\"https:\/\/opinionpublica.com.ar\/index\/category\/rio-grande\/\" rel=\"category tag\">Rio Grande<\/a>","tag_info":"Rio Grande","comment_count":"0","_links":{"self":[{"href":"https:\/\/opinionpublica.com.ar\/index\/wp-json\/wp\/v2\/posts\/9329","targetHints":{"allow":["GET"]}}],"collection":[{"href":"https:\/\/opinionpublica.com.ar\/index\/wp-json\/wp\/v2\/posts"}],"about":[{"href":"https:\/\/opinionpublica.com.ar\/index\/wp-json\/wp\/v2\/types\/post"}],"author":[{"embeddable":true,"href":"https:\/\/opinionpublica.com.ar\/index\/wp-json\/wp\/v2\/users\/8"}],"replies":[{"embeddable":true,"href":"https:\/\/opinionpublica.com.ar\/index\/wp-json\/wp\/v2\/comments?post=9329"}],"version-history":[{"count":1,"href":"https:\/\/opinionpublica.com.ar\/index\/wp-json\/wp\/v2\/posts\/9329\/revisions"}],"predecessor-version":[{"id":9330,"href":"https:\/\/opinionpublica.com.ar\/index\/wp-json\/wp\/v2\/posts\/9329\/revisions\/9330"}],"wp:featuredmedia":[{"embeddable":true,"href":"https:\/\/opinionpublica.com.ar\/index\/wp-json\/wp\/v2\/media\/5826"}],"wp:attachment":[{"href":"https:\/\/opinionpublica.com.ar\/index\/wp-json\/wp\/v2\/media?parent=9329"}],"wp:term":[{"taxonomy":"category","embeddable":true,"href":"https:\/\/opinionpublica.com.ar\/index\/wp-json\/wp\/v2\/categories?post=9329"},{"taxonomy":"post_tag","embeddable":true,"href":"https:\/\/opinionpublica.com.ar\/index\/wp-json\/wp\/v2\/tags?post=9329"}],"curies":[{"name":"wp","href":"https:\/\/api.w.org\/{rel}","templated":true}]}}