{"id":9355,"date":"2025-04-14T10:56:06","date_gmt":"2025-04-14T13:56:06","guid":{"rendered":"https:\/\/opinionpublica.com.ar\/index\/?p=9355"},"modified":"2025-04-14T10:56:06","modified_gmt":"2025-04-14T13:56:06","slug":"la-nacion-boicotea-los-creditos-para-energia","status":"publish","type":"post","link":"https:\/\/opinionpublica.com.ar\/index\/la-nacion-boicotea-los-creditos-para-energia\/","title":{"rendered":"La Naci\u00f3n boicotea los cr\u00e9ditos para energ\u00eda"},"content":{"rendered":"<h3 class=\"titulo_individual_noticia\">La Naci\u00f3n boicotea los cr\u00e9ditos para energ\u00eda<\/h3>\n<div class=\"copete_individual_noticia\">Incomprensiblemente, el Ejecutivo nacional tiene pisado el financiamiento que la CAF hab\u00eda aprobado hace m\u00e1s de dos a\u00f1os para que el Gobierno Provincial pudiera construir una nueva usina en Ushuaia. Solo falta la autorizaci\u00f3n nacional para destrabar los proyectos de la gesti\u00f3n del Gobernador Melella para solucionar de manera definitiva la problem\u00e1tica energ\u00e9tica y obliga a llevar adelante un plan B para garantizar el suministro.<\/div>\n<div><\/div>\n<div><a href=\"https:\/\/opinionpublica.com.ar\/index\/wp-content\/uploads\/2024\/09\/20240917174946_photo-5136698474639764884-y-usina-ushuaia.jpg\"><img fetchpriority=\"high\" decoding=\"async\" class=\"alignnone size-full wp-image-5729\" src=\"https:\/\/opinionpublica.com.ar\/index\/wp-content\/uploads\/2024\/09\/20240917174946_photo-5136698474639764884-y-usina-ushuaia.jpg\" alt=\"\" width=\"880\" height=\"506\" srcset=\"https:\/\/opinionpublica.com.ar\/index\/wp-content\/uploads\/2024\/09\/20240917174946_photo-5136698474639764884-y-usina-ushuaia.jpg 880w, https:\/\/opinionpublica.com.ar\/index\/wp-content\/uploads\/2024\/09\/20240917174946_photo-5136698474639764884-y-usina-ushuaia-300x173.jpg 300w, https:\/\/opinionpublica.com.ar\/index\/wp-content\/uploads\/2024\/09\/20240917174946_photo-5136698474639764884-y-usina-ushuaia-768x442.jpg 768w\" sizes=\"(max-width: 880px) 100vw, 880px\" \/><\/a><\/div>\n<div><\/div>\n<div class=\"contenido_individual_noticia\">\n<div class=\"contenedor_primera_letra_individual_noticia\">Desde hace m\u00e1s de dos a\u00f1os el Gobierno de Tierra del Fuego tiene aprobado el estudio de suelo y el impacto ambiental para construir una nueva usina en Ushuaia, en la desembocadura del R\u00edo Olivia. Se logr\u00f3 financiamiento internacional de la Corporaci\u00f3n Andina de Fomento (CAF) pero el Gobierno Nacional tiene frenado el proyecto.<\/div>\n<p>La Ministra de Obras P\u00fablicas de la Provincia, Gabriela Castillo, se refiri\u00f3 a esta situaci\u00f3n que complica los planes de la gesti\u00f3n del Gobernador Gustavo Melella, para solucionar la problem\u00e1tica energ\u00e9tica a nivel local.<\/p>\n<p>La\u00a0 funcionaria explic\u00f3 que \u201cel primer plan era construir una usina nueva para lo cual se necesitaban 40 millones de d\u00f3lares. Era una planta que estaba dise\u00f1ada modularmente para luego poder ser ampliada en una segunda etapa y ten\u00eda financiamiento CAF\u201d. Asimismo, record\u00f3 que el\u00a0 Banco Asi\u00e1tico de Inversiones en Infraestructura (BAII) hab\u00eda autorizado financiamiento para un parque de generaci\u00f3n e\u00f3lica en R\u00edo Grande que permitiera inyectar energ\u00eda verde al sistema mixto con lo que genera la usina con las turbinas a gas.<\/p>\n<p><a href=\"https:\/\/opinionpublica.com.ar\/index\/wp-content\/uploads\/2024\/09\/5089569373298994369-900x600_c-usina.jpg\"><img decoding=\"async\" class=\"alignnone size-full wp-image-5378\" src=\"https:\/\/opinionpublica.com.ar\/index\/wp-content\/uploads\/2024\/09\/5089569373298994369-900x600_c-usina.jpg\" alt=\"\" width=\"900\" height=\"600\" srcset=\"https:\/\/opinionpublica.com.ar\/index\/wp-content\/uploads\/2024\/09\/5089569373298994369-900x600_c-usina.jpg 900w, https:\/\/opinionpublica.com.ar\/index\/wp-content\/uploads\/2024\/09\/5089569373298994369-900x600_c-usina-300x200.jpg 300w, https:\/\/opinionpublica.com.ar\/index\/wp-content\/uploads\/2024\/09\/5089569373298994369-900x600_c-usina-768x512.jpg 768w\" sizes=\"(max-width: 900px) 100vw, 900px\" \/><\/a><\/p>\n<p>\u201cEstos dos financiamiento exigen que por\u00a0 m\u00e1s que se endeude la provincia, la Naci\u00f3n firme como garante porque est\u00e1 sacando plata de su coparticipaci\u00f3n la provincia y esto tiene que tener la validaci\u00f3n nacional. La Naci\u00f3n decidi\u00f3 no validarlo\u201d, expuso.<\/p>\n<p>Sin embargo, Castillo remarc\u00f3 que \u201cno nos podemos quedar parados en esa situaci\u00f3n aun cuando el desaf\u00edo consiste en un interconectado fueguino para armar una red provincial y que de esta manera tambi\u00e9n se puedan compensar los d\u00e9ficit entre una zona y otra\u201d.<\/p>\n<p>\u201cLa energ\u00eda es un servicio, potestad que debiera garantizarse en todo el \u00e1mbito nacional y este es un profundo d\u00e9ficit que hay en un mont\u00f3n de lugares y ac\u00e1 tambi\u00e9n\u201d, a\u00f1adi\u00f3.<\/p>\n<p>La Ministra puso de relieve que se abord\u00f3 la soluci\u00f3n integral en su momento, se generaron los proyectos y se aprobaron. El de R\u00edo Grande fue aprobado en El Cairo, en la sesi\u00f3n del BAII y era el primer proyecto de este tipo en Argentina y el segundo en Am\u00e9rica Latina; mientras que el de CAF \u201cfue un proyecto acompa\u00f1ado tambi\u00e9n en la transici\u00f3n energ\u00e9tica con aprobaci\u00f3n ambiental, social y econ\u00f3mica\u201d.<\/p>\n<p>Aunque la Provincia no est\u00e1 pudiendo llevar adelante estos proyectos, debe garantizar el servicio de suministro de energ\u00eda y para ellos desarrolla un plan B que consiste en poner a punto el equipamiento existente en Ushuaia. \u201cEn ese plan B hay una de cal y una de arena porque s\u00ed nos han acompa\u00f1ado los representantes del Ejecutivo Nacional dentro de FAMP (Fondo para la Ampliaci\u00f3n de la Matriz Productiva) para votar que la plata que las industrias de Tierra del Fuego aportaron por el r\u00e9gimen de promoci\u00f3n industrial, que es de 16 millones de d\u00f3lares, vengan para la reparaci\u00f3n de la usina\u201d, inform\u00f3 la titular de Obras P\u00fablicas.<\/p>\n<p>Castillo subray\u00f3 que \u201cel plan de infraestructura que tiene dise\u00f1ado el Gobierno Provincial incluye la generaci\u00f3n, obras de distribuci\u00f3n, centros de distribuci\u00f3n que son necesarios terminar en el Pipo, en Andorra, en la zona del crecimiento hacia el Oeste\u201d.<\/p>\n<p>Por \u00faltimo, se\u00f1al\u00f3 que ante el corrimiento de Naci\u00f3n, la Provincia \u201cest\u00e1 analizando distintas opciones, buscando inversores para poder llevar adelante los proyectos\u201d. Estas evaluaciones \u201ctienen que ver con lo t\u00e9cnico, lo econ\u00f3mico y lo legal y hay m\u00faltiples ofertas para trabajar en la generaci\u00f3n\u201d.<\/p>\n<p>&nbsp;<\/p>\n<\/div>\n<div class=\"contenedor_share_buttons_individual_noticia\">\n<div class=\"contenido_share_buttons_individual_noticia\">\n<div class=\"individual_share_buttons_individual_noticia transition_03 imprimir\"><\/div>\n<\/div>\n<\/div>\n<div class=\"tags_individual_noticia\">\n<div class=\"titulo_tags_individual_noticias\"><\/div>\n<\/div>\n","protected":false},"excerpt":{"rendered":"<p>La Naci\u00f3n boicotea los cr\u00e9ditos para energ\u00eda Incomprensiblemente, el Ejecutivo nacional tiene pisado el financiamiento que la CAF<\/p>\n","protected":false},"author":8,"featured_media":4080,"comment_status":"open","ping_status":"open","sticky":false,"template":"","format":"standard","meta":{"footnotes":""},"categories":[2],"tags":[3392,1083],"class_list":["post-9355","post","type-post","status-publish","format-standard","has-post-thumbnail","hentry","category-tierra-del-fuego","tag-boicot","tag-energia"],"featured_image_urls":{"full":["https:\/\/opinionpublica.com.ar\/index\/wp-content\/uploads\/2024\/06\/usina-ushuaia.jpg",880,586,false],"thumbnail":["https:\/\/opinionpublica.com.ar\/index\/wp-content\/uploads\/2024\/06\/usina-ushuaia-150x150.jpg",150,150,true],"medium":["https:\/\/opinionpublica.com.ar\/index\/wp-content\/uploads\/2024\/06\/usina-ushuaia-300x200.jpg",300,200,true],"medium_large":["https:\/\/opinionpublica.com.ar\/index\/wp-content\/uploads\/2024\/06\/usina-ushuaia-768x511.jpg",640,426,true],"large":["https:\/\/opinionpublica.com.ar\/index\/wp-content\/uploads\/2024\/06\/usina-ushuaia.jpg",640,426,false],"1536x1536":["https:\/\/opinionpublica.com.ar\/index\/wp-content\/uploads\/2024\/06\/usina-ushuaia.jpg",880,586,false],"2048x2048":["https:\/\/opinionpublica.com.ar\/index\/wp-content\/uploads\/2024\/06\/usina-ushuaia.jpg",880,586,false],"morenews-large":["https:\/\/opinionpublica.com.ar\/index\/wp-content\/uploads\/2024\/06\/usina-ushuaia-825x575.jpg",825,575,true],"morenews-medium":["https:\/\/opinionpublica.com.ar\/index\/wp-content\/uploads\/2024\/06\/usina-ushuaia-590x410.jpg",590,410,true]},"author_info":{"display_name":"RKing","author_link":"https:\/\/opinionpublica.com.ar\/index\/author\/rking\/"},"category_info":"<a href=\"https:\/\/opinionpublica.com.ar\/index\/category\/tierra-del-fuego\/\" rel=\"category tag\">Tierra del Fuego<\/a>","tag_info":"Tierra del Fuego","comment_count":"0","_links":{"self":[{"href":"https:\/\/opinionpublica.com.ar\/index\/wp-json\/wp\/v2\/posts\/9355","targetHints":{"allow":["GET"]}}],"collection":[{"href":"https:\/\/opinionpublica.com.ar\/index\/wp-json\/wp\/v2\/posts"}],"about":[{"href":"https:\/\/opinionpublica.com.ar\/index\/wp-json\/wp\/v2\/types\/post"}],"author":[{"embeddable":true,"href":"https:\/\/opinionpublica.com.ar\/index\/wp-json\/wp\/v2\/users\/8"}],"replies":[{"embeddable":true,"href":"https:\/\/opinionpublica.com.ar\/index\/wp-json\/wp\/v2\/comments?post=9355"}],"version-history":[{"count":1,"href":"https:\/\/opinionpublica.com.ar\/index\/wp-json\/wp\/v2\/posts\/9355\/revisions"}],"predecessor-version":[{"id":9356,"href":"https:\/\/opinionpublica.com.ar\/index\/wp-json\/wp\/v2\/posts\/9355\/revisions\/9356"}],"wp:featuredmedia":[{"embeddable":true,"href":"https:\/\/opinionpublica.com.ar\/index\/wp-json\/wp\/v2\/media\/4080"}],"wp:attachment":[{"href":"https:\/\/opinionpublica.com.ar\/index\/wp-json\/wp\/v2\/media?parent=9355"}],"wp:term":[{"taxonomy":"category","embeddable":true,"href":"https:\/\/opinionpublica.com.ar\/index\/wp-json\/wp\/v2\/categories?post=9355"},{"taxonomy":"post_tag","embeddable":true,"href":"https:\/\/opinionpublica.com.ar\/index\/wp-json\/wp\/v2\/tags?post=9355"}],"curies":[{"name":"wp","href":"https:\/\/api.w.org\/{rel}","templated":true}]}}