{"id":9357,"date":"2025-04-14T11:04:10","date_gmt":"2025-04-14T14:04:10","guid":{"rendered":"https:\/\/opinionpublica.com.ar\/index\/?p=9357"},"modified":"2025-04-14T11:04:10","modified_gmt":"2025-04-14T14:04:10","slug":"tierra-del-fuego-reecibio-430-millones-para-obra-publica-en-el-primer-trimestre-de-2025","status":"publish","type":"post","link":"https:\/\/opinionpublica.com.ar\/index\/tierra-del-fuego-reecibio-430-millones-para-obra-publica-en-el-primer-trimestre-de-2025\/","title":{"rendered":"Tierra del Fuego reecibio 430 millones para obra publica en el primer trimestre de 2025"},"content":{"rendered":"<header class=\"article-header entry-header\">\n<p class=\"entry-title single-title\"><strong>Tierra del Fuego reecibio 430 millones para obra publica en el primer trimestre de 2025: Alcanz\u00f3 para construir la escuela N\u00ba 40 Mar\u00eda Elena Walsh.<\/strong><\/p>\n<p class=\"entry-excerpt\">Seg\u00fan un informe del primer trimestre de 2025, desde Naci\u00f3n se ejecutaron $127.328 millones entre enero y marzo. En el sur, Chubut fue la m\u00e1s perjudicada con 16 millones de pesos, mientras que Tierra del Fuego, recibi\u00f3 433 millones en el primer trimestre de 2025.-<\/p>\n<div class=\"entry-thumb cf\"><a href=\"https:\/\/opinionpublica.com.ar\/index\/wp-content\/uploads\/2025\/04\/720-768x431-1.webp\"><img fetchpriority=\"high\" decoding=\"async\" class=\"alignnone size-full wp-image-9360\" src=\"https:\/\/opinionpublica.com.ar\/index\/wp-content\/uploads\/2025\/04\/720-768x431-1.webp\" alt=\"\" width=\"768\" height=\"431\" srcset=\"https:\/\/opinionpublica.com.ar\/index\/wp-content\/uploads\/2025\/04\/720-768x431-1.webp 768w, https:\/\/opinionpublica.com.ar\/index\/wp-content\/uploads\/2025\/04\/720-768x431-1-300x168.webp 300w\" sizes=\"(max-width: 768px) 100vw, 768px\" \/><\/a><\/div>\n<\/header>\n<section class=\"entry-content cf\">\n<div class=\"entry-share\">\n<div class=\"a2a_kit a2a_kit_size_32 addtoany_list\" data-a2a-url=\"https:\/\/www.lalicuadoratdf.com.ar\/2025\/04\/tierra-del-fuego-reecibio-430-millones-para-obra-publica-en-el-primer-trimestre-de-2025-alcanzo-para-construir-la-escuela-no-40-maria-elena-walsh\/\" data-a2a-title=\"Tierra del Fuego reecibio 430 millones para obra publica en el primer trimestre de 2025: Alcanz\u00f3 para construir la escuela N\u00ba 40 Mar\u00eda Elena Walsh.\"><\/div>\n<\/div>\n<p>La\u00a0<strong>Inversi\u00f3n Real Directa<\/strong>\u00a0(IRD) de Naci\u00f3n a las provincias fue<strong>\u00a0la segunda m\u00e1s baja en veinte a\u00f1os<\/strong>, seg\u00fan el informe del primer trimestre del a\u00f1o de la consultora Politikon Chaco. En total, entre enero y marzo, se ejecutaron $127.328 millones, de los cuales el 71,4% estuvo concentrado en cinco distritos. En el sur,\u00a0<strong>Chubut result\u00f3 la m\u00e1s perjudicada.\u00a0<\/strong><\/p>\n<p>Las IRD son las inversiones p\u00fablicas ejecutadas de manera directa por la Administraci\u00f3n P\u00fablica Nacional. La cifra del primer trimestre de 2025 representa un incremento en t\u00e9rminos reales del\u00a0<strong>101,8%<\/strong>\u00a0respecto al mismo per\u00edodo de 2024.<\/p>\n<p>El salto se debe, sobre todo, a la escasa ejecuci\u00f3n que hubo a inicios de 2024. Sin embargo, cuando se observa qu\u00e9 sucedi\u00f3 a lo largo de los \u00faltimos a\u00f1os, se puede notar que el nivel de ejecuci\u00f3n de 2025 fue el segundo m\u00e1s bajo desde 2004.<\/p>\n<div class=\"body-related\">Ca\u00edda de precios internacionales, menor producci\u00f3n y p\u00e9rdida de regal\u00edas: en marzo de 2025 fueron la mitad que en diciembre de 2023<\/div>\n<p>El principal componente de las IRD son las<strong>\u00a0Construcciones<\/strong>, categor\u00eda que registr\u00f3 un un crecimiento interanual del\u00a0<strong>64,9%<\/strong>. Es lo que se conoce de manera popular como obra p\u00fablica, uno de los asuntos de m\u00e1xima tensi\u00f3n entre la Naci\u00f3n y las provincias. Y si bien hubo una suba de un a\u00f1o al otro, cuando se compara el dato con los primeros trimestres de las \u00faltimas dos d\u00e9cadas se nota que\u00a0<strong>est\u00e1 en el segundo nivel m\u00e1s bajo desde 2003<\/strong>. La motosierra de Javier Milei sigue encendida.<\/p>\n<figure class=\"multimedia\" data-type=\"photo\" data-tadevel-template=\"web\/multimedia\">\n<div class=\"content\">\n<div class=\"sizer\" data-sizer=\"aspect-ratio\" data-tadevel-template=\"web\/aspect-ratio\">\n<p>&nbsp;<\/p>\n<\/div>\n<\/div>\n<\/figure>\n<div class=\"body-related\">M\u00e1s uso de tarjeta, billeteras virtuales y menos efectivo: los h\u00e1bitos de consumo se adaptan a la inflaci\u00f3n y a la ca\u00edda del poder adquisitivo<\/div>\n<p><strong>CHUBUT: LA M\u00c1S PERJUDICADA ENTRE LAS PROVINCIAS DE LA PATAGONIA\u00a0<\/strong><\/p>\n<p>Cuando se analiza c\u00f3mo se repartieron las ejecuciones entre los distritos de la Patagonia se puede concluir que Chubut fue la m\u00e1s perjudicada. En el primer trimestre de 2025 Naci\u00f3n le pag\u00f3 a la provincia $16 millones, una cifra que no alcanza ni siquiera al 0,1% de participaci\u00f3n en el total. El n\u00famero represent\u00f3 una ca\u00edda del 81,2% con respecto al mismo per\u00edodo de 2024.<\/p>\n<figure class=\"multimedia\" data-type=\"photo\" data-tadevel-template=\"web\/multimedia\">\n<div class=\"content\">\n<div class=\"sizer\" data-sizer=\"aspect-ratio\" data-tadevel-template=\"web\/aspect-ratio\"><picture data-tadevel-template=\"web\/picture\"><source srcset=\"https:\/\/adnsur-assets.tadevel-cdn.com\/67fa55508c471a560b5ebcbf\/180.webp 288w, https:\/\/adnsur-assets.tadevel-cdn.com\/67fa55508c471a560b5ebcbf\/360.webp 577w, https:\/\/adnsur-assets.tadevel-cdn.com\/67fa55508c471a560b5ebcbf\/720.webp 1153w\" type=\"image\/webp\" sizes=\"(min-device-width: 768px) 768px, 200px\" \/><source srcset=\"https:\/\/adnsur-assets.tadevel-cdn.com\/67fa55508c471a560b5ebcbf\/720.jpeg 1153w\" type=\"image\/jpeg\" sizes=\"(min-device-width: 768px) 768px, 200px\" \/><\/picture><a href=\"https:\/\/opinionpublica.com.ar\/index\/wp-content\/uploads\/2025\/04\/720-3-768x480-grafico.webp\"><img decoding=\"async\" class=\"alignnone size-full wp-image-9358\" src=\"https:\/\/opinionpublica.com.ar\/index\/wp-content\/uploads\/2025\/04\/720-3-768x480-grafico.webp\" alt=\"\" width=\"768\" height=\"480\" srcset=\"https:\/\/opinionpublica.com.ar\/index\/wp-content\/uploads\/2025\/04\/720-3-768x480-grafico.webp 768w, https:\/\/opinionpublica.com.ar\/index\/wp-content\/uploads\/2025\/04\/720-3-768x480-grafico-300x188.webp 300w\" sizes=\"(max-width: 768px) 100vw, 768px\" \/><\/a><\/p>\n<\/div>\n<\/div>\n<\/figure>\n<div id=\"random-04648486500060691\" class=\"ad-container\" data-tadevel-template=\"web\/ad\/generic\" data-google-query-id=\"CPKc49Xz1YwDFc5RuAQdrvQbsw\">\n<div id=\"google_ads_iframe_\/21801055960\/INTERIOR-Intermedio-02_1__container__\"><\/div>\n<\/div>\n<p>Por debajo de Chubut aparecen solo La Pampa, donde Naci\u00f3n ejecut\u00f3 $2 millones, y La Rioja y San Luis que no vieron un solo peso en inversi\u00f3n p\u00fablica.<\/p>\n<div class=\"body-related\">\u00bfCu\u00e1nto gana por hora un alba\u00f1il patag\u00f3nico en abril de 2025?<\/div>\n<p>En la Patagonia, si se observa la cifra ejecutada en 2025, R\u00edo Negro fue la m\u00e1s favorecida con $3.876 millones y luego aparece Neuqu\u00e9n, con $1.338 millones. En la mitad de tabla sure\u00f1a figura Santa Cruz, con $538 millones y Tierra del Fuego con $433 millones.<\/p>\n<figure class=\"multimedia\" data-type=\"photo\" data-tadevel-template=\"web\/multimedia\">\n<div class=\"content\">\n<div class=\"sizer\" data-sizer=\"aspect-ratio\" data-tadevel-template=\"web\/aspect-ratio\">\n<div class=\"backdrop\" data-tadevel-template=\"web\/picture\"><a href=\"https:\/\/opinionpublica.com.ar\/index\/wp-content\/uploads\/2025\/04\/720-2.webp\"><img decoding=\"async\" class=\"alignnone size-full wp-image-9359\" src=\"https:\/\/opinionpublica.com.ar\/index\/wp-content\/uploads\/2025\/04\/720-2.webp\" alt=\"\" width=\"592\" height=\"720\" srcset=\"https:\/\/opinionpublica.com.ar\/index\/wp-content\/uploads\/2025\/04\/720-2.webp 592w, https:\/\/opinionpublica.com.ar\/index\/wp-content\/uploads\/2025\/04\/720-2-247x300.webp 247w\" sizes=\"(max-width: 592px) 100vw, 592px\" \/><\/a><\/div>\n<picture data-tadevel-template=\"web\/picture\"><source srcset=\"https:\/\/adnsur-assets.tadevel-cdn.com\/67fa55698c471a560b5ec891\/180.webp 148w, https:\/\/adnsur-assets.tadevel-cdn.com\/67fa55698c471a560b5ec891\/360.webp 296w, https:\/\/adnsur-assets.tadevel-cdn.com\/67fa55698c471a560b5ec891\/720.webp 592w\" type=\"image\/webp\" sizes=\"(min-device-width: 768px) 768px, 200px\" \/><source srcset=\"https:\/\/adnsur-assets.tadevel-cdn.com\/67fa55698c471a560b5ec891\/720.jpeg 592w\" type=\"image\/jpeg\" sizes=\"(min-device-width: 768px) 768px, 200px\" \/><\/picture>\n<div class=\"overlay\"><\/div>\n<\/div>\n<\/div>\n<\/figure>\n<p>La perspectiva cambia un poco cuando se analizan esas cifras en la comparaci\u00f3n interanual. Desde ese punto de vista,<strong>\u00a0Santa Cruz y Tierra del Fuego fueron las m\u00e1s beneficiadas<\/strong>\u00a0ya que registraron un alza del 192,5% y de 127,9%, respectivamente.<strong>\u00a0<\/strong>En cambio,<strong>\u00a0en Neuqu\u00e9n y R\u00edo Negro hubo ca\u00eddas del 6,8% y del 12,9%.<\/strong><\/p>\n<div class=\"body-related\">Cr\u00e9ditos hipotecarios en riesgo: c\u00f3mo la suba del d\u00f3lar MEP deja afuera a posibles compradores<\/div>\n<p><strong>CONSTRUCCI\u00d3N: LA OBRA P\u00daBLICA EN EL SUR\u00a0<\/strong><\/p>\n<p>El apartado de Construcciones es el que siempre tuvo m\u00e1s volumen dentro de la IRD. De acuerdo a la normativa, se trata de las obras \u201cque permanecen con car\u00e1cter de adherencia al suelo formando parte de un todo indivisible, como as\u00ed tambi\u00e9n las ampliaciones mejorativas de construcciones ya existentes\u201d, explica el informe de Politikon Chaco.<\/p>\n<p>Este \u00edtem de las IRD es el dinero con el que la Naci\u00f3n financia en las provincias caminos, diques, puentes, edificios, canales de riego o desag\u00fces, por ejemplo. En t\u00e9rminos de participaci\u00f3n del total pagado por Construcciones, en el primer trimestre de 2025, Buenos Aires, Entre R\u00edos, C\u00f3rdoba, Santa Fe y Jujuy concentraron el 67,7% del total nacional. En L<strong>a Pampa, La Rioja, San Luis y Chubut no hubo ejecuci\u00f3n de construcciones en el per\u00edodo observado.<\/strong><\/p>\n<p class=\"aside\">El dinero ejecutado para Construcciones en la Patagonia fue de $1.330 millones en Neuqu\u00e9n, $1.620 millones en R\u00edo Negro, $535 millones en Santa Cruz y $429 millones en Tierra del Fuego.\u00a0<strong>En Chubut, no hubo dinero para obra p\u00fablica en este per\u00edodo.\u00a0<\/strong><\/p>\n<p>En base a datos oficiales, Politikon Chaco describi\u00f3 en qu\u00e9 obras se distribuy\u00f3 el dinero entre las obras de cada jurisdicci\u00f3n.\u00a0 En\u00a0<strong>Neuqu\u00e9n<\/strong>, se ejecutaron $770 millones en la<strong>\u00a0construcci\u00f3n del Puente de la Rinconada<\/strong>\u00a0sobre el r\u00edo Coll\u00f3n Cura; $476 millones en el\u00a0<strong>mantenimiento de rutina por sistema modular de las rutas nacionales 237 y 40;<\/strong>\u00a0y $71 millones en<strong>\u00a0accesibilidad y puesta en valor del Complejo Sanitario.<\/strong>\u00a0De los $1.330 qued\u00f3 un resto de $13 millones.<\/p>\n<div class=\"body-related\">Fin del cepo cambiario: \u00bfQui\u00e9nes podr\u00e1n comprar d\u00f3lares a partir del lunes?<\/div>\n<p>En\u00a0<strong>R\u00edo Negro<\/strong>, se ejecutaron $1.239 millones para la c<strong>onservaci\u00f3n y mejora de la ruta 1s40<\/strong>\u00a0(la denominaci\u00f3n actual de la antigua traza de la ruta nacional 40), $255 millones en el\u00a0<strong>sistema modular de mantenimiento de la ruta 3,\u00a0<\/strong>y $126 millones en la\u00a0<strong>construcci\u00f3n de centros territoriales de pol\u00edticas de g\u00e9nero y diversidad.<\/strong><\/p>\n<p><strong>\u00a0<\/strong>En\u00a0<strong>Santa Cruz<\/strong>, todo el dinero de Construcciones, $535 millones, se utiliz\u00f3 por TFO (sigla que hace referencia a Transferencia de Funciones Operativas)\u00a0<strong>en las rutas nacionales 3, 40, 281 y 288.\u00a0<\/strong><\/p>\n<p><strong>Por \u00faltimo, en\u00a0Tierra del Fuego\u00a0se utiliz\u00f3 todo lo ejecutado en Construcciones para una sola obra p\u00fablica. Los $429 millones fueron destinados a la\u00a0construcci\u00f3n de la escuela N\u00ba 40 Mar\u00eda Elena Walsh.<\/strong><\/p>\n<p>Fuente: ADN Sur<\/p>\n<\/section>\n","protected":false},"excerpt":{"rendered":"<p>Tierra del Fuego reecibio 430 millones para obra publica en el primer trimestre de 2025: Alcanz\u00f3 para construir<\/p>\n","protected":false},"author":8,"featured_media":6187,"comment_status":"open","ping_status":"open","sticky":false,"template":"","format":"standard","meta":{"footnotes":""},"categories":[2],"tags":[211],"class_list":["post-9357","post","type-post","status-publish","format-standard","has-post-thumbnail","hentry","category-tierra-del-fuego","tag-obra-publica"],"featured_image_urls":{"full":["https:\/\/opinionpublica.com.ar\/index\/wp-content\/uploads\/2024\/10\/20241008032635_462213638_922156383280125_332228370363635507_n-obras-viales-rio-grande.jpg",880,586,false],"thumbnail":["https:\/\/opinionpublica.com.ar\/index\/wp-content\/uploads\/2024\/10\/20241008032635_462213638_922156383280125_332228370363635507_n-obras-viales-rio-grande-150x150.jpg",150,150,true],"medium":["https:\/\/opinionpublica.com.ar\/index\/wp-content\/uploads\/2024\/10\/20241008032635_462213638_922156383280125_332228370363635507_n-obras-viales-rio-grande-300x200.jpg",300,200,true],"medium_large":["https:\/\/opinionpublica.com.ar\/index\/wp-content\/uploads\/2024\/10\/20241008032635_462213638_922156383280125_332228370363635507_n-obras-viales-rio-grande-768x511.jpg",640,426,true],"large":["https:\/\/opinionpublica.com.ar\/index\/wp-content\/uploads\/2024\/10\/20241008032635_462213638_922156383280125_332228370363635507_n-obras-viales-rio-grande.jpg",640,426,false],"1536x1536":["https:\/\/opinionpublica.com.ar\/index\/wp-content\/uploads\/2024\/10\/20241008032635_462213638_922156383280125_332228370363635507_n-obras-viales-rio-grande.jpg",880,586,false],"2048x2048":["https:\/\/opinionpublica.com.ar\/index\/wp-content\/uploads\/2024\/10\/20241008032635_462213638_922156383280125_332228370363635507_n-obras-viales-rio-grande.jpg",880,586,false],"morenews-large":["https:\/\/opinionpublica.com.ar\/index\/wp-content\/uploads\/2024\/10\/20241008032635_462213638_922156383280125_332228370363635507_n-obras-viales-rio-grande-825x575.jpg",825,575,true],"morenews-medium":["https:\/\/opinionpublica.com.ar\/index\/wp-content\/uploads\/2024\/10\/20241008032635_462213638_922156383280125_332228370363635507_n-obras-viales-rio-grande-590x410.jpg",590,410,true]},"author_info":{"display_name":"RKing","author_link":"https:\/\/opinionpublica.com.ar\/index\/author\/rking\/"},"category_info":"<a href=\"https:\/\/opinionpublica.com.ar\/index\/category\/tierra-del-fuego\/\" rel=\"category tag\">Tierra del Fuego<\/a>","tag_info":"Tierra del Fuego","comment_count":"0","_links":{"self":[{"href":"https:\/\/opinionpublica.com.ar\/index\/wp-json\/wp\/v2\/posts\/9357","targetHints":{"allow":["GET"]}}],"collection":[{"href":"https:\/\/opinionpublica.com.ar\/index\/wp-json\/wp\/v2\/posts"}],"about":[{"href":"https:\/\/opinionpublica.com.ar\/index\/wp-json\/wp\/v2\/types\/post"}],"author":[{"embeddable":true,"href":"https:\/\/opinionpublica.com.ar\/index\/wp-json\/wp\/v2\/users\/8"}],"replies":[{"embeddable":true,"href":"https:\/\/opinionpublica.com.ar\/index\/wp-json\/wp\/v2\/comments?post=9357"}],"version-history":[{"count":1,"href":"https:\/\/opinionpublica.com.ar\/index\/wp-json\/wp\/v2\/posts\/9357\/revisions"}],"predecessor-version":[{"id":9361,"href":"https:\/\/opinionpublica.com.ar\/index\/wp-json\/wp\/v2\/posts\/9357\/revisions\/9361"}],"wp:featuredmedia":[{"embeddable":true,"href":"https:\/\/opinionpublica.com.ar\/index\/wp-json\/wp\/v2\/media\/6187"}],"wp:attachment":[{"href":"https:\/\/opinionpublica.com.ar\/index\/wp-json\/wp\/v2\/media?parent=9357"}],"wp:term":[{"taxonomy":"category","embeddable":true,"href":"https:\/\/opinionpublica.com.ar\/index\/wp-json\/wp\/v2\/categories?post=9357"},{"taxonomy":"post_tag","embeddable":true,"href":"https:\/\/opinionpublica.com.ar\/index\/wp-json\/wp\/v2\/tags?post=9357"}],"curies":[{"name":"wp","href":"https:\/\/api.w.org\/{rel}","templated":true}]}}