{"id":9367,"date":"2025-04-15T10:34:39","date_gmt":"2025-04-15T13:34:39","guid":{"rendered":"https:\/\/opinionpublica.com.ar\/index\/?p=9367"},"modified":"2025-04-15T10:34:39","modified_gmt":"2025-04-15T13:34:39","slug":"rio-grande-pondra-en-funcionamiento-la-web-portal-ciudadano","status":"publish","type":"post","link":"https:\/\/opinionpublica.com.ar\/index\/rio-grande-pondra-en-funcionamiento-la-web-portal-ciudadano\/","title":{"rendered":"R\u00edo Grande pondr\u00e1 en funcionamiento la web \u2018Portal Ciudadano\u2019"},"content":{"rendered":"<h3 class=\"titulo_individual_noticia\">R\u00edo Grande pondr\u00e1 en funcionamiento la web \u2018Portal Ciudadano\u2019<\/h3>\n<div class=\"copete_individual_noticia\">Esta herramienta busca mejorar los servicios digitales que brinda el Municipio y se implementar\u00e1 gracias a un convenio que el Intendente Mart\u00edn P\u00e9rez firm\u00f3 con la Fundaci\u00f3n Pa\u00eds Abierto y Digital. \u201cEste canal nos va a ayudar a conformar un canal m\u00e1s de respuesta a la comunidad\u201d, destac\u00f3 el Secretario de Gesti\u00f3n Ciudadana Municipal, Gonzalo Ferro<\/div>\n<div><\/div>\n<div><a href=\"https:\/\/opinionpublica.com.ar\/index\/wp-content\/uploads\/2025\/04\/2025041410471435cb89e2478647992f003249299acec8-gonzalo-ferro.jpg\"><img fetchpriority=\"high\" decoding=\"async\" class=\"alignnone size-full wp-image-9368\" src=\"https:\/\/opinionpublica.com.ar\/index\/wp-content\/uploads\/2025\/04\/2025041410471435cb89e2478647992f003249299acec8-gonzalo-ferro.jpg\" alt=\"\" width=\"800\" height=\"532\" srcset=\"https:\/\/opinionpublica.com.ar\/index\/wp-content\/uploads\/2025\/04\/2025041410471435cb89e2478647992f003249299acec8-gonzalo-ferro.jpg 800w, https:\/\/opinionpublica.com.ar\/index\/wp-content\/uploads\/2025\/04\/2025041410471435cb89e2478647992f003249299acec8-gonzalo-ferro-300x200.jpg 300w, https:\/\/opinionpublica.com.ar\/index\/wp-content\/uploads\/2025\/04\/2025041410471435cb89e2478647992f003249299acec8-gonzalo-ferro-768x511.jpg 768w\" sizes=\"(max-width: 800px) 100vw, 800px\" \/><\/a><\/div>\n<div class=\"clear_both\"><\/div>\n<div class=\"contenido_individual_noticia\">\n<div class=\"contenedor_primera_letra_individual_noticia\">El Secretario de Gesti\u00f3n Ciudadana, Gonzalo Ferro, dio detalles del encuentro mantenido en la Escuela de Pol\u00edtica y Gobierno de la Universidad Austral junto a la Fundaci\u00f3n Pa\u00eds Abierto y Digital, que encabeza Andr\u00e9s Ibarra, y parte del equipo de trabajo de la Uni\u00f3n donde se present\u00f3 el programa que busca mejorar las capacidades institucionales que tienen los municipios en t\u00e9rminos digitales.<\/div>\n<p>En este marco, pr\u00f3ximamente la Municipalidad de R\u00edo Grande pondr\u00e1 en funcionamiento su nuevo sitio de Internet \u2018Portal Ciudadano\u2019 un canal que \u201cva a permitir brindar servicios de manera digital, lograr una apertura mayor de datos, un gobierno abierto en lo que tiene que ver con la informaci\u00f3n que ofrece el Municipio\u201d, seg\u00fan adelant\u00f3 el funcionario.<\/p>\n<p>Este proyecto \u201ctiene que ver con un objetivo claro que tenemos en R\u00edo Grande, en la gesti\u00f3n de Martin, que es entender que la innovaci\u00f3n y la modernizaci\u00f3n de la gesti\u00f3n nos permite lograr un municipio m\u00e1s eficiente, m\u00e1s ordenado, responsablemente administrado y con mejor capacidad de respuesta, en definitiva, en lo que tiene que ver con los servicios que llegan a los vecinos y a las vecinas\u201d, expuso Ferro.<\/p>\n<p>Por otra parte, el Secretario indic\u00f3 que la Uni\u00f3n Europea prestar\u00e1 colaboraci\u00f3n en \u201ccertificar mayores est\u00e1ndares de gobierno abierto y de transparencia en la gesti\u00f3n\u00a0 y tambi\u00e9n poder canalizar inquietudes o deseos de los vecinos a trav\u00e9s de din\u00e1micas de participaci\u00f3n ciudadana a trav\u00e9s de este portal Web\u201d.<\/p>\n<p>Finalmente, Ferro remarc\u00f3 que esta propuesta \u201cva de la mano con otras herramientas que son logros de la gesti\u00f3n como la L\u00ednea de Gesti\u00f3n Ciudadana 147, el chatbot automatizado de WhatsApp que te permite conversar con el municipio, gestionar un reclamo, gestionar un turno en el sistema de salud y hasta acceder al servicio de telemedicina o la app RGA Ciudadana que permite tambi\u00e9n acceder a servicios municipales\u201d.<\/p>\n<p>\u201cEs complementar y ampliar el abanico de servicios digitales que ofrece el Municipio\u201d, cerr\u00f3.<\/p>\n<\/div>\n<div class=\"contenedor_share_buttons_individual_noticia\">\n<div class=\"contenido_share_buttons_individual_noticia\">\n<div class=\"individual_share_buttons_individual_noticia transition_03 imprimir\"><\/div>\n<\/div>\n<\/div>\n<div class=\"tags_individual_noticia\">\n<div class=\"titulo_tags_individual_noticias\"><\/div>\n<\/div>\n","protected":false},"excerpt":{"rendered":"<p>R\u00edo Grande pondr\u00e1 en funcionamiento la web \u2018Portal Ciudadano\u2019 Esta herramienta busca mejorar los servicios digitales que brinda<\/p>\n","protected":false},"author":8,"featured_media":9368,"comment_status":"open","ping_status":"open","sticky":false,"template":"","format":"standard","meta":{"footnotes":""},"categories":[25],"tags":[3395,7],"class_list":["post-9367","post","type-post","status-publish","format-standard","has-post-thumbnail","hentry","category-rio-grande","tag-portal-ciudadano","tag-rio-grande"],"featured_image_urls":{"full":["https:\/\/opinionpublica.com.ar\/index\/wp-content\/uploads\/2025\/04\/2025041410471435cb89e2478647992f003249299acec8-gonzalo-ferro.jpg",800,532,false],"thumbnail":["https:\/\/opinionpublica.com.ar\/index\/wp-content\/uploads\/2025\/04\/2025041410471435cb89e2478647992f003249299acec8-gonzalo-ferro-150x150.jpg",150,150,true],"medium":["https:\/\/opinionpublica.com.ar\/index\/wp-content\/uploads\/2025\/04\/2025041410471435cb89e2478647992f003249299acec8-gonzalo-ferro-300x200.jpg",300,200,true],"medium_large":["https:\/\/opinionpublica.com.ar\/index\/wp-content\/uploads\/2025\/04\/2025041410471435cb89e2478647992f003249299acec8-gonzalo-ferro-768x511.jpg",640,426,true],"large":["https:\/\/opinionpublica.com.ar\/index\/wp-content\/uploads\/2025\/04\/2025041410471435cb89e2478647992f003249299acec8-gonzalo-ferro.jpg",640,426,false],"1536x1536":["https:\/\/opinionpublica.com.ar\/index\/wp-content\/uploads\/2025\/04\/2025041410471435cb89e2478647992f003249299acec8-gonzalo-ferro.jpg",800,532,false],"2048x2048":["https:\/\/opinionpublica.com.ar\/index\/wp-content\/uploads\/2025\/04\/2025041410471435cb89e2478647992f003249299acec8-gonzalo-ferro.jpg",800,532,false],"morenews-large":["https:\/\/opinionpublica.com.ar\/index\/wp-content\/uploads\/2025\/04\/2025041410471435cb89e2478647992f003249299acec8-gonzalo-ferro.jpg",800,532,false],"morenews-medium":["https:\/\/opinionpublica.com.ar\/index\/wp-content\/uploads\/2025\/04\/2025041410471435cb89e2478647992f003249299acec8-gonzalo-ferro-590x410.jpg",590,410,true]},"author_info":{"display_name":"RKing","author_link":"https:\/\/opinionpublica.com.ar\/index\/author\/rking\/"},"category_info":"<a href=\"https:\/\/opinionpublica.com.ar\/index\/category\/rio-grande\/\" rel=\"category tag\">Rio Grande<\/a>","tag_info":"Rio Grande","comment_count":"0","_links":{"self":[{"href":"https:\/\/opinionpublica.com.ar\/index\/wp-json\/wp\/v2\/posts\/9367","targetHints":{"allow":["GET"]}}],"collection":[{"href":"https:\/\/opinionpublica.com.ar\/index\/wp-json\/wp\/v2\/posts"}],"about":[{"href":"https:\/\/opinionpublica.com.ar\/index\/wp-json\/wp\/v2\/types\/post"}],"author":[{"embeddable":true,"href":"https:\/\/opinionpublica.com.ar\/index\/wp-json\/wp\/v2\/users\/8"}],"replies":[{"embeddable":true,"href":"https:\/\/opinionpublica.com.ar\/index\/wp-json\/wp\/v2\/comments?post=9367"}],"version-history":[{"count":1,"href":"https:\/\/opinionpublica.com.ar\/index\/wp-json\/wp\/v2\/posts\/9367\/revisions"}],"predecessor-version":[{"id":9369,"href":"https:\/\/opinionpublica.com.ar\/index\/wp-json\/wp\/v2\/posts\/9367\/revisions\/9369"}],"wp:featuredmedia":[{"embeddable":true,"href":"https:\/\/opinionpublica.com.ar\/index\/wp-json\/wp\/v2\/media\/9368"}],"wp:attachment":[{"href":"https:\/\/opinionpublica.com.ar\/index\/wp-json\/wp\/v2\/media?parent=9367"}],"wp:term":[{"taxonomy":"category","embeddable":true,"href":"https:\/\/opinionpublica.com.ar\/index\/wp-json\/wp\/v2\/categories?post=9367"},{"taxonomy":"post_tag","embeddable":true,"href":"https:\/\/opinionpublica.com.ar\/index\/wp-json\/wp\/v2\/tags?post=9367"}],"curies":[{"name":"wp","href":"https:\/\/api.w.org\/{rel}","templated":true}]}}