{"id":9370,"date":"2025-04-15T10:43:55","date_gmt":"2025-04-15T13:43:55","guid":{"rendered":"https:\/\/opinionpublica.com.ar\/index\/?p=9370"},"modified":"2025-04-15T10:43:55","modified_gmt":"2025-04-15T13:43:55","slug":"scott-bessent-senalo-que-el-swap-con-china-se-extendera-un-ano-y-espera-que-argentina-pueda-pagarlo","status":"publish","type":"post","link":"https:\/\/opinionpublica.com.ar\/index\/scott-bessent-senalo-que-el-swap-con-china-se-extendera-un-ano-y-espera-que-argentina-pueda-pagarlo\/","title":{"rendered":"Scott Bessent se\u00f1al\u00f3 que el swap con China se extender\u00e1 un a\u00f1o y espera que Argentina pueda pagarlo"},"content":{"rendered":"<div class=\"article__header max-width-md\">\n<p class=\"article__title\"><strong>Scott Bessent se\u00f1al\u00f3 que el swap con China se extender\u00e1 un a\u00f1o y espera que Argentina pueda pagarlo<\/strong><\/p>\n<p class=\"article__headline\">El secretario del Tesoro de EE.UU. se refiri\u00f3 tambi\u00e9n a los aranceles sobre los productos argentinos y dijo que habr\u00e1 que \u00abnegociar\u00bb, pero en principio los mantendr\u00edan.<time class=\"article__date\" datetime=\"2025-04-15T03:08:00.000000Z\"><\/time><\/p>\n<p><a href=\"https:\/\/opinionpublica.com.ar\/index\/wp-content\/uploads\/2025\/04\/Scott-Bessen.-Reuters-VOA-Especial.jpg\"><img fetchpriority=\"high\" decoding=\"async\" class=\"alignnone size-full wp-image-9371\" src=\"https:\/\/opinionpublica.com.ar\/index\/wp-content\/uploads\/2025\/04\/Scott-Bessen.-Reuters-VOA-Especial.jpg\" alt=\"\" width=\"960\" height=\"640\" srcset=\"https:\/\/opinionpublica.com.ar\/index\/wp-content\/uploads\/2025\/04\/Scott-Bessen.-Reuters-VOA-Especial.jpg 960w, https:\/\/opinionpublica.com.ar\/index\/wp-content\/uploads\/2025\/04\/Scott-Bessen.-Reuters-VOA-Especial-300x200.jpg 300w, https:\/\/opinionpublica.com.ar\/index\/wp-content\/uploads\/2025\/04\/Scott-Bessen.-Reuters-VOA-Especial-768x512.jpg 768w\" sizes=\"(max-width: 960px) 100vw, 960px\" \/><\/a><\/p>\n<\/div>\n<div class=\"col-fluid col-fluid-max col-fluid--clip\">\n<div class=\"article__main max-width-md\">\n<div class=\"article__wrapper\">\n<div id=\"article-content\" class=\"article__content standard\">\n<p>Tras la\u00a0reuni\u00f3n\u00a0con el presidente\u00a0<strong>Javier Milei,<\/strong>\u00a0el secretario del<strong>\u00a0Tesoro de Estados Unidos, Scott Bessent<\/strong><a href=\"https:\/\/perfil.com\/noticias\/protagonistas\/scott-bessent-tiene-maridos-hijos-hombre-clave-trump-secretario-del-tesoro.phtml\" target=\"_blank\" rel=\"noopener\">,<\/a>\u00a0dio una entrevista en la que\u00a0<strong>descart\u00f3\u00a0<\/strong>que su pa\u00eds vaya a otorgarle un<strong>\u00a0cr\u00e9dito directo\u00a0<\/strong>a la Argentina, al mismo tiempo que afirm\u00f3 que su viaje fue para<strong>\u00a0mostrar \u201capoyo\u201d\u00a0<\/strong>a la gesti\u00f3n libertaria.<\/p>\n<p>Bessent se refiri\u00f3 al<strong>\u00a0swap\u00a0<\/strong>que el Banco Central (BCRA) tiene con\u00a0<strong>China<\/strong>, que en el \u00faltimo tiempo por la guerra comercial entre EE.UU. y la potencia asi\u00e1tica hab\u00eda despertado\u00a0especulaciones\u00a0sobre qu\u00e9 posici\u00f3n tomar\u00eda la administraci\u00f3n de Donald Trump. En esa l\u00ednea, el funcionario del Tesoro aclar\u00f3 que si el Gobierno contin\u00faa con las reformas econ\u00f3micas,\u00a0<strong>el pa\u00eds deber\u00eda tener suficientes entradas de divisas para pagar la parte activa del swap de divisas de US$18.000 millones con Pek\u00edn.<\/strong><\/p>\n<div class=\"teads-adCall\"><\/div>\n<p>\u201cTienen un\u00a0<strong>swap de cr\u00e9dito de 18.000 millones de d\u00f3lares en yuanes<\/strong>. Argentina, bajo el anterior gobierno peronista, obtuvo 5.000 millones de d\u00f3lares, y esa cantidad seguir\u00e1 pendiente. Los<strong>\u00a0chinos mostraron un gran esfuerzo tras el anuncio, o en conjunci\u00f3n con el del FMI,\u00a0<\/strong>por lo que se extender\u00e1 un a\u00f1o. Creo que, a medida que esta administraci\u00f3n mantenga su pol\u00edtica econ\u00f3mica inflexible<strong>, deber\u00edan eventualmente tener suficientes entradas de divisas para poder pagarlo\u201d<\/strong>, respondi\u00f3 Bessent al ser consultado en el reportaje.<\/p>\n<p>Al mismo tiempo, el funcionario estadounidense se\u00f1al\u00f3 que eligi\u00f3 Argentina como su segundo destino al extranjero desde que asumi\u00f3 para respaldar al Gobierno libertario. \u201cQuer\u00eda venir aqu\u00ed hoy para<strong>\u00a0mostrar mi apoyo al presidente Milei y a su compromiso con lo que considero hist\u00f3rico<\/strong>\u00a0para rescatar a Argentina del abismo\u201d, dijo.<\/p>\n<p>La llegada del secretario del Tesoro norteamericano al pa\u00eds es la\u00a0<strong>primera de un funcionario de su rango desde que se realiz\u00f3 el G20<\/strong>\u00a0en 2018 en la Ciudad de Buenos Aires. Y se dio apenas unos d\u00edas\u00a0<strong>despu\u00e9s de que el Fondo Monetario Internacional (FMI) le otorgara al Gobierno un pr\u00e9stamo por 20.000 millones de d\u00f3lares<\/strong>\u00a0a cambio de implementar un r\u00e9gimen de devaluaci\u00f3n mediante flotaci\u00f3n del d\u00f3lar y flexibilizar el cepo, entre otras condicionalidades.<\/p>\n<p class=\"destacadoNota\">\n<p>En ese sentido, Bessent en la conferencia en Casa Rosada sostuvo que \u201cel programa del\u00a0<strong>FMI le dar\u00e1 un respiro financiero a la Argentina<\/strong>\u00a0en medio del ajuste. Facilitar\u00e1 la\u00a0<strong>liberalizaci\u00f3n cambiaria<\/strong>, al tiempo que proteger\u00e1 la estabilidad del mercado\u00bb. \u00abEsto va a dar paso a lo que deber\u00eda ser un auge masivo de inversi\u00f3n extranjera directa. A muchas empresas estadounidenses con las que yo he hablado les entusiasma aportar el capital a largo plazo para formar parte de este milagro econ\u00f3mico\u201d, asegur\u00f3.<\/p>\n<p>En tanto, sobre los\u00a0<strong>aranceles<\/strong>\u00a0del 10% y 25% que la gesti\u00f3n de Trump aplic\u00f3 a los productos argentinos exportados a EE.UU. no dio certezas sobre su reducci\u00f3n o quita. \u201cYa veremos.<strong>\u00a0No s\u00e9 qu\u00e9 pasar\u00e1 con las negociaciones<\/strong>, porque tenemos\u00a0<strong>un mont\u00f3n de obst\u00e1culos que superar: barreras comerciales arancelarias y no arancelarias, manipulaci\u00f3n cambiaria y subsidios a la mano de obra y a las instalaciones<\/strong>\u201d, dijo el secretario del Tesoro al ser consultado en la entrevista en\u00a0<em>Bloomberg<\/em>.<\/p>\n<p>Durante el lunes, Bessent se reuni\u00f3 con el ministro de Econom\u00eda Luis Caputo y su equipo, y luego con Milei en el palacio presidencial. El funcionario estadounidense estuvo acompa\u00f1ado por Matt Schlapp, presidente de la Conferencia Pol\u00edtica de Acci\u00f3n Conservadora (CPAC), Soledad Cedro, CEO de CPAC Argentina; la Encargada de Negocios, Lydia Barraza; el subsecretario Adjunto para Asuntos del Hemisferio Occidental, Michael Kaplan, y el jefe de Gabinete, Dan Katz.<\/p>\n<p>&nbsp;<\/p>\n<\/div>\n<\/div>\n<\/div>\n<\/div>\n","protected":false},"excerpt":{"rendered":"<p>Scott Bessent se\u00f1al\u00f3 que el swap con China se extender\u00e1 un a\u00f1o y espera que Argentina pueda pagarlo<\/p>\n","protected":false},"author":8,"featured_media":9371,"comment_status":"open","ping_status":"open","sticky":false,"template":"","format":"standard","meta":{"footnotes":""},"categories":[3],"tags":[2008,692,3396,3397],"class_list":["post-9370","post","type-post","status-publish","format-standard","has-post-thumbnail","hentry","category-nacionales","tag-donald-trump","tag-javier-milei","tag-scott-bessent","tag-swap"],"featured_image_urls":{"full":["https:\/\/opinionpublica.com.ar\/index\/wp-content\/uploads\/2025\/04\/Scott-Bessen.-Reuters-VOA-Especial.jpg",960,640,false],"thumbnail":["https:\/\/opinionpublica.com.ar\/index\/wp-content\/uploads\/2025\/04\/Scott-Bessen.-Reuters-VOA-Especial-150x150.jpg",150,150,true],"medium":["https:\/\/opinionpublica.com.ar\/index\/wp-content\/uploads\/2025\/04\/Scott-Bessen.-Reuters-VOA-Especial-300x200.jpg",300,200,true],"medium_large":["https:\/\/opinionpublica.com.ar\/index\/wp-content\/uploads\/2025\/04\/Scott-Bessen.-Reuters-VOA-Especial-768x512.jpg",640,427,true],"large":["https:\/\/opinionpublica.com.ar\/index\/wp-content\/uploads\/2025\/04\/Scott-Bessen.-Reuters-VOA-Especial.jpg",640,427,false],"1536x1536":["https:\/\/opinionpublica.com.ar\/index\/wp-content\/uploads\/2025\/04\/Scott-Bessen.-Reuters-VOA-Especial.jpg",960,640,false],"2048x2048":["https:\/\/opinionpublica.com.ar\/index\/wp-content\/uploads\/2025\/04\/Scott-Bessen.-Reuters-VOA-Especial.jpg",960,640,false],"morenews-large":["https:\/\/opinionpublica.com.ar\/index\/wp-content\/uploads\/2025\/04\/Scott-Bessen.-Reuters-VOA-Especial-825x575.jpg",825,575,true],"morenews-medium":["https:\/\/opinionpublica.com.ar\/index\/wp-content\/uploads\/2025\/04\/Scott-Bessen.-Reuters-VOA-Especial-590x410.jpg",590,410,true]},"author_info":{"display_name":"RKing","author_link":"https:\/\/opinionpublica.com.ar\/index\/author\/rking\/"},"category_info":"<a href=\"https:\/\/opinionpublica.com.ar\/index\/category\/nacionales\/\" rel=\"category tag\">Nacionales<\/a>","tag_info":"Nacionales","comment_count":"0","_links":{"self":[{"href":"https:\/\/opinionpublica.com.ar\/index\/wp-json\/wp\/v2\/posts\/9370","targetHints":{"allow":["GET"]}}],"collection":[{"href":"https:\/\/opinionpublica.com.ar\/index\/wp-json\/wp\/v2\/posts"}],"about":[{"href":"https:\/\/opinionpublica.com.ar\/index\/wp-json\/wp\/v2\/types\/post"}],"author":[{"embeddable":true,"href":"https:\/\/opinionpublica.com.ar\/index\/wp-json\/wp\/v2\/users\/8"}],"replies":[{"embeddable":true,"href":"https:\/\/opinionpublica.com.ar\/index\/wp-json\/wp\/v2\/comments?post=9370"}],"version-history":[{"count":2,"href":"https:\/\/opinionpublica.com.ar\/index\/wp-json\/wp\/v2\/posts\/9370\/revisions"}],"predecessor-version":[{"id":9373,"href":"https:\/\/opinionpublica.com.ar\/index\/wp-json\/wp\/v2\/posts\/9370\/revisions\/9373"}],"wp:featuredmedia":[{"embeddable":true,"href":"https:\/\/opinionpublica.com.ar\/index\/wp-json\/wp\/v2\/media\/9371"}],"wp:attachment":[{"href":"https:\/\/opinionpublica.com.ar\/index\/wp-json\/wp\/v2\/media?parent=9370"}],"wp:term":[{"taxonomy":"category","embeddable":true,"href":"https:\/\/opinionpublica.com.ar\/index\/wp-json\/wp\/v2\/categories?post=9370"},{"taxonomy":"post_tag","embeddable":true,"href":"https:\/\/opinionpublica.com.ar\/index\/wp-json\/wp\/v2\/tags?post=9370"}],"curies":[{"name":"wp","href":"https:\/\/api.w.org\/{rel}","templated":true}]}}