{"id":9376,"date":"2025-04-15T10:59:21","date_gmt":"2025-04-15T13:59:21","guid":{"rendered":"https:\/\/opinionpublica.com.ar\/index\/?p=9376"},"modified":"2025-04-15T10:59:21","modified_gmt":"2025-04-15T13:59:21","slug":"convocan-a-caravana-por-la-salud-publica","status":"publish","type":"post","link":"https:\/\/opinionpublica.com.ar\/index\/convocan-a-caravana-por-la-salud-publica\/","title":{"rendered":"CONVOCAN A CARAVANA POR LA SALUD P\u00daBLICA"},"content":{"rendered":"<header class=\"entry-header\">\n<p class=\"entry-title\"><strong>CONVOCAN A CARAVANA POR LA SALUD P\u00daBLICA<\/strong><\/p>\n<\/header>\n<div class=\"entry-content clearfix\">\n<p>El Sindicato de Profesionales de la Salud P\u00fablica de Tierra del Fuego (SiProSa TDF), entidad gremial adherida a la Federaci\u00f3n Sindical de Profesionales de la Salud de la Rep\u00fablica Argentina (FeSProSa), ha convocado para este mi\u00e9rcoles 16 de abril a una Caravana por la Salud P\u00fablica con punto de concentraci\u00f3n en el Hospital de R\u00edo Grande a las 12 horas.<\/p>\n<p><a href=\"https:\/\/opinionpublica.com.ar\/index\/wp-content\/uploads\/2025\/04\/siprosa-1-740x360-1.jpg\"><img fetchpriority=\"high\" decoding=\"async\" class=\"alignnone size-full wp-image-9377\" src=\"https:\/\/opinionpublica.com.ar\/index\/wp-content\/uploads\/2025\/04\/siprosa-1-740x360-1.jpg\" alt=\"\" width=\"740\" height=\"360\" srcset=\"https:\/\/opinionpublica.com.ar\/index\/wp-content\/uploads\/2025\/04\/siprosa-1-740x360-1.jpg 740w, https:\/\/opinionpublica.com.ar\/index\/wp-content\/uploads\/2025\/04\/siprosa-1-740x360-1-300x146.jpg 300w\" sizes=\"(max-width: 740px) 100vw, 740px\" \/><\/a><\/p>\n<p>Advirtieron las y los profesionales que \u201cA\u00fan no se han dado respuestas de una recomposici\u00f3n salarial por el primer trimestre con incrementos insuficientes en general, y en particular sin aumento al b\u00e1sico que mantiene la estructura salarial de salud\u201d.<\/p>\n<p>Antes de la convocatoria a la caravana de este mi\u00e9rcoles, las y los profesionales de los hospitales p\u00fablicos de la provincia hab\u00edan emitido un comunicado donde se\u00f1alaban que \u201cDesde el 17 de marzo el Sindicato de Profesionales de la Salud P\u00fablica de TDF AeIAS, (SiProSa TDF), se encuentra de medidas de fuerza, con lo cual llevamos casi un mes. Y hace dos semanas que se iniciaron medidas de acci\u00f3n directa, y aun no se han dado respuestas de una recomposici\u00f3n salarial por el primer trimestre de paritarias con incrementos insuficientes en lo general y en lo particular sin aumento al b\u00e1sico que mantiene la estructura salarial de salud\u201d, se\u00f1alaron desde la organizaci\u00f3n que agrupo a las y los profesionales de la salud.<\/p>\n<p>Luego advirtieron que \u201cNo es ajena la crisis en salud que tiene la provincia, evidenciado en la Legislatura con el planteo de una modificaci\u00f3n de la ley del sistema de Obra Social para que los trabajadores sigan aportando m\u00e1s a una pol\u00edtica de salud quebrada y que beneficia a un peque\u00f1o grupo de empresarios de la salud privada\u201d.<\/p>\n<p>El documento que difundieron, expresa que \u201c\u00a1Eso es lo que se denomina salud sin acceso! Por los altos costos que debe afrontar toda la sociedad, cautivos de un contexto insular y aerodependiente. Porque en estos momentos de crisis econ\u00f3micas, es donde m\u00e1s se necesitan de una salud p\u00fablica fuerte y por el contrario vemos que de los casi 400 m\u00e9dicos y medicas de fines del 2022, ya son 300 en este 2025. Con una relaci\u00f3n de 1 m\u00e9dico cada 5 agentes de salud, hoy tenemos 1 m\u00e9dico cada 10 agentes de salud\u201d.<\/p>\n<p>M\u00e1s adelante, se\u00f1alaron que: \u201cLa salud es un derecho otorgado por la Constituci\u00f3n Nacional y provincial, donde el gobierno no puede mirar para otro lado. Se necesita inversi\u00f3n y sostenibilidad del recurso humano imprescindible, los profesionales de la salud\u201d.<\/p>\n<p>Luego mencionan desde SiProSa: \u201cLo que vemos es que el Ejecutivo provincial no est\u00e1 dando respuestas p\u00fablicas a la crisis que vive el sistema de salud. Mientras nuestros compa\u00f1eros y compa\u00f1eras se van del sistema porque no pueden sostener sus vidas con los sueldos actuales, el Gobernador guarda silencio\u201d.<\/p>\n<p>En otro tramo del texto, mencionan que \u201cEn lugar de fortalecer la planta permanente con salarios dignos y estabilidad laboral, se est\u00e1n multiplicando los contratos precarios para especialistas y tercerizando servicios de la salud p\u00fablica fueguina. Eso no es una pol\u00edtica sanitaria, es desguace del sistema p\u00fablico\u201d.<\/p>\n<p>\u201cSabemos que han aumentado los contratos con m\u00e9dicos especialistas, aumentado el valor de guardia a ellos y ellas, pero lo que eso refleja no es inversi\u00f3n estructural: es parche. No hay captaci\u00f3n de profesionales, no hay arraigo, no hay carrera sanitaria clara, y los sueldos siguen por debajo de la canasta b\u00e1sica. Tampoco hay incentivos concretos para que nuevos profesionales vengan a radicarse. \u00bfC\u00f3mo vamos a atraer talento si ni siquiera garantizamos condiciones de base?\u201d, se preguntan.<\/p>\n<p>Para concluir, expresan: \u201cNo pedimos milagros. Pedimos di\u00e1logo real, convocatoria a paritarias, compromiso p\u00fablico. El Gobierno debe dar la cara y explicar cu\u00e1l es su plan sanitario, si es que lo tiene. Mientras tanto, desde nuestro lugar, vamos a seguir visibilizando la situaci\u00f3n, organiz\u00e1ndonos y exigiendo que el Estado se haga cargo como corresponde\u201d.<\/p>\n<\/div>\n","protected":false},"excerpt":{"rendered":"<p>CONVOCAN A CARAVANA POR LA SALUD P\u00daBLICA El Sindicato de Profesionales de la Salud P\u00fablica de Tierra del<\/p>\n","protected":false},"author":8,"featured_media":9377,"comment_status":"open","ping_status":"open","sticky":false,"template":"","format":"standard","meta":{"footnotes":""},"categories":[3],"tags":[3390,413],"class_list":["post-9376","post","type-post","status-publish","format-standard","has-post-thumbnail","hentry","category-nacionales","tag-salud-publica","tag-siprosa"],"featured_image_urls":{"full":["https:\/\/opinionpublica.com.ar\/index\/wp-content\/uploads\/2025\/04\/siprosa-1-740x360-1.jpg",740,360,false],"thumbnail":["https:\/\/opinionpublica.com.ar\/index\/wp-content\/uploads\/2025\/04\/siprosa-1-740x360-1-150x150.jpg",150,150,true],"medium":["https:\/\/opinionpublica.com.ar\/index\/wp-content\/uploads\/2025\/04\/siprosa-1-740x360-1-300x146.jpg",300,146,true],"medium_large":["https:\/\/opinionpublica.com.ar\/index\/wp-content\/uploads\/2025\/04\/siprosa-1-740x360-1.jpg",640,311,false],"large":["https:\/\/opinionpublica.com.ar\/index\/wp-content\/uploads\/2025\/04\/siprosa-1-740x360-1.jpg",640,311,false],"1536x1536":["https:\/\/opinionpublica.com.ar\/index\/wp-content\/uploads\/2025\/04\/siprosa-1-740x360-1.jpg",740,360,false],"2048x2048":["https:\/\/opinionpublica.com.ar\/index\/wp-content\/uploads\/2025\/04\/siprosa-1-740x360-1.jpg",740,360,false],"morenews-large":["https:\/\/opinionpublica.com.ar\/index\/wp-content\/uploads\/2025\/04\/siprosa-1-740x360-1.jpg",740,360,false],"morenews-medium":["https:\/\/opinionpublica.com.ar\/index\/wp-content\/uploads\/2025\/04\/siprosa-1-740x360-1-590x360.jpg",590,360,true]},"author_info":{"display_name":"RKing","author_link":"https:\/\/opinionpublica.com.ar\/index\/author\/rking\/"},"category_info":"<a href=\"https:\/\/opinionpublica.com.ar\/index\/category\/nacionales\/\" rel=\"category tag\">Nacionales<\/a>","tag_info":"Nacionales","comment_count":"0","_links":{"self":[{"href":"https:\/\/opinionpublica.com.ar\/index\/wp-json\/wp\/v2\/posts\/9376","targetHints":{"allow":["GET"]}}],"collection":[{"href":"https:\/\/opinionpublica.com.ar\/index\/wp-json\/wp\/v2\/posts"}],"about":[{"href":"https:\/\/opinionpublica.com.ar\/index\/wp-json\/wp\/v2\/types\/post"}],"author":[{"embeddable":true,"href":"https:\/\/opinionpublica.com.ar\/index\/wp-json\/wp\/v2\/users\/8"}],"replies":[{"embeddable":true,"href":"https:\/\/opinionpublica.com.ar\/index\/wp-json\/wp\/v2\/comments?post=9376"}],"version-history":[{"count":1,"href":"https:\/\/opinionpublica.com.ar\/index\/wp-json\/wp\/v2\/posts\/9376\/revisions"}],"predecessor-version":[{"id":9378,"href":"https:\/\/opinionpublica.com.ar\/index\/wp-json\/wp\/v2\/posts\/9376\/revisions\/9378"}],"wp:featuredmedia":[{"embeddable":true,"href":"https:\/\/opinionpublica.com.ar\/index\/wp-json\/wp\/v2\/media\/9377"}],"wp:attachment":[{"href":"https:\/\/opinionpublica.com.ar\/index\/wp-json\/wp\/v2\/media?parent=9376"}],"wp:term":[{"taxonomy":"category","embeddable":true,"href":"https:\/\/opinionpublica.com.ar\/index\/wp-json\/wp\/v2\/categories?post=9376"},{"taxonomy":"post_tag","embeddable":true,"href":"https:\/\/opinionpublica.com.ar\/index\/wp-json\/wp\/v2\/tags?post=9376"}],"curies":[{"name":"wp","href":"https:\/\/api.w.org\/{rel}","templated":true}]}}