{"id":9379,"date":"2025-04-15T11:21:33","date_gmt":"2025-04-15T14:21:33","guid":{"rendered":"https:\/\/opinionpublica.com.ar\/index\/?p=9379"},"modified":"2025-04-15T11:21:33","modified_gmt":"2025-04-15T14:21:33","slug":"vuoto-transfirio-otros-77-millones-a-uise-en-concepto-de-subsidio-extraordinario","status":"publish","type":"post","link":"https:\/\/opinionpublica.com.ar\/index\/vuoto-transfirio-otros-77-millones-a-uise-en-concepto-de-subsidio-extraordinario\/","title":{"rendered":"Vuoto transfiri\u00f3 otros $77 millones a UISE en concepto de subsidio extraordinario"},"content":{"rendered":"<div class=\"col-md-9 col-sm-9 col-xs-12 articulo\">\n<p><strong>Vuoto transfiri\u00f3 otros $77 millones a UISE en concepto de subsidio extraordinario<\/strong><\/p>\n<div class=\"shareButtons\"><\/div>\n<p>La Municipalidad de Ushuaia oficializ\u00f3 un nuevo subsidio por $77 millones a favor de Ushuaia Integral Sociedad del Estado (UISE), la empresa que presta el servicio de transporte p\u00fablico en la ciudad. La medida fue dispuesta a trav\u00e9s del Decreto Municipal N.\u00ba 416\/2025, publicado este lunes en el Bolet\u00edn Oficial.<\/p>\n<p><a href=\"https:\/\/opinionpublica.com.ar\/index\/wp-content\/uploads\/2024\/07\/colectivo_ushuaia.jpg\"><img fetchpriority=\"high\" decoding=\"async\" class=\"alignnone size-full wp-image-4376\" src=\"https:\/\/opinionpublica.com.ar\/index\/wp-content\/uploads\/2024\/07\/colectivo_ushuaia.jpg\" alt=\"\" width=\"1366\" height=\"765\" srcset=\"https:\/\/opinionpublica.com.ar\/index\/wp-content\/uploads\/2024\/07\/colectivo_ushuaia.jpg 1366w, https:\/\/opinionpublica.com.ar\/index\/wp-content\/uploads\/2024\/07\/colectivo_ushuaia-300x168.jpg 300w, https:\/\/opinionpublica.com.ar\/index\/wp-content\/uploads\/2024\/07\/colectivo_ushuaia-1024x573.jpg 1024w, https:\/\/opinionpublica.com.ar\/index\/wp-content\/uploads\/2024\/07\/colectivo_ushuaia-768x430.jpg 768w\" sizes=\"(max-width: 1366px) 100vw, 1366px\" \/><\/a><\/p>\n<p>El subsidio fue solicitado por el presidente de UISE mediante la nota N.\u00ba 02\/2025, y avalado por las \u00e1reas econ\u00f3micas del Municipio. Seg\u00fan los considerandos del decreto, la asistencia tiene como objetivo \u201creforzar el mantenimiento de unidades\u201d y \u201cmantener el compromiso asumido en lo referido a aumentos salariales\u201d, evitando a su vez un incremento en la tarifa del boleto.<\/p>\n<p>Este nuevo desembolso se suma a otros subsidios otorgados durante 2024: en julio, UISE recibi\u00f3 $289 millones ante la interrupci\u00f3n del Fondo Compensador del Transporte Urbano; en agosto, $87,8 millones fueron destinados al Plan de Movilidad Sustentable; y en marzo, el Ejecutivo transfiri\u00f3 $390 millones para garantizar la continuidad del servicio.<\/p>\n<p>Aunque el Municipio los presenta como medidas excepcionales, estos subsidios han dejado de ser hechos aislados. En 2023,\u00a0<em>INFORMANTE.COM.AR<\/em>\u00a0ya advert\u00eda sobre la frecuencia con la que se canalizaban fondos hacia la empresa estatal, en un esquema que parece haberse consolidado como parte del funcionamiento habitual del sistema.<\/p>\n<p>En este contexto, concejales de la oposici\u00f3n solicitaron formalmente a la secretaria de Econom\u00eda del Municipio, Araceli Oviedo Gim\u00e9nez, un informe detallado sobre los fondos p\u00fablicos transferidos a UISE y a la Delegaci\u00f3n Municipal en la Ciudad Aut\u00f3noma de Buenos Aires.<\/p>\n<figure class=\"wp-block-image\"><\/figure>\n<p>El pedido, presentado por escrito, exige precisiones sobre las partidas y montos remitidos entre enero y abril de este a\u00f1o, as\u00ed como la entrega de copias de los actos administrativos que avalaron dichas transferencias. Tambi\u00e9n se pidi\u00f3 que se informe si estos instrumentos fueron remitidos para su publicaci\u00f3n en el Bolet\u00edn Oficial, con detalle de fecha y n\u00famero correspondiente.<\/p>\n<p>La solicitud se ampara en el derecho a la informaci\u00f3n p\u00fablica establecido en el art\u00edculo 48\u00b0 de la Constituci\u00f3n Provincial y el art\u00edculo 7\u00b0 de la Ley Provincial N\u00b0 653. Los ediles advirtieron que, de no recibir respuesta dentro del plazo legal de diez d\u00edas, se reservan el derecho de iniciar acciones judiciales contra la funcionaria.<\/p>\n<p>Desde la oposici\u00f3n se\u00f1alan que la ciudadan\u00eda tiene derecho a conocer c\u00f3mo y en qu\u00e9 se utilizan los recursos del Estado, y advierten que no permitir\u00e1n que se naturalice el uso discrecional y sin rendici\u00f3n de cuentas del dinero p\u00fablico. La nota lleva las firmas de Daiana Freiberger, Vladimir Espeche, Bel\u00e9n Monte de Oca y Valter Tavarone.<\/p>\n<p>&nbsp;<\/p>\n<\/div>\n","protected":false},"excerpt":{"rendered":"<p>Vuoto transfiri\u00f3 otros $77 millones a UISE en concepto de subsidio extraordinario La Municipalidad de Ushuaia oficializ\u00f3 un<\/p>\n","protected":false},"author":8,"featured_media":4376,"comment_status":"open","ping_status":"open","sticky":false,"template":"","format":"standard","meta":{"footnotes":""},"categories":[21],"tags":[237,538],"class_list":["post-9379","post","type-post","status-publish","format-standard","has-post-thumbnail","hentry","category-ushuaia","tag-uise","tag-walter-vuoto"],"featured_image_urls":{"full":["https:\/\/opinionpublica.com.ar\/index\/wp-content\/uploads\/2024\/07\/colectivo_ushuaia.jpg",1366,765,false],"thumbnail":["https:\/\/opinionpublica.com.ar\/index\/wp-content\/uploads\/2024\/07\/colectivo_ushuaia-150x150.jpg",150,150,true],"medium":["https:\/\/opinionpublica.com.ar\/index\/wp-content\/uploads\/2024\/07\/colectivo_ushuaia-300x168.jpg",300,168,true],"medium_large":["https:\/\/opinionpublica.com.ar\/index\/wp-content\/uploads\/2024\/07\/colectivo_ushuaia-768x430.jpg",640,358,true],"large":["https:\/\/opinionpublica.com.ar\/index\/wp-content\/uploads\/2024\/07\/colectivo_ushuaia-1024x573.jpg",640,358,true],"1536x1536":["https:\/\/opinionpublica.com.ar\/index\/wp-content\/uploads\/2024\/07\/colectivo_ushuaia.jpg",1366,765,false],"2048x2048":["https:\/\/opinionpublica.com.ar\/index\/wp-content\/uploads\/2024\/07\/colectivo_ushuaia.jpg",1366,765,false],"morenews-large":["https:\/\/opinionpublica.com.ar\/index\/wp-content\/uploads\/2024\/07\/colectivo_ushuaia-825x575.jpg",825,575,true],"morenews-medium":["https:\/\/opinionpublica.com.ar\/index\/wp-content\/uploads\/2024\/07\/colectivo_ushuaia-590x410.jpg",590,410,true]},"author_info":{"display_name":"RKing","author_link":"https:\/\/opinionpublica.com.ar\/index\/author\/rking\/"},"category_info":"<a href=\"https:\/\/opinionpublica.com.ar\/index\/category\/ushuaia\/\" rel=\"category tag\">Ushuaia<\/a>","tag_info":"Ushuaia","comment_count":"0","_links":{"self":[{"href":"https:\/\/opinionpublica.com.ar\/index\/wp-json\/wp\/v2\/posts\/9379","targetHints":{"allow":["GET"]}}],"collection":[{"href":"https:\/\/opinionpublica.com.ar\/index\/wp-json\/wp\/v2\/posts"}],"about":[{"href":"https:\/\/opinionpublica.com.ar\/index\/wp-json\/wp\/v2\/types\/post"}],"author":[{"embeddable":true,"href":"https:\/\/opinionpublica.com.ar\/index\/wp-json\/wp\/v2\/users\/8"}],"replies":[{"embeddable":true,"href":"https:\/\/opinionpublica.com.ar\/index\/wp-json\/wp\/v2\/comments?post=9379"}],"version-history":[{"count":2,"href":"https:\/\/opinionpublica.com.ar\/index\/wp-json\/wp\/v2\/posts\/9379\/revisions"}],"predecessor-version":[{"id":9381,"href":"https:\/\/opinionpublica.com.ar\/index\/wp-json\/wp\/v2\/posts\/9379\/revisions\/9381"}],"wp:featuredmedia":[{"embeddable":true,"href":"https:\/\/opinionpublica.com.ar\/index\/wp-json\/wp\/v2\/media\/4376"}],"wp:attachment":[{"href":"https:\/\/opinionpublica.com.ar\/index\/wp-json\/wp\/v2\/media?parent=9379"}],"wp:term":[{"taxonomy":"category","embeddable":true,"href":"https:\/\/opinionpublica.com.ar\/index\/wp-json\/wp\/v2\/categories?post=9379"},{"taxonomy":"post_tag","embeddable":true,"href":"https:\/\/opinionpublica.com.ar\/index\/wp-json\/wp\/v2\/tags?post=9379"}],"curies":[{"name":"wp","href":"https:\/\/api.w.org\/{rel}","templated":true}]}}