{"id":9382,"date":"2025-04-15T11:35:33","date_gmt":"2025-04-15T14:35:33","guid":{"rendered":"https:\/\/opinionpublica.com.ar\/index\/?p=9382"},"modified":"2025-04-15T11:35:33","modified_gmt":"2025-04-15T14:35:33","slug":"mas-de-3-mil-familias-asisten-a-comedores-y-merenderos-comunitarios-de-rio-grande","status":"publish","type":"post","link":"https:\/\/opinionpublica.com.ar\/index\/mas-de-3-mil-familias-asisten-a-comedores-y-merenderos-comunitarios-de-rio-grande\/","title":{"rendered":"M\u00e1s de 3 mil familias asisten a comedores y merenderos comunitarios de R\u00edo Grande"},"content":{"rendered":"<div class=\"pt3p pb3p g11 flr\">\n<p class=\"ffalt ctitle fz43 mb20 bold\"><strong>M\u00e1s de 3 mil familias asisten a comedores y merenderos comunitarios de R\u00edo Grande<\/strong><\/p>\n<p class=\"arial ctext fz18 lh25\">As\u00ed lo informaron desde el Municipio, que asiste a m\u00e1s de 70 espacios comunitarios que brindan contenci\u00f3n a familias que atraviesan una delicada situaci\u00f3n econ\u00f3mica.<\/p>\n<p><a href=\"https:\/\/opinionpublica.com.ar\/index\/wp-content\/uploads\/2024\/05\/comedor-comunitario-tierra-del-fuego.jpeg\"><img fetchpriority=\"high\" decoding=\"async\" class=\"alignnone size-full wp-image-3508\" src=\"https:\/\/opinionpublica.com.ar\/index\/wp-content\/uploads\/2024\/05\/comedor-comunitario-tierra-del-fuego.jpeg\" alt=\"\" width=\"900\" height=\"599\" srcset=\"https:\/\/opinionpublica.com.ar\/index\/wp-content\/uploads\/2024\/05\/comedor-comunitario-tierra-del-fuego.jpeg 900w, https:\/\/opinionpublica.com.ar\/index\/wp-content\/uploads\/2024\/05\/comedor-comunitario-tierra-del-fuego-300x200.jpeg 300w, https:\/\/opinionpublica.com.ar\/index\/wp-content\/uploads\/2024\/05\/comedor-comunitario-tierra-del-fuego-768x511.jpeg 768w\" sizes=\"(max-width: 900px) 100vw, 900px\" \/><\/a><\/div>\n<section id=\"galeria-noticia\" class=\" g11 flr\">\n<div class=\"bx-wrapper\">\n<div class=\"bx-viewport\"><\/div>\n<\/div>\n<\/section>\n<div class=\"flr g10 arial ctext fz16 lh26 mb20\">\n<div class=\"wysiwyg mb15\">\n<p>A trav\u00e9s de la Subsecretar\u00eda de Desarrollo Comunitario, el Municipio inform\u00f3 que actualmente acompa\u00f1a de forma permanente a m\u00e1s de 70 comedores y merenderos de la ciudad, al que asisten m\u00e1s de 3 mil familias que atraviesan una delicada situaci\u00f3n econ\u00f3mica.<\/p>\n<p>Este acompa\u00f1amiento no s\u00f3lo abarca la entrega de mercader\u00eda -que implica una inversi\u00f3n mensual de aproximadamente 1 mill\u00f3n y medio de pesos por instituci\u00f3n- sino tambi\u00e9n incluye asesoramiento, capacitaciones -entre ellas, sobre elaboraci\u00f3n de alimentos saludables- y controles peri\u00f3dicos de sus instalaciones.<\/p>\n<p>En esta l\u00ednea, se implementaron en conjunto con la Secretar\u00eda de Salud, diversas capacitaciones sobre manipulaci\u00f3n segura de alimentos, donde se otorgaron certificados de manipulaci\u00f3n de alimentos a las y los responsables y colaboradores de cada comedor y merendero a quienes se les provey\u00f3 de conocimientos y herramientas para asegurar que se cumplan los est\u00e1ndares sanitarios y nutricionales en su labor diaria.<\/p>\n<p>El trabajo en territorio del Municipio junto a los comedores y merenderos permite, adem\u00e1s, detectar problemas de salud e inconvenientes de diversa \u00edndole que atraviesan las familias.<\/p>\n<p>Desde la Direcci\u00f3n General de Desarrollo Comunitario, en comunicaci\u00f3n con los referentes de los espacios, se trasladan las problem\u00e1ticas identificadas a las pertinentes \u00e1reas del Municipio a fin de que puedan intervenir y brindar una respuesta concreta.<\/p>\n<p>&nbsp;<\/p>\n<\/div>\n<\/div>\n","protected":false},"excerpt":{"rendered":"<p>M\u00e1s de 3 mil familias asisten a comedores y merenderos comunitarios de R\u00edo Grande As\u00ed lo informaron desde<\/p>\n","protected":false},"author":8,"featured_media":3508,"comment_status":"open","ping_status":"open","sticky":false,"template":"","format":"standard","meta":{"footnotes":""},"categories":[25],"tags":[1313,3398],"class_list":["post-9382","post","type-post","status-publish","format-standard","has-post-thumbnail","hentry","category-rio-grande","tag-comedores-comunitarios","tag-secretaria-de-salud"],"featured_image_urls":{"full":["https:\/\/opinionpublica.com.ar\/index\/wp-content\/uploads\/2024\/05\/comedor-comunitario-tierra-del-fuego.jpeg",900,599,false],"thumbnail":["https:\/\/opinionpublica.com.ar\/index\/wp-content\/uploads\/2024\/05\/comedor-comunitario-tierra-del-fuego-150x150.jpeg",150,150,true],"medium":["https:\/\/opinionpublica.com.ar\/index\/wp-content\/uploads\/2024\/05\/comedor-comunitario-tierra-del-fuego-300x200.jpeg",300,200,true],"medium_large":["https:\/\/opinionpublica.com.ar\/index\/wp-content\/uploads\/2024\/05\/comedor-comunitario-tierra-del-fuego-768x511.jpeg",640,426,true],"large":["https:\/\/opinionpublica.com.ar\/index\/wp-content\/uploads\/2024\/05\/comedor-comunitario-tierra-del-fuego.jpeg",640,426,false],"1536x1536":["https:\/\/opinionpublica.com.ar\/index\/wp-content\/uploads\/2024\/05\/comedor-comunitario-tierra-del-fuego.jpeg",900,599,false],"2048x2048":["https:\/\/opinionpublica.com.ar\/index\/wp-content\/uploads\/2024\/05\/comedor-comunitario-tierra-del-fuego.jpeg",900,599,false],"morenews-large":["https:\/\/opinionpublica.com.ar\/index\/wp-content\/uploads\/2024\/05\/comedor-comunitario-tierra-del-fuego-825x575.jpeg",825,575,true],"morenews-medium":["https:\/\/opinionpublica.com.ar\/index\/wp-content\/uploads\/2024\/05\/comedor-comunitario-tierra-del-fuego-590x410.jpeg",590,410,true]},"author_info":{"display_name":"RKing","author_link":"https:\/\/opinionpublica.com.ar\/index\/author\/rking\/"},"category_info":"<a href=\"https:\/\/opinionpublica.com.ar\/index\/category\/rio-grande\/\" rel=\"category tag\">Rio Grande<\/a>","tag_info":"Rio Grande","comment_count":"0","_links":{"self":[{"href":"https:\/\/opinionpublica.com.ar\/index\/wp-json\/wp\/v2\/posts\/9382","targetHints":{"allow":["GET"]}}],"collection":[{"href":"https:\/\/opinionpublica.com.ar\/index\/wp-json\/wp\/v2\/posts"}],"about":[{"href":"https:\/\/opinionpublica.com.ar\/index\/wp-json\/wp\/v2\/types\/post"}],"author":[{"embeddable":true,"href":"https:\/\/opinionpublica.com.ar\/index\/wp-json\/wp\/v2\/users\/8"}],"replies":[{"embeddable":true,"href":"https:\/\/opinionpublica.com.ar\/index\/wp-json\/wp\/v2\/comments?post=9382"}],"version-history":[{"count":1,"href":"https:\/\/opinionpublica.com.ar\/index\/wp-json\/wp\/v2\/posts\/9382\/revisions"}],"predecessor-version":[{"id":9383,"href":"https:\/\/opinionpublica.com.ar\/index\/wp-json\/wp\/v2\/posts\/9382\/revisions\/9383"}],"wp:featuredmedia":[{"embeddable":true,"href":"https:\/\/opinionpublica.com.ar\/index\/wp-json\/wp\/v2\/media\/3508"}],"wp:attachment":[{"href":"https:\/\/opinionpublica.com.ar\/index\/wp-json\/wp\/v2\/media?parent=9382"}],"wp:term":[{"taxonomy":"category","embeddable":true,"href":"https:\/\/opinionpublica.com.ar\/index\/wp-json\/wp\/v2\/categories?post=9382"},{"taxonomy":"post_tag","embeddable":true,"href":"https:\/\/opinionpublica.com.ar\/index\/wp-json\/wp\/v2\/tags?post=9382"}],"curies":[{"name":"wp","href":"https:\/\/api.w.org\/{rel}","templated":true}]}}