{"id":9386,"date":"2025-04-16T09:43:04","date_gmt":"2025-04-16T12:43:04","guid":{"rendered":"https:\/\/opinionpublica.com.ar\/index\/?p=9386"},"modified":"2025-04-16T09:43:04","modified_gmt":"2025-04-16T12:43:04","slug":"el-fmi-demanda-el-fin-de-la-19-640","status":"publish","type":"post","link":"https:\/\/opinionpublica.com.ar\/index\/el-fmi-demanda-el-fin-de-la-19-640\/","title":{"rendered":"El FMI demanda el fin de la 19.640"},"content":{"rendered":"<section class=\"elementor-section elementor-top-section elementor-element elementor-element-0861e4f elementor-section-boxed elementor-section-height-default elementor-section-height-default\" data-id=\"0861e4f\" data-element_type=\"section\">\n<div class=\"elementor-container elementor-column-gap-default\">\n<div class=\"elementor-row\">\n<div class=\"elementor-column elementor-col-100 elementor-top-column elementor-element elementor-element-43b1334\" data-id=\"43b1334\" data-element_type=\"column\">\n<div class=\"elementor-column-wrap elementor-element-populated\">\n<div class=\"elementor-widget-wrap\">\n<div class=\"elementor-element elementor-element-4e7a5ac elementor-widget elementor-widget-theme-post-title elementor-page-title elementor-widget-heading\" data-id=\"4e7a5ac\" data-element_type=\"widget\" data-widget_type=\"theme-post-title.default\">\n<div class=\"elementor-widget-container\">\n<p class=\"elementor-heading-title elementor-size-default\"><strong>El FMI demanda el fin de la 19.640<\/strong><\/p>\n<\/div>\n<\/div>\n<\/div>\n<\/div>\n<\/div>\n<\/div>\n<\/div>\n<\/section>\n<section class=\"elementor-section elementor-top-section elementor-element elementor-element-640466e elementor-section-boxed elementor-section-height-default elementor-section-height-default\" data-id=\"640466e\" data-element_type=\"section\">\n<div class=\"elementor-container elementor-column-gap-default\">\n<div class=\"elementor-row\">\n<div class=\"elementor-column elementor-col-100 elementor-top-column elementor-element elementor-element-2d4a842\" data-id=\"2d4a842\" data-element_type=\"column\">\n<div class=\"elementor-column-wrap elementor-element-populated\">\n<div class=\"elementor-widget-wrap\">\n<div class=\"elementor-element elementor-element-ff1c4ba elementor-widget elementor-widget-theme-post-content\" data-id=\"ff1c4ba\" data-element_type=\"widget\" data-widget_type=\"theme-post-content.default\">\n<div class=\"elementor-widget-container\">\n<p>Beneficios fiscales fueguinos en la cuerda floja.<\/p>\n<p><em>En su \u00faltimo informe t\u00e9cnico, el Fondo Monetario Internacional critic\u00f3 las exenciones fiscales del subr\u00e9gimen, calific\u00e1ndolas de \u201cinequitativas\u201d y \u201cdistorsivas\u201d. Mientras el Gobierno nacional se alinea con el organismo, las autoridades de la provincia alertan sobre el impacto social, laboral y territorial que la medida significar\u00eda.<\/em><span id=\"more-110532\"><\/span><\/p>\n<p><a href=\"https:\/\/opinionpublica.com.ar\/index\/wp-content\/uploads\/2024\/03\/tierradelfuegoelectro_1.jpg\"><img fetchpriority=\"high\" decoding=\"async\" class=\"alignnone size-full wp-image-869\" src=\"https:\/\/opinionpublica.com.ar\/index\/wp-content\/uploads\/2024\/03\/tierradelfuegoelectro_1.jpg\" alt=\"\" width=\"960\" height=\"540\" srcset=\"https:\/\/opinionpublica.com.ar\/index\/wp-content\/uploads\/2024\/03\/tierradelfuegoelectro_1.jpg 960w, https:\/\/opinionpublica.com.ar\/index\/wp-content\/uploads\/2024\/03\/tierradelfuegoelectro_1-300x169.jpg 300w, https:\/\/opinionpublica.com.ar\/index\/wp-content\/uploads\/2024\/03\/tierradelfuegoelectro_1-768x432.jpg 768w\" sizes=\"(max-width: 960px) 100vw, 960px\" \/><\/a><\/p>\n<p>El Fondo Monetario Internacional \u2013 FMI \u2013 ha puesto nuevamente sobre la mesa el debate respecto al subr\u00e9gimen de promoci\u00f3n industrial de Tierra del Fuego, establecido por la Ley 19.640. En un informe t\u00e9cnico de 138 p\u00e1ginas, el organismo sostiene que los beneficios fiscales otorgados a la regi\u00f3n \u2013que representan el 3,5% del Producto Bruto Interno (PBI) en gasto tributario\u2013 resultan \u201cinequitativos\u201d y \u201cdistorsivos\u201d, y aboga por su eliminaci\u00f3n como parte de una reforma tributaria m\u00e1s amplia.<\/p>\n<p>El informe destaca, por un lado, los avances del programa econ\u00f3mico del presidente Javier Milei \u2014super\u00e1vit financiero, reducci\u00f3n de la inflaci\u00f3n y acumulaci\u00f3n de reservas\u2014 y, por otro, se\u00f1ala que la alta dependencia de los impuestos indirectos y las exenciones para regiones especiales \u2013 en alusi\u00f3n a la isla \u2013 \u201chan contribuido a aumentar las inequidades del sistema tributario argentino\u201d. Seg\u00fan el FMI, la eliminaci\u00f3n de estos beneficios permitir\u00eda \u201cuna mayor progresividad y armonizaci\u00f3n de al\u00edcuotas a nivel nacional, eliminando ventajas regionales que distorsionan la competencia\u201d.<\/p>\n<p>Conocida la mala noticia, desde Tierra del Fuego comenzaron a hacerse o\u00edr m\u00faltiples voces de preocupaci\u00f3n por la posible desaparici\u00f3n de un instrumento defendido hist\u00f3ricamente como una herramienta de desarrollo estrat\u00e9gico y soberan\u00eda. Autoridades locales aseguran que el diagn\u00f3stico del FMI no consider\u00f3 adecuadamente las condiciones log\u00edsticas y geogr\u00e1ficas de la provincia, ni el impacto social y laboral que implicar\u00eda la supresi\u00f3n del r\u00e9gimen.<\/p>\n<p>El Gobierno de la Provincia, representado por su titular, Gustavo Melella, fue el primero en dar el signo de alarma: \u201cVemos con suma preocupaci\u00f3n que el acuerdo del Gobierno Nacional con el FMI pretenda eliminar el r\u00e9gimen de nuestra provincia. Ven\u00edamos advirtiendo que este acuerdo traer\u00eda m\u00e1s ajuste y perjuicio a nuestra gente, con una receta que ya todos conocemos\u201d.<\/p>\n<p>Asimismo, el mandatario subray\u00f3 que \u201ces inadmisible que se considere un perjuicio eliminar un subr\u00e9gimen que significa trabajo para miles de familias, producci\u00f3n nacional y, sobre todo, soberan\u00eda\u201d.<\/p>\n<p>El mandatario reafirm\u00f3 asimismo el compromiso provincial: \u201cVamos a seguir defendiendo el subr\u00e9gimen de promoci\u00f3n industrial en Tierra del Fuego, porque permite que la regi\u00f3n, junto con la Ant\u00e1rtida y las Islas del Atl\u00e1ntico Sur, se desarrolle. Llevaremos nuestra defensa adonde sea necesario\u201d.<\/p>\n<\/div>\n<\/div>\n<\/div>\n<\/div>\n<\/div>\n<\/div>\n<\/div>\n<\/section>\n","protected":false},"excerpt":{"rendered":"<p>El FMI demanda el fin de la 19.640 Beneficios fiscales fueguinos en la cuerda floja. En su \u00faltimo<\/p>\n","protected":false},"author":8,"featured_media":869,"comment_status":"open","ping_status":"open","sticky":false,"template":"","format":"standard","meta":{"footnotes":""},"categories":[3,2],"tags":[92,604],"class_list":["post-9386","post","type-post","status-publish","format-standard","has-post-thumbnail","hentry","category-nacionales","category-tierra-del-fuego","tag-fmi","tag-ley-19-640"],"featured_image_urls":{"full":["https:\/\/opinionpublica.com.ar\/index\/wp-content\/uploads\/2024\/03\/tierradelfuegoelectro_1.jpg",960,540,false],"thumbnail":["https:\/\/opinionpublica.com.ar\/index\/wp-content\/uploads\/2024\/03\/tierradelfuegoelectro_1-150x150.jpg",150,150,true],"medium":["https:\/\/opinionpublica.com.ar\/index\/wp-content\/uploads\/2024\/03\/tierradelfuegoelectro_1-300x169.jpg",300,169,true],"medium_large":["https:\/\/opinionpublica.com.ar\/index\/wp-content\/uploads\/2024\/03\/tierradelfuegoelectro_1-768x432.jpg",640,360,true],"large":["https:\/\/opinionpublica.com.ar\/index\/wp-content\/uploads\/2024\/03\/tierradelfuegoelectro_1.jpg",640,360,false],"1536x1536":["https:\/\/opinionpublica.com.ar\/index\/wp-content\/uploads\/2024\/03\/tierradelfuegoelectro_1.jpg",960,540,false],"2048x2048":["https:\/\/opinionpublica.com.ar\/index\/wp-content\/uploads\/2024\/03\/tierradelfuegoelectro_1.jpg",960,540,false],"morenews-large":["https:\/\/opinionpublica.com.ar\/index\/wp-content\/uploads\/2024\/03\/tierradelfuegoelectro_1-825x540.jpg",825,540,true],"morenews-medium":["https:\/\/opinionpublica.com.ar\/index\/wp-content\/uploads\/2024\/03\/tierradelfuegoelectro_1-590x410.jpg",590,410,true]},"author_info":{"display_name":"RKing","author_link":"https:\/\/opinionpublica.com.ar\/index\/author\/rking\/"},"category_info":"<a href=\"https:\/\/opinionpublica.com.ar\/index\/category\/nacionales\/\" rel=\"category tag\">Nacionales<\/a> <a href=\"https:\/\/opinionpublica.com.ar\/index\/category\/tierra-del-fuego\/\" rel=\"category tag\">Tierra del Fuego<\/a>","tag_info":"Tierra del Fuego","comment_count":"0","_links":{"self":[{"href":"https:\/\/opinionpublica.com.ar\/index\/wp-json\/wp\/v2\/posts\/9386","targetHints":{"allow":["GET"]}}],"collection":[{"href":"https:\/\/opinionpublica.com.ar\/index\/wp-json\/wp\/v2\/posts"}],"about":[{"href":"https:\/\/opinionpublica.com.ar\/index\/wp-json\/wp\/v2\/types\/post"}],"author":[{"embeddable":true,"href":"https:\/\/opinionpublica.com.ar\/index\/wp-json\/wp\/v2\/users\/8"}],"replies":[{"embeddable":true,"href":"https:\/\/opinionpublica.com.ar\/index\/wp-json\/wp\/v2\/comments?post=9386"}],"version-history":[{"count":1,"href":"https:\/\/opinionpublica.com.ar\/index\/wp-json\/wp\/v2\/posts\/9386\/revisions"}],"predecessor-version":[{"id":9387,"href":"https:\/\/opinionpublica.com.ar\/index\/wp-json\/wp\/v2\/posts\/9386\/revisions\/9387"}],"wp:featuredmedia":[{"embeddable":true,"href":"https:\/\/opinionpublica.com.ar\/index\/wp-json\/wp\/v2\/media\/869"}],"wp:attachment":[{"href":"https:\/\/opinionpublica.com.ar\/index\/wp-json\/wp\/v2\/media?parent=9386"}],"wp:term":[{"taxonomy":"category","embeddable":true,"href":"https:\/\/opinionpublica.com.ar\/index\/wp-json\/wp\/v2\/categories?post=9386"},{"taxonomy":"post_tag","embeddable":true,"href":"https:\/\/opinionpublica.com.ar\/index\/wp-json\/wp\/v2\/tags?post=9386"}],"curies":[{"name":"wp","href":"https:\/\/api.w.org\/{rel}","templated":true}]}}