{"id":9388,"date":"2025-04-16T09:49:48","date_gmt":"2025-04-16T12:49:48","guid":{"rendered":"https:\/\/opinionpublica.com.ar\/index\/?p=9388"},"modified":"2025-04-16T09:49:48","modified_gmt":"2025-04-16T12:49:48","slug":"paro-de-actividades-en-el-buque-tai-an-por-incumplimientos-laborales-de-la-empresa-armadora","status":"publish","type":"post","link":"https:\/\/opinionpublica.com.ar\/index\/paro-de-actividades-en-el-buque-tai-an-por-incumplimientos-laborales-de-la-empresa-armadora\/","title":{"rendered":"Paro de actividades en el buque Tai An por incumplimientos laborales de la empresa armadora"},"content":{"rendered":"<div class=\"row pb3p\">\n<div class=\"pt3p pb3p col-offset-0 col-md-offset-1 col-12 col-md-11 nota-encabezado\">\n<p class=\"ftitulo cblack fz43 mb15 bold lh50\"><strong>Paro de actividades en el buque Tai An por incumplimientos laborales de la empresa armadora<\/strong><\/p>\n<p class=\"fparrafo ctext fz18 lh25\">Tripulantes del buque Tai An paralizaron sus tareas en Ushuaia denunciando graves incumplimientos por parte de la empresa Prodesur SA. Seg\u00fan trascendi\u00f3, hay sueldos atrasados, falta de aportes y no tienen cobertura m\u00e9dica. SOMU y UNAM respaldan la medida y exigen \u201crespuestas urgentes\u201d.<\/p>\n<p><a href=\"https:\/\/opinionpublica.com.ar\/index\/wp-content\/uploads\/2024\/12\/Revista-Puerto-CFP-El-BP-Tai-An-sin-cuota-de-merluza-negra-img-02.jpg\"><img fetchpriority=\"high\" decoding=\"async\" class=\"alignnone size-full wp-image-7883\" src=\"https:\/\/opinionpublica.com.ar\/index\/wp-content\/uploads\/2024\/12\/Revista-Puerto-CFP-El-BP-Tai-An-sin-cuota-de-merluza-negra-img-02.jpg\" alt=\"\" width=\"760\" height=\"507\" srcset=\"https:\/\/opinionpublica.com.ar\/index\/wp-content\/uploads\/2024\/12\/Revista-Puerto-CFP-El-BP-Tai-An-sin-cuota-de-merluza-negra-img-02.jpg 760w, https:\/\/opinionpublica.com.ar\/index\/wp-content\/uploads\/2024\/12\/Revista-Puerto-CFP-El-BP-Tai-An-sin-cuota-de-merluza-negra-img-02-300x200.jpg 300w\" sizes=\"(max-width: 760px) 100vw, 760px\" \/><\/a><\/p>\n<\/div>\n<div class=\"col-offset-0 col-md-offset-1 col-12 col-md-11\">\n<div class=\"owl-carousel owl-theme carousel-nota owl-loaded owl-drag\">\n<div class=\"owl-stage-outer\">\n<div class=\"owl-stage\">\n<div class=\"owl-item cloned\">\n<div class=\"item\"><\/div>\n<\/div>\n<\/div>\n<\/div>\n<\/div>\n<\/div>\n<\/div>\n<div class=\"row\">\n<div class=\"col-12 col-md-10 fparrafo ctext fz16 lh28 mb20\">\n<div class=\"wysiwyg mb15\">\n<p>La tripulaci\u00f3n del buque pesquero Tai An decidi\u00f3 el viernes pasado paralizar sus actividades en el puerto de Ushuaia, como medida de fuerza ante una serie de incumplimientos laborales por parte de la empresa armadora Prodesur SA<\/p>\n<p>La informaci\u00f3n fue publicada por el sitio web especializado \u201cPescare\u201d, donde se\u00f1alaron que \u201cLos trabajadores denuncian el retraso en el pago de salarios, la falta de liquidaci\u00f3n del plus por tareas en bodega, y el incumplimiento en los aportes sindicales, previsionales y de obra social. Esta \u00faltima situaci\u00f3n ha dejado a los tripulantes sin cobertura m\u00e9dica, lo que agrava a\u00fan m\u00e1s el conflicto\u201d.<\/p>\n<p>En un comunicado, los marineros expresaron: \u201cNos encontramos en una situaci\u00f3n insostenible. La empresa ha faltado sistem\u00e1ticamente a sus obligaciones, vulnerando derechos b\u00e1sicos de la tripulaci\u00f3n. Nos solidarizamos con los compa\u00f1eros y sus familias, que tambi\u00e9n se ven afectadas por esta grave situaci\u00f3n\u201d.<\/p>\n<p>Por su parte, la Uni\u00f3n de Trabajadores del Mar (UNAM) expres\u00f3 su total respaldo a la medida adoptada por los trabajadores, acompa\u00f1ando el reclamo por una soluci\u00f3n \u201cjusta e inmediata\u201d.<\/p>\n<p>Adem\u00e1s, Ra\u00fal A. Su\u00e1rez, delegado gremial del Sindicato de Obreros Mar\u00edtimos Unidos (SOMU), present\u00f3 una nota formal al Ministerio de Trabajo de Tierra del Fuego solicitando una audiencia urgente para este lunes 14 de abril con representantes de Prodesur SA. En el documento dirigido a la ministra Sonia Castiglione, se detalla la falta de respuesta por parte de la empresa ante reiterados requerimientos de documentaci\u00f3n, como recibos de sueldo, partes de producci\u00f3n y comprobantes de aportes.<\/p>\n<p>Tambi\u00e9n se denunci\u00f3 la incorrecta aplicaci\u00f3n del \u00edtem \u201cBodega Completa\u201d, observada desde el 21 de febrero, que representa una diferencia salarial superior al 50% en dicho concepto.<\/p>\n<p>El buque Tai An amarr\u00f3 en muelle el 11 de abril a las 10:00 horas, por lo que los trabajadores esperan una respuesta concreta por parte de las autoridades y de la empresa a la brevedad para evitar una profundizaci\u00f3n del conflicto.<\/p>\n<p>Fuente: Pescare<\/p>\n<\/div>\n<\/div>\n<\/div>\n","protected":false},"excerpt":{"rendered":"<p>Paro de actividades en el buque Tai An por incumplimientos laborales de la empresa armadora Tripulantes del buque<\/p>\n","protected":false},"author":8,"featured_media":2884,"comment_status":"open","ping_status":"open","sticky":false,"template":"","format":"standard","meta":{"footnotes":""},"categories":[2,21],"tags":[90,203,275,6],"class_list":["post-9388","post","type-post","status-publish","format-standard","has-post-thumbnail","hentry","category-tierra-del-fuego","category-ushuaia","tag-paro","tag-puerto","tag-tai-an","tag-ushuaia"],"featured_image_urls":{"full":["https:\/\/opinionpublica.com.ar\/index\/wp-content\/uploads\/2024\/05\/tai-in-puerto.jpg",800,533,false],"thumbnail":["https:\/\/opinionpublica.com.ar\/index\/wp-content\/uploads\/2024\/05\/tai-in-puerto-150x150.jpg",150,150,true],"medium":["https:\/\/opinionpublica.com.ar\/index\/wp-content\/uploads\/2024\/05\/tai-in-puerto-300x200.jpg",300,200,true],"medium_large":["https:\/\/opinionpublica.com.ar\/index\/wp-content\/uploads\/2024\/05\/tai-in-puerto-768x512.jpg",640,427,true],"large":["https:\/\/opinionpublica.com.ar\/index\/wp-content\/uploads\/2024\/05\/tai-in-puerto.jpg",640,426,false],"1536x1536":["https:\/\/opinionpublica.com.ar\/index\/wp-content\/uploads\/2024\/05\/tai-in-puerto.jpg",800,533,false],"2048x2048":["https:\/\/opinionpublica.com.ar\/index\/wp-content\/uploads\/2024\/05\/tai-in-puerto.jpg",800,533,false],"morenews-large":["https:\/\/opinionpublica.com.ar\/index\/wp-content\/uploads\/2024\/05\/tai-in-puerto.jpg",800,533,false],"morenews-medium":["https:\/\/opinionpublica.com.ar\/index\/wp-content\/uploads\/2024\/05\/tai-in-puerto-590x410.jpg",590,410,true]},"author_info":{"display_name":"RKing","author_link":"https:\/\/opinionpublica.com.ar\/index\/author\/rking\/"},"category_info":"<a href=\"https:\/\/opinionpublica.com.ar\/index\/category\/tierra-del-fuego\/\" rel=\"category tag\">Tierra del Fuego<\/a> <a href=\"https:\/\/opinionpublica.com.ar\/index\/category\/ushuaia\/\" rel=\"category tag\">Ushuaia<\/a>","tag_info":"Ushuaia","comment_count":"0","_links":{"self":[{"href":"https:\/\/opinionpublica.com.ar\/index\/wp-json\/wp\/v2\/posts\/9388","targetHints":{"allow":["GET"]}}],"collection":[{"href":"https:\/\/opinionpublica.com.ar\/index\/wp-json\/wp\/v2\/posts"}],"about":[{"href":"https:\/\/opinionpublica.com.ar\/index\/wp-json\/wp\/v2\/types\/post"}],"author":[{"embeddable":true,"href":"https:\/\/opinionpublica.com.ar\/index\/wp-json\/wp\/v2\/users\/8"}],"replies":[{"embeddable":true,"href":"https:\/\/opinionpublica.com.ar\/index\/wp-json\/wp\/v2\/comments?post=9388"}],"version-history":[{"count":1,"href":"https:\/\/opinionpublica.com.ar\/index\/wp-json\/wp\/v2\/posts\/9388\/revisions"}],"predecessor-version":[{"id":9389,"href":"https:\/\/opinionpublica.com.ar\/index\/wp-json\/wp\/v2\/posts\/9388\/revisions\/9389"}],"wp:featuredmedia":[{"embeddable":true,"href":"https:\/\/opinionpublica.com.ar\/index\/wp-json\/wp\/v2\/media\/2884"}],"wp:attachment":[{"href":"https:\/\/opinionpublica.com.ar\/index\/wp-json\/wp\/v2\/media?parent=9388"}],"wp:term":[{"taxonomy":"category","embeddable":true,"href":"https:\/\/opinionpublica.com.ar\/index\/wp-json\/wp\/v2\/categories?post=9388"},{"taxonomy":"post_tag","embeddable":true,"href":"https:\/\/opinionpublica.com.ar\/index\/wp-json\/wp\/v2\/tags?post=9388"}],"curies":[{"name":"wp","href":"https:\/\/api.w.org\/{rel}","templated":true}]}}