{"id":9390,"date":"2025-04-16T09:54:54","date_gmt":"2025-04-16T12:54:54","guid":{"rendered":"https:\/\/opinionpublica.com.ar\/index\/?p=9390"},"modified":"2025-04-16T09:54:54","modified_gmt":"2025-04-16T12:54:54","slug":"sciurano-pidio-un-criterio-y-una-estrategia-unica-para-defender-el-subregimen-de-promocion-industrial","status":"publish","type":"post","link":"https:\/\/opinionpublica.com.ar\/index\/sciurano-pidio-un-criterio-y-una-estrategia-unica-para-defender-el-subregimen-de-promocion-industrial\/","title":{"rendered":"Sciurano pidi\u00f3 \u201cun criterio y una estrategia \u00fanica\u201d para defender el subr\u00e9gimen de promoci\u00f3n industrial"},"content":{"rendered":"<div class=\"td-post-header td-container\">\n<div class=\"td-post-header-holder td-image-gradient\">\n<header class=\"td-post-title\">\n<p class=\"entry-title\"><strong>Sciurano pidi\u00f3 \u201cun criterio y una estrategia \u00fanica\u201d para defender el subr\u00e9gimen de promoci\u00f3n industrial<\/strong><\/p>\n<\/header>\n<\/div>\n<\/div>\n<div class=\"td-container\">\n<div class=\"td-pb-row\">\n<div class=\"td-pb-span12 td-main-content\" role=\"main\">\n<div class=\"td-ss-main-content\">\n<div class=\"td-post-content tagdiv-type\">\n<p>El legislador de FORJA Federico Sciurano manifest\u00f3 preocupaci\u00f3n en torno \u00a0a que el acuerdo con el Fondo Monetario Internacional sugiera modificaciones al sub-r\u00e9gimen de promoci\u00f3n industrial.<\/p>\n<p><a href=\"https:\/\/opinionpublica.com.ar\/index\/wp-content\/uploads\/2024\/04\/Federico-Sciurano-1.jpg\"><img fetchpriority=\"high\" decoding=\"async\" class=\"alignnone size-full wp-image-1969\" src=\"https:\/\/opinionpublica.com.ar\/index\/wp-content\/uploads\/2024\/04\/Federico-Sciurano-1.jpg\" alt=\"\" width=\"1024\" height=\"545\" srcset=\"https:\/\/opinionpublica.com.ar\/index\/wp-content\/uploads\/2024\/04\/Federico-Sciurano-1.jpg 1024w, https:\/\/opinionpublica.com.ar\/index\/wp-content\/uploads\/2024\/04\/Federico-Sciurano-1-300x160.jpg 300w, https:\/\/opinionpublica.com.ar\/index\/wp-content\/uploads\/2024\/04\/Federico-Sciurano-1-768x409.jpg 768w\" sizes=\"(max-width: 1024px) 100vw, 1024px\" \/><\/a><\/p>\n<p>\u201cTiene mucha m\u00e1s carga fiscal el sistema impositivo de C\u00f3rdoba para la industria automotriz que la producci\u00f3n industrial que se realiza en nuestra provincia\u201d.<\/p>\n<p>En este sentido Sciurano destac\u00f3 que \u201ces llamativo el an\u00e1lisis del Fondo Monetario Internacional, que toma como ejemplo la industria fueguina cuando tiene mucha m\u00e1s carga fiscal el sistema impositivo de C\u00f3rdoba para el sector automotriz, teniendo en cuenta que Tierra del Fuego sostiene el mismo r\u00e9gimen con el que se produce tecnolog\u00eda en el mundo y particularmente en nuestra regi\u00f3n, en pa\u00edses como Brasil y M\u00e9xico\u201d.<\/p>\n<p>\u201cEvidentemente Tierra del Fuego tiene una debilidad respecto de C\u00f3rdoba que es la cantidad de habitantes, por eso es fundamental que la provincia tenga un criterio y una estrategia \u00fanica, compartida por toda la sociedad -y por supuesto por las distintas fuerzas pol\u00edticas- para darle solidez y no mostrar grietas en uno de los grandes desaf\u00edos que tiene la provincia en tiempos de tensi\u00f3n social y econ\u00f3mica\u201d, afirm\u00f3.<\/p>\n<p>\u201cSe hace necesario que quienes nos representan en el Congreso pongan palabra en la referencia espec\u00edfica a nuestra provincia, sabiendo que esa redacci\u00f3n puede dar la interpretaci\u00f3n de que se est\u00e1 solicitando el levantamiento del sub-r\u00e9gimen\u201d, concluy\u00f3.<\/p>\n<p>&nbsp;<\/p>\n<\/div>\n<\/div>\n<\/div>\n<\/div>\n<\/div>\n","protected":false},"excerpt":{"rendered":"<p>Sciurano pidi\u00f3 \u201cun criterio y una estrategia \u00fanica\u201d para defender el subr\u00e9gimen de promoci\u00f3n industrial El legislador de<\/p>\n","protected":false},"author":8,"featured_media":1969,"comment_status":"open","ping_status":"open","sticky":false,"template":"","format":"standard","meta":{"footnotes":""},"categories":[2],"tags":[732,92,604],"class_list":["post-9390","post","type-post","status-publish","format-standard","has-post-thumbnail","hentry","category-tierra-del-fuego","tag-federico-sciurano","tag-fmi","tag-ley-19-640"],"featured_image_urls":{"full":["https:\/\/opinionpublica.com.ar\/index\/wp-content\/uploads\/2024\/04\/Federico-Sciurano-1.jpg",1024,545,false],"thumbnail":["https:\/\/opinionpublica.com.ar\/index\/wp-content\/uploads\/2024\/04\/Federico-Sciurano-1-150x150.jpg",150,150,true],"medium":["https:\/\/opinionpublica.com.ar\/index\/wp-content\/uploads\/2024\/04\/Federico-Sciurano-1-300x160.jpg",300,160,true],"medium_large":["https:\/\/opinionpublica.com.ar\/index\/wp-content\/uploads\/2024\/04\/Federico-Sciurano-1-768x409.jpg",640,341,true],"large":["https:\/\/opinionpublica.com.ar\/index\/wp-content\/uploads\/2024\/04\/Federico-Sciurano-1.jpg",640,341,false],"1536x1536":["https:\/\/opinionpublica.com.ar\/index\/wp-content\/uploads\/2024\/04\/Federico-Sciurano-1.jpg",1024,545,false],"2048x2048":["https:\/\/opinionpublica.com.ar\/index\/wp-content\/uploads\/2024\/04\/Federico-Sciurano-1.jpg",1024,545,false],"morenews-large":["https:\/\/opinionpublica.com.ar\/index\/wp-content\/uploads\/2024\/04\/Federico-Sciurano-1-825x545.jpg",825,545,true],"morenews-medium":["https:\/\/opinionpublica.com.ar\/index\/wp-content\/uploads\/2024\/04\/Federico-Sciurano-1-590x410.jpg",590,410,true]},"author_info":{"display_name":"RKing","author_link":"https:\/\/opinionpublica.com.ar\/index\/author\/rking\/"},"category_info":"<a href=\"https:\/\/opinionpublica.com.ar\/index\/category\/tierra-del-fuego\/\" rel=\"category tag\">Tierra del Fuego<\/a>","tag_info":"Tierra del Fuego","comment_count":"0","_links":{"self":[{"href":"https:\/\/opinionpublica.com.ar\/index\/wp-json\/wp\/v2\/posts\/9390","targetHints":{"allow":["GET"]}}],"collection":[{"href":"https:\/\/opinionpublica.com.ar\/index\/wp-json\/wp\/v2\/posts"}],"about":[{"href":"https:\/\/opinionpublica.com.ar\/index\/wp-json\/wp\/v2\/types\/post"}],"author":[{"embeddable":true,"href":"https:\/\/opinionpublica.com.ar\/index\/wp-json\/wp\/v2\/users\/8"}],"replies":[{"embeddable":true,"href":"https:\/\/opinionpublica.com.ar\/index\/wp-json\/wp\/v2\/comments?post=9390"}],"version-history":[{"count":1,"href":"https:\/\/opinionpublica.com.ar\/index\/wp-json\/wp\/v2\/posts\/9390\/revisions"}],"predecessor-version":[{"id":9391,"href":"https:\/\/opinionpublica.com.ar\/index\/wp-json\/wp\/v2\/posts\/9390\/revisions\/9391"}],"wp:featuredmedia":[{"embeddable":true,"href":"https:\/\/opinionpublica.com.ar\/index\/wp-json\/wp\/v2\/media\/1969"}],"wp:attachment":[{"href":"https:\/\/opinionpublica.com.ar\/index\/wp-json\/wp\/v2\/media?parent=9390"}],"wp:term":[{"taxonomy":"category","embeddable":true,"href":"https:\/\/opinionpublica.com.ar\/index\/wp-json\/wp\/v2\/categories?post=9390"},{"taxonomy":"post_tag","embeddable":true,"href":"https:\/\/opinionpublica.com.ar\/index\/wp-json\/wp\/v2\/tags?post=9390"}],"curies":[{"name":"wp","href":"https:\/\/api.w.org\/{rel}","templated":true}]}}