{"id":9392,"date":"2025-04-16T10:10:23","date_gmt":"2025-04-16T13:10:23","guid":{"rendered":"https:\/\/opinionpublica.com.ar\/index\/?p=9392"},"modified":"2025-04-16T10:10:23","modified_gmt":"2025-04-16T13:10:23","slug":"tierra-del-fuego-la-provincia-con-la-mayor-caida-economica-en-la-ultima-decada","status":"publish","type":"post","link":"https:\/\/opinionpublica.com.ar\/index\/tierra-del-fuego-la-provincia-con-la-mayor-caida-economica-en-la-ultima-decada\/","title":{"rendered":"Tierra del Fuego, la provincia con la mayor ca\u00edda econ\u00f3mica en la \u00faltima d\u00e9cada"},"content":{"rendered":"<header><strong>Tierra del Fuego, la provincia con la mayor ca\u00edda econ\u00f3mica en la \u00faltima d\u00e9cada<\/strong><\/p>\n<\/header>\n<p class=\"lead\"><span class=\"fecha\">15\/04\/2025.<\/span>\u00a0Un reciente informe elaborado por la Comisi\u00f3n Econ\u00f3mica para Am\u00e9rica Latina y el Caribe (CEPAL) expone la preocupante realidad econ\u00f3mica de Tierra del Fuego, que se posiciona como la provincia argentina con la mayor contracci\u00f3n durante la \u00faltima d\u00e9cada.<\/p>\n<figure><a href=\"https:\/\/opinionpublica.com.ar\/index\/wp-content\/uploads\/2025\/04\/xdatosP20economia.jpg.pagespeed.ic_.GtcSQIvYd0.webp\"><img fetchpriority=\"high\" decoding=\"async\" class=\"alignnone size-full wp-image-9393\" src=\"https:\/\/opinionpublica.com.ar\/index\/wp-content\/uploads\/2025\/04\/xdatosP20economia.jpg.pagespeed.ic_.GtcSQIvYd0.webp\" alt=\"\" width=\"1422\" height=\"1031\" srcset=\"https:\/\/opinionpublica.com.ar\/index\/wp-content\/uploads\/2025\/04\/xdatosP20economia.jpg.pagespeed.ic_.GtcSQIvYd0.webp 1422w, https:\/\/opinionpublica.com.ar\/index\/wp-content\/uploads\/2025\/04\/xdatosP20economia.jpg.pagespeed.ic_.GtcSQIvYd0-300x218.webp 300w, https:\/\/opinionpublica.com.ar\/index\/wp-content\/uploads\/2025\/04\/xdatosP20economia.jpg.pagespeed.ic_.GtcSQIvYd0-1024x742.webp 1024w, https:\/\/opinionpublica.com.ar\/index\/wp-content\/uploads\/2025\/04\/xdatosP20economia.jpg.pagespeed.ic_.GtcSQIvYd0-768x557.webp 768w\" sizes=\"(max-width: 1422px) 100vw, 1422px\" \/><\/a><\/figure>\n<div class=\"cda\">\n<p>El reciente informe de la Comisi\u00f3n Econ\u00f3mica para Am\u00e9rica Latina y el Caribe (CEPAL) pinta un cuadro preocupante de la econom\u00eda argentina durante la \u00faltima d\u00e9cada y revela significativas disparidades a nivel provincial.<\/p>\n<p>Mientras algunas regiones del pa\u00eds lograron un crecimiento notable, impulsadas por sectores espec\u00edficos, Tierra del Fuego se destaca negativamente como la provincia con la mayor ca\u00edda en su actividad econ\u00f3mica, con una contracci\u00f3n del 11% en su valor agregado bruto entre 2013 y 2023.<\/p>\n<p>Seg\u00fan el estudio de la CEPAL, titulado \u00abDesagregaci\u00f3n provincial del valor agregado bruto de la Argentina, base 2004\u00bb, actualizado recientemente a 2023, el estancamiento general de la econom\u00eda argentina a nivel nacional contrast\u00f3 fuertemente con el dinamismo de provincias como Neuqu\u00e9n, cuyo crecimiento del 70% se explica por el auge de la explotaci\u00f3n de hidrocarburos no convencionales en Vaca Muerta. Jujuy tambi\u00e9n experiment\u00f3 un crecimiento significativo del 23%, impulsado principalmente por la creciente actividad en la extracci\u00f3n de litio.<\/p>\n<p>En el extremo opuesto, Tierra del Fuego y Santa Cruz se presentan como las provincias con el peor desempe\u00f1o econ\u00f3mico. La ca\u00edda del 11% en Tierra del Fuego, la m\u00e1s pronunciada a nivel nacional, se atribuye principalmente al declive de su industria electr\u00f3nica. Tras un per\u00edodo de crecimiento impulsado por el r\u00e9gimen de promoci\u00f3n industrial entre 2009 y 2013, el sector de ensamble de productos electr\u00f3nicos se vio fuertemente afectado por el escaso dinamismo del mercado interno argentino, al cual destina la casi totalidad de su producci\u00f3n. Esta situaci\u00f3n, analizada en detalle por la CEPAL, expone la alta dependencia de la econom\u00eda fueguina de un mercado interno vol\u00e1til y la falta de diversificaci\u00f3n productiva.<\/p>\n<p>En el caso de Santa Cruz, la contracci\u00f3n econ\u00f3mica del 9% se explica por el declive en la producci\u00f3n de hidrocarburos convencionales, otro sector clave en la econom\u00eda de la Patagonia.<\/p>\n<p><strong>El cielo y el infierno<\/strong><\/p>\n<p>El informe de la CEPAL, una entidad de reconocido prestigio en el an\u00e1lisis econ\u00f3mico regional, pone de manifiesto la cr\u00edtica situaci\u00f3n econ\u00f3mica por la que atraviesa Tierra del Fuego. La fuerte dependencia de la industria electr\u00f3nica, un sector vulnerable a las fluctuaciones del mercado interno y a las pol\u00edticas nacionales, ha dejado a la provincia en una posici\u00f3n de fragilidad econ\u00f3mica.<\/p>\n<p>La falta de diversificaci\u00f3n hacia otros sectores productivos y la contracci\u00f3n del mercado interno han exacerbado esta situaci\u00f3n, llevando a Tierra del Fuego a liderar la ca\u00edda econ\u00f3mica a nivel provincial durante la \u00faltima d\u00e9cada.<\/p>\n<\/div>\n","protected":false},"excerpt":{"rendered":"<p>Tierra del Fuego, la provincia con la mayor ca\u00edda econ\u00f3mica en la \u00faltima d\u00e9cada 15\/04\/2025.\u00a0Un reciente informe elaborado<\/p>\n","protected":false},"author":8,"featured_media":5900,"comment_status":"open","ping_status":"open","sticky":false,"template":"","format":"standard","meta":{"footnotes":""},"categories":[2],"tags":[],"class_list":["post-9392","post","type-post","status-publish","format-standard","has-post-thumbnail","hentry","category-tierra-del-fuego"],"featured_image_urls":{"full":["https:\/\/opinionpublica.com.ar\/index\/wp-content\/uploads\/2024\/09\/industria-hecho-tdf.jpg",1024,682,false],"thumbnail":["https:\/\/opinionpublica.com.ar\/index\/wp-content\/uploads\/2024\/09\/industria-hecho-tdf-150x150.jpg",150,150,true],"medium":["https:\/\/opinionpublica.com.ar\/index\/wp-content\/uploads\/2024\/09\/industria-hecho-tdf-300x200.jpg",300,200,true],"medium_large":["https:\/\/opinionpublica.com.ar\/index\/wp-content\/uploads\/2024\/09\/industria-hecho-tdf-768x512.jpg",640,427,true],"large":["https:\/\/opinionpublica.com.ar\/index\/wp-content\/uploads\/2024\/09\/industria-hecho-tdf.jpg",640,426,false],"1536x1536":["https:\/\/opinionpublica.com.ar\/index\/wp-content\/uploads\/2024\/09\/industria-hecho-tdf.jpg",1024,682,false],"2048x2048":["https:\/\/opinionpublica.com.ar\/index\/wp-content\/uploads\/2024\/09\/industria-hecho-tdf.jpg",1024,682,false],"morenews-large":["https:\/\/opinionpublica.com.ar\/index\/wp-content\/uploads\/2024\/09\/industria-hecho-tdf-825x575.jpg",825,575,true],"morenews-medium":["https:\/\/opinionpublica.com.ar\/index\/wp-content\/uploads\/2024\/09\/industria-hecho-tdf-590x410.jpg",590,410,true]},"author_info":{"display_name":"RKing","author_link":"https:\/\/opinionpublica.com.ar\/index\/author\/rking\/"},"category_info":"<a href=\"https:\/\/opinionpublica.com.ar\/index\/category\/tierra-del-fuego\/\" rel=\"category tag\">Tierra del Fuego<\/a>","tag_info":"Tierra del Fuego","comment_count":"0","_links":{"self":[{"href":"https:\/\/opinionpublica.com.ar\/index\/wp-json\/wp\/v2\/posts\/9392","targetHints":{"allow":["GET"]}}],"collection":[{"href":"https:\/\/opinionpublica.com.ar\/index\/wp-json\/wp\/v2\/posts"}],"about":[{"href":"https:\/\/opinionpublica.com.ar\/index\/wp-json\/wp\/v2\/types\/post"}],"author":[{"embeddable":true,"href":"https:\/\/opinionpublica.com.ar\/index\/wp-json\/wp\/v2\/users\/8"}],"replies":[{"embeddable":true,"href":"https:\/\/opinionpublica.com.ar\/index\/wp-json\/wp\/v2\/comments?post=9392"}],"version-history":[{"count":1,"href":"https:\/\/opinionpublica.com.ar\/index\/wp-json\/wp\/v2\/posts\/9392\/revisions"}],"predecessor-version":[{"id":9394,"href":"https:\/\/opinionpublica.com.ar\/index\/wp-json\/wp\/v2\/posts\/9392\/revisions\/9394"}],"wp:featuredmedia":[{"embeddable":true,"href":"https:\/\/opinionpublica.com.ar\/index\/wp-json\/wp\/v2\/media\/5900"}],"wp:attachment":[{"href":"https:\/\/opinionpublica.com.ar\/index\/wp-json\/wp\/v2\/media?parent=9392"}],"wp:term":[{"taxonomy":"category","embeddable":true,"href":"https:\/\/opinionpublica.com.ar\/index\/wp-json\/wp\/v2\/categories?post=9392"},{"taxonomy":"post_tag","embeddable":true,"href":"https:\/\/opinionpublica.com.ar\/index\/wp-json\/wp\/v2\/tags?post=9392"}],"curies":[{"name":"wp","href":"https:\/\/api.w.org\/{rel}","templated":true}]}}