{"id":9395,"date":"2025-04-16T10:17:51","date_gmt":"2025-04-16T13:17:51","guid":{"rendered":"https:\/\/opinionpublica.com.ar\/index\/?p=9395"},"modified":"2025-04-16T10:17:51","modified_gmt":"2025-04-16T13:17:51","slug":"ushuaia-entre-chozas-y-turismo-de-lujo","status":"publish","type":"post","link":"https:\/\/opinionpublica.com.ar\/index\/ushuaia-entre-chozas-y-turismo-de-lujo\/","title":{"rendered":"Ushuaia: entre \u201cchozas\u201d y turismo de lujo"},"content":{"rendered":"<section class=\"elementor-section elementor-top-section elementor-element elementor-element-0861e4f elementor-section-boxed elementor-section-height-default elementor-section-height-default\" data-id=\"0861e4f\" data-element_type=\"section\">\n<div class=\"elementor-container elementor-column-gap-default\">\n<div class=\"elementor-row\">\n<div class=\"elementor-column elementor-col-100 elementor-top-column elementor-element elementor-element-43b1334\" data-id=\"43b1334\" data-element_type=\"column\">\n<div class=\"elementor-column-wrap elementor-element-populated\">\n<div class=\"elementor-widget-wrap\">\n<div class=\"elementor-element elementor-element-4e7a5ac elementor-widget elementor-widget-theme-post-title elementor-page-title elementor-widget-heading\" data-id=\"4e7a5ac\" data-element_type=\"widget\" data-widget_type=\"theme-post-title.default\">\n<div class=\"elementor-widget-container\">\n<p class=\"elementor-heading-title elementor-size-default\"><strong>Ushuaia: entre \u201cchozas\u201d y turismo de lujo<\/strong><\/p>\n<\/div>\n<\/div>\n<\/div>\n<\/div>\n<\/div>\n<\/div>\n<\/div>\n<\/section>\n<section class=\"elementor-section elementor-top-section elementor-element elementor-element-640466e elementor-section-boxed elementor-section-height-default elementor-section-height-default\" data-id=\"640466e\" data-element_type=\"section\">\n<div class=\"elementor-container elementor-column-gap-default\">\n<div class=\"elementor-row\">\n<div class=\"elementor-column elementor-col-100 elementor-top-column elementor-element elementor-element-2d4a842\" data-id=\"2d4a842\" data-element_type=\"column\">\n<div class=\"elementor-column-wrap elementor-element-populated\">\n<div class=\"elementor-widget-wrap\">\n<div class=\"elementor-element elementor-element-ff1c4ba elementor-widget elementor-widget-theme-post-content\" data-id=\"ff1c4ba\" data-element_type=\"widget\" data-widget_type=\"theme-post-content.default\">\n<div class=\"elementor-widget-container\">\n<p>La prensa internacional se ocup\u00f3 de la capital fueguina.<\/p>\n<p><em>El diario digital New York Times public\u00f3 en su edici\u00f3n del martes \u00faltimo, una inquietante nota sobre la preservaci\u00f3n de la Ant\u00e1rtida ante el embate tur\u00edstico y el contraste entre las carencias habitacionales de los residentes y el impacto de los visitantes que bajan de los cruceros de lujo.<\/em><span id=\"more-110520\"><\/span><\/p>\n<p><a href=\"https:\/\/opinionpublica.com.ar\/index\/wp-content\/uploads\/2025\/04\/PHOTO-2025-04-15-21-55-47.jpg\"><img fetchpriority=\"high\" decoding=\"async\" class=\"alignnone size-full wp-image-9396\" src=\"https:\/\/opinionpublica.com.ar\/index\/wp-content\/uploads\/2025\/04\/PHOTO-2025-04-15-21-55-47.jpg\" alt=\"\" width=\"1250\" height=\"826\" srcset=\"https:\/\/opinionpublica.com.ar\/index\/wp-content\/uploads\/2025\/04\/PHOTO-2025-04-15-21-55-47.jpg 1250w, https:\/\/opinionpublica.com.ar\/index\/wp-content\/uploads\/2025\/04\/PHOTO-2025-04-15-21-55-47-300x198.jpg 300w, https:\/\/opinionpublica.com.ar\/index\/wp-content\/uploads\/2025\/04\/PHOTO-2025-04-15-21-55-47-1024x677.jpg 1024w, https:\/\/opinionpublica.com.ar\/index\/wp-content\/uploads\/2025\/04\/PHOTO-2025-04-15-21-55-47-768x507.jpg 768w\" sizes=\"(max-width: 1250px) 100vw, 1250px\" \/><\/a><\/p>\n<p>El prestigioso diario internacional The New York Times public\u00f3 el martes \u00faltimo, un extenso e inquietante art\u00edculo titulado \u201c\u00bfCu\u00e1nto durar\u00e1 intacto el \u2018fin del mundo\u2019?\u201d, firmado por el periodista Lautaro Grinspan y acompa\u00f1ado por fotograf\u00edas de Victor Moriyama. La nota aborda, entre muchos aspectos, la creciente tensi\u00f3n social existente en Ushuaia, donde el auge del turismo ant\u00e1rtico de lujo contrasta con las dificultades habitacionales que enfrentan la mayor\u00eda de sus residentes.<\/p>\n<p><strong>Turismo de lujo y precariedad habitacional<\/strong><\/p>\n<p>El medio comienza describiendo: \u201cUshuaia, conocida como la ciudad m\u00e1s austral del mundo, se ha consolidado como el principal punto de partida hacia la Ant\u00e1rtida, con gran cantidad de cruceros zarpando desde su puerto. Y aunque tambi\u00e9n est\u00e1n los que parten de Chile, Australia y Nueva Zelanda, la ubicaci\u00f3n de Ushuaia, a unos mil kil\u00f3metros de la punta de la pen\u00ednsula ant\u00e1rtica, explica por qu\u00e9 acapara el 90 por ciento de las salidas. Este fen\u00f3meno ha generado una bonanza econ\u00f3mica, pero tambi\u00e9n ha exacerbado problemas estructurales. Mientras miles de adinerados turistas pagan entre 15.000 y 18.000 d\u00f3lares por un viaje de lujo a la Ant\u00e1rtida, muchos trabajadores locales, como Nelly Ramos Le\u00f3n, madre soltera de cuatro hijos, viven en asentamientos informales en las laderas monta\u00f1osas, en chozas sin acceso a servicios b\u00e1sicos\u201d.<\/p>\n<p><a href=\"https:\/\/opinionpublica.com.ar\/index\/wp-content\/uploads\/2025\/04\/b9abae1f-bdbd-48d7-9710-74dc3e44df35-crucero-ushuaia.jpg\"><img decoding=\"async\" class=\"alignnone size-full wp-image-9397\" src=\"https:\/\/opinionpublica.com.ar\/index\/wp-content\/uploads\/2025\/04\/b9abae1f-bdbd-48d7-9710-74dc3e44df35-crucero-ushuaia.jpg\" alt=\"\" width=\"1280\" height=\"851\" srcset=\"https:\/\/opinionpublica.com.ar\/index\/wp-content\/uploads\/2025\/04\/b9abae1f-bdbd-48d7-9710-74dc3e44df35-crucero-ushuaia.jpg 1280w, https:\/\/opinionpublica.com.ar\/index\/wp-content\/uploads\/2025\/04\/b9abae1f-bdbd-48d7-9710-74dc3e44df35-crucero-ushuaia-300x199.jpg 300w, https:\/\/opinionpublica.com.ar\/index\/wp-content\/uploads\/2025\/04\/b9abae1f-bdbd-48d7-9710-74dc3e44df35-crucero-ushuaia-1024x681.jpg 1024w, https:\/\/opinionpublica.com.ar\/index\/wp-content\/uploads\/2025\/04\/b9abae1f-bdbd-48d7-9710-74dc3e44df35-crucero-ushuaia-768x511.jpg 768w\" sizes=\"(max-width: 1280px) 100vw, 1280px\" \/><\/a><\/p>\n<p>Y aunque suene fuerte el t\u00e9rmino \u201cchozas\u201d, utilizado por el periodista, las caracter\u00edsticas de las mismas no difieren mucho de la palabra com\u00fanmente utilizada a nivel local \u201ccasillas\u201d. Son de cart\u00f3n, chapa y nylon, en muchos casos carecen de electricidad, agua potable y conexi\u00f3n a las redes cloacales, y sus moradores deben enfrentar condiciones clim\u00e1ticas muy adversas. Ese tipo de construcci\u00f3n predomina en las zonas altas de la ciudad, en El Escondido, el Dos Banderas, Las Ra\u00edces, Andorra y tantos otros, donde se pierde la vista en la monta\u00f1a.<\/p>\n<p><a href=\"https:\/\/opinionpublica.com.ar\/index\/wp-content\/uploads\/2025\/04\/unnamed1559-1-villa-ushuaia.jpg\"><img decoding=\"async\" class=\"alignnone size-full wp-image-9398\" src=\"https:\/\/opinionpublica.com.ar\/index\/wp-content\/uploads\/2025\/04\/unnamed1559-1-villa-ushuaia.jpg\" alt=\"\" width=\"1280\" height=\"853\" srcset=\"https:\/\/opinionpublica.com.ar\/index\/wp-content\/uploads\/2025\/04\/unnamed1559-1-villa-ushuaia.jpg 1280w, https:\/\/opinionpublica.com.ar\/index\/wp-content\/uploads\/2025\/04\/unnamed1559-1-villa-ushuaia-300x200.jpg 300w, https:\/\/opinionpublica.com.ar\/index\/wp-content\/uploads\/2025\/04\/unnamed1559-1-villa-ushuaia-1024x682.jpg 1024w, https:\/\/opinionpublica.com.ar\/index\/wp-content\/uploads\/2025\/04\/unnamed1559-1-villa-ushuaia-768x512.jpg 768w\" sizes=\"(max-width: 1280px) 100vw, 1280px\" \/><\/a><\/p>\n<p>\u201cRodeada de monta\u00f1as, un parque nacional y el agua, Ushuaia ha tenido poco espacio para desarrollar viviendas e infraestructura, y construir cualquier cosa en un terreno tan remoto tiene un alto costo.<\/p>\n<p>La mayor\u00eda de las personas que rentan en Ushuaia gastan aproximadamente el 80 por ciento de sus ingresos en vivienda. Un departamento de dos habitaciones cuesta en promedio 900.000 pesos al mes; alrededor de 1.000 d\u00f3lares seg\u00fan el tipo de cambio oficial, de acuerdo con el grupo local de defensa de la vivienda Que Nos Escuchen. En 2023, los alquileres en Ushuaia superaban incluso a los de Palermo, uno de los barrios m\u00e1s de moda en Buenos Aires\u201d \u2013 a\u00f1ade la publicaci\u00f3n.<\/p>\n<p>Sobre el impacto ambiental que significa el auge del turismo ant\u00e1rtico, la nota pone al desnudo una verdad obvia: existe. \u201cEl crecimiento del turismo tambi\u00e9n ha tenido consecuencias ambientales. Cada viajero a la Ant\u00e1rtida genera aproximadamente cinco toneladas de di\u00f3xido de carbono, contribuyendo al cambio clim\u00e1tico en una regi\u00f3n ya vulnerable. Adem\u00e1s, la expansi\u00f3n urbana para satisfacer la demanda tur\u00edstica ha llevado a la tala de bosques y a la presi\u00f3n sobre los recursos naturales. El auge del turismo trae prosperidad a los 83.000 habitantes de Ushuaia, encajonada entre los Andes y el canal de Beagle. Sin embargo, tambi\u00e9n representa una carga para los recursos, aumenta el costo de la vida y contribuye a la escasez de viviendas para los trabajadores\u201d \u2013 insiste el art\u00edculo.<\/p>\n<p>El tema y el experto consultado ya fueron expuestos en m\u00faltiples ocasiones en las p\u00e1ginas del medio local Diario Prensa Libre. Esta vez. el conservacionista fueguino, Julio Lovece, dijo al New York Times: \u201cA diferencia de otros destinos que quiz\u00e1s venden cataratas, ballenas, o glaciares, nosotros vendemos el fin del mundo\u201d. Su preocupaci\u00f3n radica en que el crecimiento tur\u00edstico no ha sido acompa\u00f1ado por pol\u00edticas que garanticen el bienestar de la comunidad local y la conservaci\u00f3n del entorno natural. \u201cCreemos que podemos recibir mucho m\u00e1s turismo, pero creemos tambi\u00e9n que este es el momento adecuado para comenzar a dise\u00f1ar algunas directrices que nos permitan no perder el control de este crecimiento\u201d, afirm\u00f3 Lovece, presidente tambi\u00e9n de la Fundaci\u00f3n Ushuaia XXI.<\/p>\n<p>En definitiva, para el medio internacional \u201cla situaci\u00f3n en Ushuaia plantea una dicotom\u00eda entre el desarrollo econ\u00f3mico impulsado por el turismo de lujo y la necesidad de garantizar condiciones de vida dignas para sus habitantes, as\u00ed como la preservaci\u00f3n de su entorno natural. El desaf\u00edo es encontrar un equilibrio que permita a la ciudad seguir siendo un destino atractivo sin sacrificar su identidad y sostenibilidad\u201d.<\/p>\n<\/div>\n<\/div>\n<\/div>\n<\/div>\n<\/div>\n<\/div>\n<\/div>\n<\/section>\n","protected":false},"excerpt":{"rendered":"<p>Ushuaia: entre \u201cchozas\u201d y turismo de lujo La prensa internacional se ocup\u00f3 de la capital fueguina. El diario<\/p>\n","protected":false},"author":8,"featured_media":9396,"comment_status":"open","ping_status":"open","sticky":false,"template":"","format":"standard","meta":{"footnotes":""},"categories":[2,23],"tags":[19,6],"class_list":["post-9395","post","type-post","status-publish","format-standard","has-post-thumbnail","hentry","category-tierra-del-fuego","category-turismo","tag-turismo","tag-ushuaia"],"featured_image_urls":{"full":["https:\/\/opinionpublica.com.ar\/index\/wp-content\/uploads\/2025\/04\/PHOTO-2025-04-15-21-55-47.jpg",1250,826,false],"thumbnail":["https:\/\/opinionpublica.com.ar\/index\/wp-content\/uploads\/2025\/04\/PHOTO-2025-04-15-21-55-47-150x150.jpg",150,150,true],"medium":["https:\/\/opinionpublica.com.ar\/index\/wp-content\/uploads\/2025\/04\/PHOTO-2025-04-15-21-55-47-300x198.jpg",300,198,true],"medium_large":["https:\/\/opinionpublica.com.ar\/index\/wp-content\/uploads\/2025\/04\/PHOTO-2025-04-15-21-55-47-768x507.jpg",640,423,true],"large":["https:\/\/opinionpublica.com.ar\/index\/wp-content\/uploads\/2025\/04\/PHOTO-2025-04-15-21-55-47-1024x677.jpg",640,423,true],"1536x1536":["https:\/\/opinionpublica.com.ar\/index\/wp-content\/uploads\/2025\/04\/PHOTO-2025-04-15-21-55-47.jpg",1250,826,false],"2048x2048":["https:\/\/opinionpublica.com.ar\/index\/wp-content\/uploads\/2025\/04\/PHOTO-2025-04-15-21-55-47.jpg",1250,826,false],"morenews-large":["https:\/\/opinionpublica.com.ar\/index\/wp-content\/uploads\/2025\/04\/PHOTO-2025-04-15-21-55-47-825x575.jpg",825,575,true],"morenews-medium":["https:\/\/opinionpublica.com.ar\/index\/wp-content\/uploads\/2025\/04\/PHOTO-2025-04-15-21-55-47-590x410.jpg",590,410,true]},"author_info":{"display_name":"RKing","author_link":"https:\/\/opinionpublica.com.ar\/index\/author\/rking\/"},"category_info":"<a href=\"https:\/\/opinionpublica.com.ar\/index\/category\/tierra-del-fuego\/\" rel=\"category tag\">Tierra del Fuego<\/a> <a href=\"https:\/\/opinionpublica.com.ar\/index\/category\/turismo\/\" rel=\"category tag\">Turismo<\/a>","tag_info":"Turismo","comment_count":"0","_links":{"self":[{"href":"https:\/\/opinionpublica.com.ar\/index\/wp-json\/wp\/v2\/posts\/9395","targetHints":{"allow":["GET"]}}],"collection":[{"href":"https:\/\/opinionpublica.com.ar\/index\/wp-json\/wp\/v2\/posts"}],"about":[{"href":"https:\/\/opinionpublica.com.ar\/index\/wp-json\/wp\/v2\/types\/post"}],"author":[{"embeddable":true,"href":"https:\/\/opinionpublica.com.ar\/index\/wp-json\/wp\/v2\/users\/8"}],"replies":[{"embeddable":true,"href":"https:\/\/opinionpublica.com.ar\/index\/wp-json\/wp\/v2\/comments?post=9395"}],"version-history":[{"count":1,"href":"https:\/\/opinionpublica.com.ar\/index\/wp-json\/wp\/v2\/posts\/9395\/revisions"}],"predecessor-version":[{"id":9399,"href":"https:\/\/opinionpublica.com.ar\/index\/wp-json\/wp\/v2\/posts\/9395\/revisions\/9399"}],"wp:featuredmedia":[{"embeddable":true,"href":"https:\/\/opinionpublica.com.ar\/index\/wp-json\/wp\/v2\/media\/9396"}],"wp:attachment":[{"href":"https:\/\/opinionpublica.com.ar\/index\/wp-json\/wp\/v2\/media?parent=9395"}],"wp:term":[{"taxonomy":"category","embeddable":true,"href":"https:\/\/opinionpublica.com.ar\/index\/wp-json\/wp\/v2\/categories?post=9395"},{"taxonomy":"post_tag","embeddable":true,"href":"https:\/\/opinionpublica.com.ar\/index\/wp-json\/wp\/v2\/tags?post=9395"}],"curies":[{"name":"wp","href":"https:\/\/api.w.org\/{rel}","templated":true}]}}