{"id":9443,"date":"2025-04-22T15:18:20","date_gmt":"2025-04-22T18:18:20","guid":{"rendered":"https:\/\/opinionpublica.com.ar\/index\/?p=9443"},"modified":"2025-04-22T15:18:20","modified_gmt":"2025-04-22T18:18:20","slug":"pablo-castro-funcionario-de-vuoto-chapeo-para-evitar-incautamiento-por-alcoholemia-positivo","status":"publish","type":"post","link":"https:\/\/opinionpublica.com.ar\/index\/pablo-castro-funcionario-de-vuoto-chapeo-para-evitar-incautamiento-por-alcoholemia-positivo\/","title":{"rendered":"Pablo Castro funcionario de Vuoto chapeo para evitar incautamiento por alcoholemia positivo"},"content":{"rendered":"<p><strong>Pablo Castro funcionario de Vuoto chapeo para evitar incautamiento por alcoholemia positivo<\/strong><\/p>\n<p>En uno de los operativos de tr\u00e1nsito de la Municipalidad de Ushuaia le incautaron el veh\u00edculo por alcoholemia positiva a Pablo Castro actual Secretario de la presidente del Concejo Deliberante de Ushuaia y ex Subsecretario de Obras P\u00fablicas durante la gesti\u00f3n de Gabriela Mu\u00f1iz Siccardi.<\/p>\n<p><a href=\"https:\/\/opinionpublica.com.ar\/index\/wp-content\/uploads\/2025\/04\/df8addd2-0910-4982-928c-3f6c3b96c923-vuoto-pablo-castro.jpg\"><img fetchpriority=\"high\" decoding=\"async\" class=\"alignnone size-full wp-image-9444\" src=\"https:\/\/opinionpublica.com.ar\/index\/wp-content\/uploads\/2025\/04\/df8addd2-0910-4982-928c-3f6c3b96c923-vuoto-pablo-castro.jpg\" alt=\"\" width=\"1125\" height=\"727\" srcset=\"https:\/\/opinionpublica.com.ar\/index\/wp-content\/uploads\/2025\/04\/df8addd2-0910-4982-928c-3f6c3b96c923-vuoto-pablo-castro.jpg 1125w, https:\/\/opinionpublica.com.ar\/index\/wp-content\/uploads\/2025\/04\/df8addd2-0910-4982-928c-3f6c3b96c923-vuoto-pablo-castro-300x194.jpg 300w, https:\/\/opinionpublica.com.ar\/index\/wp-content\/uploads\/2025\/04\/df8addd2-0910-4982-928c-3f6c3b96c923-vuoto-pablo-castro-1024x662.jpg 1024w, https:\/\/opinionpublica.com.ar\/index\/wp-content\/uploads\/2025\/04\/df8addd2-0910-4982-928c-3f6c3b96c923-vuoto-pablo-castro-768x496.jpg 768w\" sizes=\"(max-width: 1125px) 100vw, 1125px\" \/><\/a><br \/>\nCabe recordar que Pablo Castro es el presidente del club Magallanes al cual el actual intendente Walter Vuoto le hizo entrega de tierras municipales.<\/p>\n<p>El funcionario durante el control de tr\u00e1nsito intento chapear con su cargo para evitar no solo el control, sino incluso el control de alcoholemia.<\/p>\n<p>Seg\u00fan indicaron fuentes municipales Castro incluso se puso violento y amenaz\u00f3 a los inspectores indicando su puesto de poder y que los conoc\u00eda a todos.<\/p>\n<p>Este accionar del funcionario gener\u00f3 malestar entre los inspectores pero que fueron avalado por los superiores que no se dejaron amedrentar y procedieron al incautamiento del rodado.<\/p>\n<p>Este funcionario mano derecha de la presidente del Concejo Deliberante sera el encargado de manejar los fondos para la terminaci\u00f3n del edifico del Concejo Deliberante que gener\u00f3 tantas pol\u00e9micas en las \u00faltimas semana entre los ediles.<\/p>\n<p>&nbsp;<\/p>\n","protected":false},"excerpt":{"rendered":"<p>Pablo Castro funcionario de Vuoto chapeo para evitar incautamiento por alcoholemia positivo En uno de los operativos de<\/p>\n","protected":false},"author":8,"featured_media":9444,"comment_status":"open","ping_status":"open","sticky":false,"template":"","format":"standard","meta":{"footnotes":""},"categories":[21],"tags":[256,3414,3412,3413,6],"class_list":["post-9443","post","type-post","status-publish","format-standard","has-post-thumbnail","hentry","category-ushuaia","tag-concejo-deliberante","tag-municipalidadushuaia","tag-tierradelfuego","tag-transitoushuaia","tag-ushuaia"],"featured_image_urls":{"full":["https:\/\/opinionpublica.com.ar\/index\/wp-content\/uploads\/2025\/04\/df8addd2-0910-4982-928c-3f6c3b96c923-vuoto-pablo-castro.jpg",1125,727,false],"thumbnail":["https:\/\/opinionpublica.com.ar\/index\/wp-content\/uploads\/2025\/04\/df8addd2-0910-4982-928c-3f6c3b96c923-vuoto-pablo-castro-150x150.jpg",150,150,true],"medium":["https:\/\/opinionpublica.com.ar\/index\/wp-content\/uploads\/2025\/04\/df8addd2-0910-4982-928c-3f6c3b96c923-vuoto-pablo-castro-300x194.jpg",300,194,true],"medium_large":["https:\/\/opinionpublica.com.ar\/index\/wp-content\/uploads\/2025\/04\/df8addd2-0910-4982-928c-3f6c3b96c923-vuoto-pablo-castro-768x496.jpg",640,413,true],"large":["https:\/\/opinionpublica.com.ar\/index\/wp-content\/uploads\/2025\/04\/df8addd2-0910-4982-928c-3f6c3b96c923-vuoto-pablo-castro-1024x662.jpg",640,414,true],"1536x1536":["https:\/\/opinionpublica.com.ar\/index\/wp-content\/uploads\/2025\/04\/df8addd2-0910-4982-928c-3f6c3b96c923-vuoto-pablo-castro.jpg",1125,727,false],"2048x2048":["https:\/\/opinionpublica.com.ar\/index\/wp-content\/uploads\/2025\/04\/df8addd2-0910-4982-928c-3f6c3b96c923-vuoto-pablo-castro.jpg",1125,727,false],"morenews-large":["https:\/\/opinionpublica.com.ar\/index\/wp-content\/uploads\/2025\/04\/df8addd2-0910-4982-928c-3f6c3b96c923-vuoto-pablo-castro-825x575.jpg",825,575,true],"morenews-medium":["https:\/\/opinionpublica.com.ar\/index\/wp-content\/uploads\/2025\/04\/df8addd2-0910-4982-928c-3f6c3b96c923-vuoto-pablo-castro-590x410.jpg",590,410,true]},"author_info":{"display_name":"RKing","author_link":"https:\/\/opinionpublica.com.ar\/index\/author\/rking\/"},"category_info":"<a href=\"https:\/\/opinionpublica.com.ar\/index\/category\/ushuaia\/\" rel=\"category tag\">Ushuaia<\/a>","tag_info":"Ushuaia","comment_count":"1","_links":{"self":[{"href":"https:\/\/opinionpublica.com.ar\/index\/wp-json\/wp\/v2\/posts\/9443","targetHints":{"allow":["GET"]}}],"collection":[{"href":"https:\/\/opinionpublica.com.ar\/index\/wp-json\/wp\/v2\/posts"}],"about":[{"href":"https:\/\/opinionpublica.com.ar\/index\/wp-json\/wp\/v2\/types\/post"}],"author":[{"embeddable":true,"href":"https:\/\/opinionpublica.com.ar\/index\/wp-json\/wp\/v2\/users\/8"}],"replies":[{"embeddable":true,"href":"https:\/\/opinionpublica.com.ar\/index\/wp-json\/wp\/v2\/comments?post=9443"}],"version-history":[{"count":1,"href":"https:\/\/opinionpublica.com.ar\/index\/wp-json\/wp\/v2\/posts\/9443\/revisions"}],"predecessor-version":[{"id":9445,"href":"https:\/\/opinionpublica.com.ar\/index\/wp-json\/wp\/v2\/posts\/9443\/revisions\/9445"}],"wp:featuredmedia":[{"embeddable":true,"href":"https:\/\/opinionpublica.com.ar\/index\/wp-json\/wp\/v2\/media\/9444"}],"wp:attachment":[{"href":"https:\/\/opinionpublica.com.ar\/index\/wp-json\/wp\/v2\/media?parent=9443"}],"wp:term":[{"taxonomy":"category","embeddable":true,"href":"https:\/\/opinionpublica.com.ar\/index\/wp-json\/wp\/v2\/categories?post=9443"},{"taxonomy":"post_tag","embeddable":true,"href":"https:\/\/opinionpublica.com.ar\/index\/wp-json\/wp\/v2\/tags?post=9443"}],"curies":[{"name":"wp","href":"https:\/\/api.w.org\/{rel}","templated":true}]}}