{"id":9446,"date":"2025-04-23T14:49:25","date_gmt":"2025-04-23T17:49:25","guid":{"rendered":"https:\/\/opinionpublica.com.ar\/index\/?p=9446"},"modified":"2025-04-23T14:49:25","modified_gmt":"2025-04-23T17:49:25","slug":"vuoto-con-un-huevo-en-cada-canasta-con-cristina-pero-tambien-con-axel","status":"publish","type":"post","link":"https:\/\/opinionpublica.com.ar\/index\/vuoto-con-un-huevo-en-cada-canasta-con-cristina-pero-tambien-con-axel\/","title":{"rendered":"Vuoto con un huevo en cada canasta: con Cristina pero tambi\u00e9n con Axel"},"content":{"rendered":"<div class=\"bs-header\">\n<p class=\"title\" title=\"Vuoto con un huevo en cada canasta: con Cristina pero tambi\u00e9n con Axel\"><strong>Vuoto con un huevo en cada canasta: con Cristina pero tambi\u00e9n con Axel<\/strong><\/p>\n<\/div>\n<article class=\"small single\">Un funcionario del intendente Walter Vuoto, Rogelio Bar\u00f3n se autoproclam\u00f3 como referente en Tierra del Fuego del Frente Grande Movimiento Derecho al Futuro liderado por el gobernador de la Provincia de Buenos Aires Axel Kicillof.<\/p>\n<p><a href=\"https:\/\/opinionpublica.com.ar\/index\/wp-content\/uploads\/2024\/10\/638911-photo-2022-09-05-11-01-50-vouto-kirchner.jpg\"><img fetchpriority=\"high\" decoding=\"async\" class=\"alignnone size-full wp-image-6323\" src=\"https:\/\/opinionpublica.com.ar\/index\/wp-content\/uploads\/2024\/10\/638911-photo-2022-09-05-11-01-50-vouto-kirchner.jpg\" alt=\"\" width=\"960\" height=\"540\" srcset=\"https:\/\/opinionpublica.com.ar\/index\/wp-content\/uploads\/2024\/10\/638911-photo-2022-09-05-11-01-50-vouto-kirchner.jpg 960w, https:\/\/opinionpublica.com.ar\/index\/wp-content\/uploads\/2024\/10\/638911-photo-2022-09-05-11-01-50-vouto-kirchner-300x169.jpg 300w, https:\/\/opinionpublica.com.ar\/index\/wp-content\/uploads\/2024\/10\/638911-photo-2022-09-05-11-01-50-vouto-kirchner-768x432.jpg 768w\" sizes=\"(max-width: 960px) 100vw, 960px\" \/><\/a><\/p>\n<p>De esta forma el vuotismo pretende mostrarse cerca de los dos sectores que se disputan el liderazgo del peronismo nacional representado por Cristina Fern\u00e1ndez de Kirchner y el mandatario bonaerense.<\/p>\n<p>Hasta mediados del a\u00f1o pasado Rogelio Bar\u00f3n se exhibi\u00f3 en medios de comunicaci\u00f3n de la Provincia como el Coordinador de Salud del Municipio de Ushuaia. Sin escalas, el funcionario del vuotismo pas\u00f3 esta semana a presentarse como el referente del movimiento que a nivel nacional lidera Axel Kicilof.<br \/>\nLo hizo a trav\u00e9s de una entrevista que concedi\u00f3 a Radio RMX 107.7 en donde pretendi\u00f3 instalar el desembarco del Movimiento Derecho al Futuro en Tierra del Fuego, una verdad a medias porque lo ejecutan dirigentes que responden a Vuoto, camporista alineado a Cristina Fernandez de Kirchner.<\/p>\n<p><strong>No pongas todos los huevos en la misma canasta<\/strong><\/p>\n<p>La celebre frase que plantea que no es conveniente arriesgar todo en una opci\u00f3n explica en parte la estrategia de Vuoto, quien se declar\u00f3 dirigente que responde a Cristina Fern\u00e1ndez pero quien tambi\u00e9n mostr\u00f3 un acercamiento en Kicillof en la disputa del bonaerense con el presidente Javier Milei.<\/p>\n<p>Desde hace meses, Fern\u00e1ndez y Kicillof protagonizan una feroz interna que tiene como tel\u00f3n de fondo la conducci\u00f3n del peronismo nacional de cara a las elecciones legislativas de octubre y las presidenciales del 2027.<\/p>\n<\/article>\n","protected":false},"excerpt":{"rendered":"<p>Vuoto con un huevo en cada canasta: con Cristina pero tambi\u00e9n con Axel Un funcionario del intendente Walter<\/p>\n","protected":false},"author":8,"featured_media":2851,"comment_status":"open","ping_status":"open","sticky":false,"template":"","format":"standard","meta":{"footnotes":""},"categories":[27,21],"tags":[760,758,538],"class_list":["post-9446","post","type-post","status-publish","format-standard","has-post-thumbnail","hentry","category-politica","category-ushuaia","tag-axel-kicillof","tag-cristina-kirchner","tag-walter-vuoto"],"featured_image_urls":{"full":["https:\/\/opinionpublica.com.ar\/index\/wp-content\/uploads\/2024\/05\/walter-vouto-intendente.jpg",1000,666,false],"thumbnail":["https:\/\/opinionpublica.com.ar\/index\/wp-content\/uploads\/2024\/05\/walter-vouto-intendente-150x150.jpg",150,150,true],"medium":["https:\/\/opinionpublica.com.ar\/index\/wp-content\/uploads\/2024\/05\/walter-vouto-intendente-300x200.jpg",300,200,true],"medium_large":["https:\/\/opinionpublica.com.ar\/index\/wp-content\/uploads\/2024\/05\/walter-vouto-intendente-768x511.jpg",640,426,true],"large":["https:\/\/opinionpublica.com.ar\/index\/wp-content\/uploads\/2024\/05\/walter-vouto-intendente.jpg",640,426,false],"1536x1536":["https:\/\/opinionpublica.com.ar\/index\/wp-content\/uploads\/2024\/05\/walter-vouto-intendente.jpg",1000,666,false],"2048x2048":["https:\/\/opinionpublica.com.ar\/index\/wp-content\/uploads\/2024\/05\/walter-vouto-intendente.jpg",1000,666,false],"morenews-large":["https:\/\/opinionpublica.com.ar\/index\/wp-content\/uploads\/2024\/05\/walter-vouto-intendente-825x575.jpg",825,575,true],"morenews-medium":["https:\/\/opinionpublica.com.ar\/index\/wp-content\/uploads\/2024\/05\/walter-vouto-intendente-590x410.jpg",590,410,true]},"author_info":{"display_name":"RKing","author_link":"https:\/\/opinionpublica.com.ar\/index\/author\/rking\/"},"category_info":"<a href=\"https:\/\/opinionpublica.com.ar\/index\/category\/politica\/\" rel=\"category tag\">Politica<\/a> <a href=\"https:\/\/opinionpublica.com.ar\/index\/category\/ushuaia\/\" rel=\"category tag\">Ushuaia<\/a>","tag_info":"Ushuaia","comment_count":"0","_links":{"self":[{"href":"https:\/\/opinionpublica.com.ar\/index\/wp-json\/wp\/v2\/posts\/9446","targetHints":{"allow":["GET"]}}],"collection":[{"href":"https:\/\/opinionpublica.com.ar\/index\/wp-json\/wp\/v2\/posts"}],"about":[{"href":"https:\/\/opinionpublica.com.ar\/index\/wp-json\/wp\/v2\/types\/post"}],"author":[{"embeddable":true,"href":"https:\/\/opinionpublica.com.ar\/index\/wp-json\/wp\/v2\/users\/8"}],"replies":[{"embeddable":true,"href":"https:\/\/opinionpublica.com.ar\/index\/wp-json\/wp\/v2\/comments?post=9446"}],"version-history":[{"count":1,"href":"https:\/\/opinionpublica.com.ar\/index\/wp-json\/wp\/v2\/posts\/9446\/revisions"}],"predecessor-version":[{"id":9447,"href":"https:\/\/opinionpublica.com.ar\/index\/wp-json\/wp\/v2\/posts\/9446\/revisions\/9447"}],"wp:featuredmedia":[{"embeddable":true,"href":"https:\/\/opinionpublica.com.ar\/index\/wp-json\/wp\/v2\/media\/2851"}],"wp:attachment":[{"href":"https:\/\/opinionpublica.com.ar\/index\/wp-json\/wp\/v2\/media?parent=9446"}],"wp:term":[{"taxonomy":"category","embeddable":true,"href":"https:\/\/opinionpublica.com.ar\/index\/wp-json\/wp\/v2\/categories?post=9446"},{"taxonomy":"post_tag","embeddable":true,"href":"https:\/\/opinionpublica.com.ar\/index\/wp-json\/wp\/v2\/tags?post=9446"}],"curies":[{"name":"wp","href":"https:\/\/api.w.org\/{rel}","templated":true}]}}