{"id":9448,"date":"2025-04-23T15:01:48","date_gmt":"2025-04-23T18:01:48","guid":{"rendered":"https:\/\/opinionpublica.com.ar\/index\/?p=9448"},"modified":"2025-04-23T15:01:48","modified_gmt":"2025-04-23T18:01:48","slug":"milei-avanza-con-la-fusion-del-inti-y-el-inta","status":"publish","type":"post","link":"https:\/\/opinionpublica.com.ar\/index\/milei-avanza-con-la-fusion-del-inti-y-el-inta\/","title":{"rendered":"Milei avanza con la fusi\u00f3n del INTI y el INTA"},"content":{"rendered":"<header class=\"vn-main-header\">\n<p id=\"single-title\"><strong>Milei avanza con la fusi\u00f3n del INTI y el INTA y los trabajadores del organismo convocan a una serie de protestas por temor a que haya 1500 despidos<\/strong><\/p>\n<\/header>\n<div class=\"vn-content-wrap vn-clearfix\">\n<div id=\"primary\" class=\"content-area\">\n<article id=\"post-152781\" class=\"vn-article-content post-152781 post type-post status-publish format-standard has-post-thumbnail hentry category-3 category-actualidad tag-despidos tag-estatales tag-inta tag-inti tag-mesa-de-enlace\">\n<div class=\"entry-content\">\n<p class=\"wp-block-heading has-medium-font-size\">El Gobierno avanza con un plan para fusionar el Instituto Nacional de Tecnolog\u00eda Industrial (INTI) con el Instituto Nacional de Tecnolog\u00eda Agropecuaria (INTA). Los trabajadores del organismo se\u00f1alan que podr\u00eda derivar en 1500 despidos en el sector de Extensi\u00f3n. Protestas este mi\u00e9rcoles y este jueves en la sede central.<\/p>\n<p><a href=\"https:\/\/opinionpublica.com.ar\/index\/wp-content\/uploads\/2025\/04\/INTA-768x448-1.jpg\"><img fetchpriority=\"high\" decoding=\"async\" class=\"alignnone size-full wp-image-9450\" src=\"https:\/\/opinionpublica.com.ar\/index\/wp-content\/uploads\/2025\/04\/INTA-768x448-1.jpg\" alt=\"\" width=\"768\" height=\"448\" srcset=\"https:\/\/opinionpublica.com.ar\/index\/wp-content\/uploads\/2025\/04\/INTA-768x448-1.jpg 768w, https:\/\/opinionpublica.com.ar\/index\/wp-content\/uploads\/2025\/04\/INTA-768x448-1-300x175.jpg 300w\" sizes=\"(max-width: 768px) 100vw, 768px\" \/><\/a><\/p>\n<p>El Gobierno<strong>\u00a0a trav\u00e9s de un decreto que tiene previsto publicar en los pr\u00f3ximos d\u00edas\u00a0<\/strong>en medio de un paquete de medidas que buscar\u00e1n disolver, transformar, centralizar y hasta absorber algunos organismos descentralizados. Esta reestructuraci\u00f3n incluye\u00a0<strong>fusionar el Instituto Nacional de Tecnolog\u00eda Industrial (INTI) con el Instituto Nacional de Tecnolog\u00eda Agropecuaria (INTA).<\/strong><\/p>\n<p>Sobre la absorci\u00f3n del INTI al INTA, en efecto confirmaron fuentes al tanto de los cambios que hay un proyecto para fusionarlos. Sin embargo mantienen la prudencia porque sabe que esto podr\u00eda generar un clima de enojo en el sector agropecuario, en un contexto en el que el Gobierno necesita del campo para vender y por ende liquidar los granos de la cosecha gruesa.<\/p>\n<p>Los trabajadores del organismo llamaron a protestas para este mi\u00e9rcoles y tambi\u00e9n para este jueves. Se\u00f1alan que\u00a0<strong>la fusi\u00f3n implicar\u00eda el cierre del sistema de extensi\u00f3n y eso implicar\u00eda que se detonen 1500 despidos en el organismo<\/strong>. La concentraci\u00f3n ser\u00e1 en la sede central a las 12 horas.<\/p>\n<p>Adem\u00e1s, los empleados reclamar\u00e1n la reapertura de los programas cerrados por los libertarios: Pro huerta y Cambio rural.<\/p>\n<figure class=\"wp-block-gallery has-nested-images columns-default is-cropped wp-block-gallery-1 is-layout-flex wp-block-gallery-is-layout-flex\">\n<figure class=\"wp-block-image size-large\"><\/figure>\n<\/figure>\n<p>En el Gobierno saben que el principal obst\u00e1culo para avanzar con cambios en el INTA es su estructura: el organismo cuenta con un Consejo Directivo interno en el que\u00a0<strong>el 50% de los representantes pertenecen a las entidades de la Mesa de Enlace, adem\u00e1s de CREA y facultades de Veterinaria y Agronom\u00eda.<\/strong><\/p>\n<p>Incluso, la semana pasada, ese Consejo Directivo aprob\u00f3 la creaci\u00f3n de una Secretar\u00eda de Coordinaci\u00f3n T\u00e9cnica que absorber\u00e1 funciones clave como las de la Direcci\u00f3n General de Administraci\u00f3n (DGA), a pesar de que por ley esta debe responder a la Direcci\u00f3n Nacional. En ese contexto, se puso a disposici\u00f3n una nueva propuesta de retiro voluntario y quedaron pendientes de resoluci\u00f3n iniciativas como la reestructuraci\u00f3n de centros, la reformulaci\u00f3n del Centro de Investigaci\u00f3n para la Agricultura Familiar (Ciapaf) y se decidi\u00f3 bajar un 70% las direcciones y un 20% las gerencias. Es decir, en el INTA ya se han venido realizando cambios importantes en la estructura.<\/p>\n<p>Vale recordar que las funcionalidades del INTA y el INTI son distintas: el primero est\u00e1 enfocado en la investigaci\u00f3n, el desarrollo y la extensi\u00f3n tecnol\u00f3gica aplicada al sector agropecuario, con presencia territorial en todo el pa\u00eds y una red activa de vinculaci\u00f3n con productores. En tanto, el segundo, se enfoca en la asistencia t\u00e9cnica, control de calidad, certificaciones y desarrollo tecnol\u00f3gico para el sector industrial. Es decir, el INTA es estrat\u00e9gico para mejorar la productividad y sostenibilidad del campo. El INTI cumple un rol clave en la innovaci\u00f3n y la competitividad de las industrias, aunque con menor articulaci\u00f3n territorial y mayor dependencia del Estado.<\/p>\n<p>Estas competencias son conocidas en el Gobierno y reconocen que mientras el INTA tiene cuadros t\u00e9cnicos de alto nivel, con agentes que acceden por concurso, el INTI es visto como una estructura m\u00e1s desordenada y de alto riesgo de conflicto interno. No obstante, pese a esto, la discusi\u00f3n genera una fuerte tensi\u00f3n dentro del Gobierno, entre quienes apuestan por una reestructuraci\u00f3n total del aparato estatal y quienes entienden que avanzar sobre \u00e1reas sensibles para el agro podr\u00eda tener costos econ\u00f3micos y pol\u00edticos dif\u00edciles de sostener. La gran pregunta hasta ahora es qui\u00e9n liderar\u00e1 esta fusi\u00f3n.<\/p>\n<\/div>\n<div class=\"yarpp yarpp-related yarpp-related-website yarpp-template-thumbnails\">\n<div class=\"yarpp-thumbnails-horizontal\"><\/div>\n<\/div>\n<\/article>\n<\/div>\n<\/div>\n","protected":false},"excerpt":{"rendered":"<p>Milei avanza con la fusi\u00f3n del INTI y el INTA y los trabajadores del organismo convocan a una<\/p>\n","protected":false},"author":8,"featured_media":9450,"comment_status":"open","ping_status":"open","sticky":false,"template":"","format":"standard","meta":{"footnotes":""},"categories":[3],"tags":[195,427,376,3415,2295],"class_list":["post-9448","post","type-post","status-publish","format-standard","has-post-thumbnail","hentry","category-nacionales","tag-despidos","tag-estatales","tag-inta","tag-inti","tag-mesa-de-enlace"],"featured_image_urls":{"full":["https:\/\/opinionpublica.com.ar\/index\/wp-content\/uploads\/2025\/04\/INTA-768x448-1.jpg",768,448,false],"thumbnail":["https:\/\/opinionpublica.com.ar\/index\/wp-content\/uploads\/2025\/04\/INTA-768x448-1-150x150.jpg",150,150,true],"medium":["https:\/\/opinionpublica.com.ar\/index\/wp-content\/uploads\/2025\/04\/INTA-768x448-1-300x175.jpg",300,175,true],"medium_large":["https:\/\/opinionpublica.com.ar\/index\/wp-content\/uploads\/2025\/04\/INTA-768x448-1.jpg",640,373,false],"large":["https:\/\/opinionpublica.com.ar\/index\/wp-content\/uploads\/2025\/04\/INTA-768x448-1.jpg",640,373,false],"1536x1536":["https:\/\/opinionpublica.com.ar\/index\/wp-content\/uploads\/2025\/04\/INTA-768x448-1.jpg",768,448,false],"2048x2048":["https:\/\/opinionpublica.com.ar\/index\/wp-content\/uploads\/2025\/04\/INTA-768x448-1.jpg",768,448,false],"morenews-large":["https:\/\/opinionpublica.com.ar\/index\/wp-content\/uploads\/2025\/04\/INTA-768x448-1.jpg",768,448,false],"morenews-medium":["https:\/\/opinionpublica.com.ar\/index\/wp-content\/uploads\/2025\/04\/INTA-768x448-1-590x410.jpg",590,410,true]},"author_info":{"display_name":"RKing","author_link":"https:\/\/opinionpublica.com.ar\/index\/author\/rking\/"},"category_info":"<a href=\"https:\/\/opinionpublica.com.ar\/index\/category\/nacionales\/\" rel=\"category tag\">Nacionales<\/a>","tag_info":"Nacionales","comment_count":"0","_links":{"self":[{"href":"https:\/\/opinionpublica.com.ar\/index\/wp-json\/wp\/v2\/posts\/9448","targetHints":{"allow":["GET"]}}],"collection":[{"href":"https:\/\/opinionpublica.com.ar\/index\/wp-json\/wp\/v2\/posts"}],"about":[{"href":"https:\/\/opinionpublica.com.ar\/index\/wp-json\/wp\/v2\/types\/post"}],"author":[{"embeddable":true,"href":"https:\/\/opinionpublica.com.ar\/index\/wp-json\/wp\/v2\/users\/8"}],"replies":[{"embeddable":true,"href":"https:\/\/opinionpublica.com.ar\/index\/wp-json\/wp\/v2\/comments?post=9448"}],"version-history":[{"count":1,"href":"https:\/\/opinionpublica.com.ar\/index\/wp-json\/wp\/v2\/posts\/9448\/revisions"}],"predecessor-version":[{"id":9451,"href":"https:\/\/opinionpublica.com.ar\/index\/wp-json\/wp\/v2\/posts\/9448\/revisions\/9451"}],"wp:featuredmedia":[{"embeddable":true,"href":"https:\/\/opinionpublica.com.ar\/index\/wp-json\/wp\/v2\/media\/9450"}],"wp:attachment":[{"href":"https:\/\/opinionpublica.com.ar\/index\/wp-json\/wp\/v2\/media?parent=9448"}],"wp:term":[{"taxonomy":"category","embeddable":true,"href":"https:\/\/opinionpublica.com.ar\/index\/wp-json\/wp\/v2\/categories?post=9448"},{"taxonomy":"post_tag","embeddable":true,"href":"https:\/\/opinionpublica.com.ar\/index\/wp-json\/wp\/v2\/tags?post=9448"}],"curies":[{"name":"wp","href":"https:\/\/api.w.org\/{rel}","templated":true}]}}