{"id":9452,"date":"2025-04-23T15:17:40","date_gmt":"2025-04-23T18:17:40","guid":{"rendered":"https:\/\/opinionpublica.com.ar\/index\/?p=9452"},"modified":"2025-04-23T15:17:40","modified_gmt":"2025-04-23T18:17:40","slug":"avanza-una-solucion-para-los-alquileres","status":"publish","type":"post","link":"https:\/\/opinionpublica.com.ar\/index\/avanza-una-solucion-para-los-alquileres\/","title":{"rendered":"Avanza una soluci\u00f3n para los alquileres"},"content":{"rendered":"<header class=\"entry-header\">\n<p class=\"entry-title\"><strong>Avanza una soluci\u00f3n para los alquileres<\/strong><\/p>\n<\/header>\n<div class=\"entry-content\">\n<p class=\"wp-block-heading\">Surgi\u00f3 dictamen al proyecto de ordenanza para la creaci\u00f3n del Registro Municipal de Alquileres para Vivienda Permanente.<\/p>\n<p><a href=\"https:\/\/opinionpublica.com.ar\/index\/wp-content\/uploads\/2025\/04\/multimedia.normal.be47313f57ed7896.496e7175696c696e6f732037353078353030325f6e6f726d616c2e6a7067-alquiler-ushuaia.jpg\"><img fetchpriority=\"high\" decoding=\"async\" class=\"alignnone size-full wp-image-9453\" src=\"https:\/\/opinionpublica.com.ar\/index\/wp-content\/uploads\/2025\/04\/multimedia.normal.be47313f57ed7896.496e7175696c696e6f732037353078353030325f6e6f726d616c2e6a7067-alquiler-ushuaia.jpg\" alt=\"\" width=\"1059\" height=\"660\" srcset=\"https:\/\/opinionpublica.com.ar\/index\/wp-content\/uploads\/2025\/04\/multimedia.normal.be47313f57ed7896.496e7175696c696e6f732037353078353030325f6e6f726d616c2e6a7067-alquiler-ushuaia.jpg 1059w, https:\/\/opinionpublica.com.ar\/index\/wp-content\/uploads\/2025\/04\/multimedia.normal.be47313f57ed7896.496e7175696c696e6f732037353078353030325f6e6f726d616c2e6a7067-alquiler-ushuaia-300x187.jpg 300w, https:\/\/opinionpublica.com.ar\/index\/wp-content\/uploads\/2025\/04\/multimedia.normal.be47313f57ed7896.496e7175696c696e6f732037353078353030325f6e6f726d616c2e6a7067-alquiler-ushuaia-1024x638.jpg 1024w, https:\/\/opinionpublica.com.ar\/index\/wp-content\/uploads\/2025\/04\/multimedia.normal.be47313f57ed7896.496e7175696c696e6f732037353078353030325f6e6f726d616c2e6a7067-alquiler-ushuaia-768x479.jpg 768w\" sizes=\"(max-width: 1059px) 100vw, 1059px\" \/><\/a><\/p>\n<p>La Comisi\u00f3n de Legislaci\u00f3n e Interpretaci\u00f3n del Concejo Deliberante de Ushuaia dio dictamen favorable al proyecto de ordenanza impulsado por la concejala Laura Avila (Partido Justicialista), que propone la creaci\u00f3n del Registro Municipal de Alquileres destinados a Vivienda Permanente.<\/p>\n<div class=\"wp-block-image\"><\/div>\n<p>Avila explic\u00f3 que \u201ceste proyecto crea una herramienta concreta frente a la escasa oferta de alquileres permanentes en la ciudad, en contraste con la gran disponibilidad de alquileres tur\u00edsticos. El objetivo es fomentar y acompa\u00f1ar a quienes ofrecen viviendas para residentes de Ushuaia, a trav\u00e9s de diferentes beneficios que establecer\u00e1 el Ejecutivo municipal para incentivar y atraer a los propietarios\u201d.<\/p>\n<p>La Concejala dijo que \u201ces urgente brindar respuestas reales a nuestras vecinas y vecinos, y este registro es un paso en ese camino. Nos permitir\u00e1 tener datos, impulsar pol\u00edticas activas y generar condiciones m\u00e1s justas para quienes eligen alquilar en forma permanente\u201d.<\/p>\n<p>Y agreg\u00f3 \u201ceste proyecto es parte de una bater\u00eda de proyectos que presentamos desde nuestra banca para combatir la especulaci\u00f3n inmobiliaria y abordar la crisis de viviendas de alquiler en Ushuaia, para llevar soluciones a las familias que enfrentan dificultades para encontrar alojamiento permanente y accesible en la ciudad\u201d.<\/p>\n<p>El proyecto ahora avanza hacia su tratamiento en la comisi\u00f3n de debate ciudadano para luego ser tratado en sesi\u00f3n ordinaria.<\/p>\n<p>&nbsp;<\/p>\n<\/div>\n<footer class=\"entry-meta\"><span class=\"tag-links\"><span class=\"label\">Etiquetas:<\/span>\u00a0<\/span><\/footer>\n","protected":false},"excerpt":{"rendered":"<p>Avanza una soluci\u00f3n para los alquileres Surgi\u00f3 dictamen al proyecto de ordenanza para la creaci\u00f3n del Registro Municipal<\/p>\n","protected":false},"author":8,"featured_media":9453,"comment_status":"open","ping_status":"open","sticky":false,"template":"","format":"standard","meta":{"footnotes":""},"categories":[21],"tags":[973,3416,3417,5,6,3418],"class_list":["post-9452","post","type-post","status-publish","format-standard","has-post-thumbnail","hentry","category-ushuaia","tag-alquileres","tag-registro-municipal","tag-solucion","tag-tierra-del-fuego","tag-ushuaia","tag-vivienda-permanente"],"featured_image_urls":{"full":["https:\/\/opinionpublica.com.ar\/index\/wp-content\/uploads\/2025\/04\/multimedia.normal.be47313f57ed7896.496e7175696c696e6f732037353078353030325f6e6f726d616c2e6a7067-alquiler-ushuaia.jpg",1059,660,false],"thumbnail":["https:\/\/opinionpublica.com.ar\/index\/wp-content\/uploads\/2025\/04\/multimedia.normal.be47313f57ed7896.496e7175696c696e6f732037353078353030325f6e6f726d616c2e6a7067-alquiler-ushuaia-150x150.jpg",150,150,true],"medium":["https:\/\/opinionpublica.com.ar\/index\/wp-content\/uploads\/2025\/04\/multimedia.normal.be47313f57ed7896.496e7175696c696e6f732037353078353030325f6e6f726d616c2e6a7067-alquiler-ushuaia-300x187.jpg",300,187,true],"medium_large":["https:\/\/opinionpublica.com.ar\/index\/wp-content\/uploads\/2025\/04\/multimedia.normal.be47313f57ed7896.496e7175696c696e6f732037353078353030325f6e6f726d616c2e6a7067-alquiler-ushuaia-768x479.jpg",640,399,true],"large":["https:\/\/opinionpublica.com.ar\/index\/wp-content\/uploads\/2025\/04\/multimedia.normal.be47313f57ed7896.496e7175696c696e6f732037353078353030325f6e6f726d616c2e6a7067-alquiler-ushuaia-1024x638.jpg",640,399,true],"1536x1536":["https:\/\/opinionpublica.com.ar\/index\/wp-content\/uploads\/2025\/04\/multimedia.normal.be47313f57ed7896.496e7175696c696e6f732037353078353030325f6e6f726d616c2e6a7067-alquiler-ushuaia.jpg",1059,660,false],"2048x2048":["https:\/\/opinionpublica.com.ar\/index\/wp-content\/uploads\/2025\/04\/multimedia.normal.be47313f57ed7896.496e7175696c696e6f732037353078353030325f6e6f726d616c2e6a7067-alquiler-ushuaia.jpg",1059,660,false],"morenews-large":["https:\/\/opinionpublica.com.ar\/index\/wp-content\/uploads\/2025\/04\/multimedia.normal.be47313f57ed7896.496e7175696c696e6f732037353078353030325f6e6f726d616c2e6a7067-alquiler-ushuaia-825x575.jpg",825,575,true],"morenews-medium":["https:\/\/opinionpublica.com.ar\/index\/wp-content\/uploads\/2025\/04\/multimedia.normal.be47313f57ed7896.496e7175696c696e6f732037353078353030325f6e6f726d616c2e6a7067-alquiler-ushuaia-590x410.jpg",590,410,true]},"author_info":{"display_name":"RKing","author_link":"https:\/\/opinionpublica.com.ar\/index\/author\/rking\/"},"category_info":"<a href=\"https:\/\/opinionpublica.com.ar\/index\/category\/ushuaia\/\" rel=\"category tag\">Ushuaia<\/a>","tag_info":"Ushuaia","comment_count":"0","_links":{"self":[{"href":"https:\/\/opinionpublica.com.ar\/index\/wp-json\/wp\/v2\/posts\/9452","targetHints":{"allow":["GET"]}}],"collection":[{"href":"https:\/\/opinionpublica.com.ar\/index\/wp-json\/wp\/v2\/posts"}],"about":[{"href":"https:\/\/opinionpublica.com.ar\/index\/wp-json\/wp\/v2\/types\/post"}],"author":[{"embeddable":true,"href":"https:\/\/opinionpublica.com.ar\/index\/wp-json\/wp\/v2\/users\/8"}],"replies":[{"embeddable":true,"href":"https:\/\/opinionpublica.com.ar\/index\/wp-json\/wp\/v2\/comments?post=9452"}],"version-history":[{"count":1,"href":"https:\/\/opinionpublica.com.ar\/index\/wp-json\/wp\/v2\/posts\/9452\/revisions"}],"predecessor-version":[{"id":9454,"href":"https:\/\/opinionpublica.com.ar\/index\/wp-json\/wp\/v2\/posts\/9452\/revisions\/9454"}],"wp:featuredmedia":[{"embeddable":true,"href":"https:\/\/opinionpublica.com.ar\/index\/wp-json\/wp\/v2\/media\/9453"}],"wp:attachment":[{"href":"https:\/\/opinionpublica.com.ar\/index\/wp-json\/wp\/v2\/media?parent=9452"}],"wp:term":[{"taxonomy":"category","embeddable":true,"href":"https:\/\/opinionpublica.com.ar\/index\/wp-json\/wp\/v2\/categories?post=9452"},{"taxonomy":"post_tag","embeddable":true,"href":"https:\/\/opinionpublica.com.ar\/index\/wp-json\/wp\/v2\/tags?post=9452"}],"curies":[{"name":"wp","href":"https:\/\/api.w.org\/{rel}","templated":true}]}}