{"id":9516,"date":"2025-04-29T10:14:58","date_gmt":"2025-04-29T13:14:58","guid":{"rendered":"https:\/\/opinionpublica.com.ar\/index\/?p=9516"},"modified":"2025-04-29T10:14:58","modified_gmt":"2025-04-29T13:14:58","slug":"melella-y-vuoto-no-tienen-pensado-recibir-al-jefe-del-comando-sur-de-eeuu","status":"publish","type":"post","link":"https:\/\/opinionpublica.com.ar\/index\/melella-y-vuoto-no-tienen-pensado-recibir-al-jefe-del-comando-sur-de-eeuu\/","title":{"rendered":"Melella y Vuoto no tienen pensado recibir al Jefe del Comando Sur de EEUU"},"content":{"rendered":"<header class=\"entry-header\">\n<div class=\"entry-title-excerpt-wrapper\">\n<p class=\"entry-title\"><strong>Melella y Vuoto no tienen pensado recibir al Jefe del Comando Sur de EEUU<\/strong><\/p>\n<div class=\"entry-excerpt\">\n<p>Lo inform\u00f3 Agenda Malvinas, luego de consultas oficiales. El Almirante Alvin Holsey visitar\u00eda Ushuaia este mi\u00e9rcoles.<\/p>\n<p><a href=\"https:\/\/opinionpublica.com.ar\/index\/wp-content\/uploads\/2024\/09\/Vuoto-Melella.jpg\"><img fetchpriority=\"high\" decoding=\"async\" class=\"alignnone size-full wp-image-5407\" src=\"https:\/\/opinionpublica.com.ar\/index\/wp-content\/uploads\/2024\/09\/Vuoto-Melella.jpg\" alt=\"\" width=\"1200\" height=\"658\" srcset=\"https:\/\/opinionpublica.com.ar\/index\/wp-content\/uploads\/2024\/09\/Vuoto-Melella.jpg 1200w, https:\/\/opinionpublica.com.ar\/index\/wp-content\/uploads\/2024\/09\/Vuoto-Melella-300x165.jpg 300w, https:\/\/opinionpublica.com.ar\/index\/wp-content\/uploads\/2024\/09\/Vuoto-Melella-1024x561.jpg 1024w, https:\/\/opinionpublica.com.ar\/index\/wp-content\/uploads\/2024\/09\/Vuoto-Melella-768x421.jpg 768w\" sizes=\"(max-width: 1200px) 100vw, 1200px\" \/><\/a><\/p>\n<p>El gobernador de Tierra del Fuego Gustavo Melella y el intendente de la ciudad de Ushuaia, Walter Vuoto, negaron de manera categ\u00f3rica tener previsto recibir al Jefe del Comando Sur de los Estados Unidos de Norte Am\u00e9rica, quien este mi\u00e9rcoles arribar\u00e1 a la capital fueguina para reunirse con las m\u00e1ximas autoridades de la Base Naval Austral con sede en la capital de la mencionada Provincia.<\/p>\n<\/div>\n<\/div>\n<\/header>\n<div class=\"entry-content\">\n<p>Lo concreto es que el Almirante Alvin Holsey lleg\u00f3 esta tarde a Aeroparque Jorge Newbery de la ciudad de Buenos Aires pasadas las 18:00, proveniente de Miami; acompa\u00f1ado por una delegaci\u00f3n integrada por otros miembros del gabinete republicano de Donald Trump, y permanecer\u00e1 en la Argentina hasta el jueves 1 de mayo, para luego retornar a Florida.<\/p>\n<p>La agenda del titular del Comando Sur (SOUTHCOM, por sus siglas en ingl\u00e9s) comenzar\u00e1 reci\u00e9n al d\u00eda siguiente, cuando mantendr\u00e1 primero una audiencia con el ministro de Defensa, Luis Petri, cerca de las 08:30 al Edificio Libertador junto a su delegaci\u00f3n y tendr\u00e1 una recepci\u00f3n de honor con una foto institucional junto al jefe del Estado Mayor Conjunto de las FFAA, el brigadier general Xavier Isaac, antes de dirigirse a la reuni\u00f3n.<\/p>\n<div class=\"code-block code-block-2\"><\/div>\n<p>Petri estar\u00e1 acompa\u00f1ado por el secretario de Estrategia y Asuntos Militares, el coronel (R) Marcelo Roas Garay; el secretario de Asuntos Internacionales para la Defensa, Juan Batalleme, y la jefa de Gabinete de la cartera, Luciana Carrasco.<\/p>\n<p>Despu\u00e9s de entregarle un regalo personal al ministro, Holsey cruzar\u00e1 algunos pasillos del edificio hasta llegar a la oficina de Isaac, con quien tambi\u00e9n mantendr\u00e1 otro encuentro de trabajo.<\/p>\n<div class=\"code-block code-block-3\"><\/div>\n<p>Si bien estaba pensado que fuera m\u00e1s a la tarde, finalmente se decidi\u00f3 que a las 10:30 el norteamericano cruzar\u00e1 la avenida Paseo Col\u00f3n y se trasladar\u00e1 hasta la Casa Rosada, donde ser\u00e1 recibido por Milei en una audiencia privada.<\/p>\n<p>En horas de la noche, Holsey y Milei compartir\u00e1n una cena en el Palacio Bosch, residencia oficial de la embajada norteamericana. En tanto que el mi\u00e9rcoles partir\u00e1 hacia Ushuaia, con el objeto de reforzar los lazos de cooperaci\u00f3n e intercambio estrat\u00e9gicos entre la Argentina y los Estados Unidos, en un punto que es neur\u00e1lgico para ambos pa\u00edses.<\/p>\n<div class=\"code-block code-block-4\"><\/div>\n<p>A lo largo del mi\u00e9rcoles, el militar recorrer\u00e1 el \u00c1rea Naval Austral junto a Dressel, el agregado de Defensa Naval de la Embajada norteamericana, Kenneth Patrick Ward, y el resto de la comitiva, y despu\u00e9s conversar\u00e1n con autoridades locales de la Armada.<\/p>\n<p>&nbsp;<\/p>\n<p>(Fuente: Agenda Malvinas)<\/p>\n<\/div>\n","protected":false},"excerpt":{"rendered":"<p>Melella y Vuoto no tienen pensado recibir al Jefe del Comando Sur de EEUU Lo inform\u00f3 Agenda Malvinas,<\/p>\n","protected":false},"author":8,"featured_media":5407,"comment_status":"open","ping_status":"open","sticky":false,"template":"","format":"standard","meta":{"footnotes":""},"categories":[2],"tags":[3434,3435,134,538],"class_list":["post-9516","post","type-post","status-publish","format-standard","has-post-thumbnail","hentry","category-tierra-del-fuego","tag-almirante-alvin-holsey","tag-comando-sur","tag-gustavo-melella","tag-walter-vuoto"],"featured_image_urls":{"full":["https:\/\/opinionpublica.com.ar\/index\/wp-content\/uploads\/2024\/09\/Vuoto-Melella.jpg",1200,658,false],"thumbnail":["https:\/\/opinionpublica.com.ar\/index\/wp-content\/uploads\/2024\/09\/Vuoto-Melella-150x150.jpg",150,150,true],"medium":["https:\/\/opinionpublica.com.ar\/index\/wp-content\/uploads\/2024\/09\/Vuoto-Melella-300x165.jpg",300,165,true],"medium_large":["https:\/\/opinionpublica.com.ar\/index\/wp-content\/uploads\/2024\/09\/Vuoto-Melella-768x421.jpg",640,351,true],"large":["https:\/\/opinionpublica.com.ar\/index\/wp-content\/uploads\/2024\/09\/Vuoto-Melella-1024x561.jpg",640,351,true],"1536x1536":["https:\/\/opinionpublica.com.ar\/index\/wp-content\/uploads\/2024\/09\/Vuoto-Melella.jpg",1200,658,false],"2048x2048":["https:\/\/opinionpublica.com.ar\/index\/wp-content\/uploads\/2024\/09\/Vuoto-Melella.jpg",1200,658,false],"morenews-large":["https:\/\/opinionpublica.com.ar\/index\/wp-content\/uploads\/2024\/09\/Vuoto-Melella-825x575.jpg",825,575,true],"morenews-medium":["https:\/\/opinionpublica.com.ar\/index\/wp-content\/uploads\/2024\/09\/Vuoto-Melella-590x410.jpg",590,410,true]},"author_info":{"display_name":"RKing","author_link":"https:\/\/opinionpublica.com.ar\/index\/author\/rking\/"},"category_info":"<a href=\"https:\/\/opinionpublica.com.ar\/index\/category\/tierra-del-fuego\/\" rel=\"category tag\">Tierra del Fuego<\/a>","tag_info":"Tierra del Fuego","comment_count":"0","_links":{"self":[{"href":"https:\/\/opinionpublica.com.ar\/index\/wp-json\/wp\/v2\/posts\/9516","targetHints":{"allow":["GET"]}}],"collection":[{"href":"https:\/\/opinionpublica.com.ar\/index\/wp-json\/wp\/v2\/posts"}],"about":[{"href":"https:\/\/opinionpublica.com.ar\/index\/wp-json\/wp\/v2\/types\/post"}],"author":[{"embeddable":true,"href":"https:\/\/opinionpublica.com.ar\/index\/wp-json\/wp\/v2\/users\/8"}],"replies":[{"embeddable":true,"href":"https:\/\/opinionpublica.com.ar\/index\/wp-json\/wp\/v2\/comments?post=9516"}],"version-history":[{"count":1,"href":"https:\/\/opinionpublica.com.ar\/index\/wp-json\/wp\/v2\/posts\/9516\/revisions"}],"predecessor-version":[{"id":9517,"href":"https:\/\/opinionpublica.com.ar\/index\/wp-json\/wp\/v2\/posts\/9516\/revisions\/9517"}],"wp:featuredmedia":[{"embeddable":true,"href":"https:\/\/opinionpublica.com.ar\/index\/wp-json\/wp\/v2\/media\/5407"}],"wp:attachment":[{"href":"https:\/\/opinionpublica.com.ar\/index\/wp-json\/wp\/v2\/media?parent=9516"}],"wp:term":[{"taxonomy":"category","embeddable":true,"href":"https:\/\/opinionpublica.com.ar\/index\/wp-json\/wp\/v2\/categories?post=9516"},{"taxonomy":"post_tag","embeddable":true,"href":"https:\/\/opinionpublica.com.ar\/index\/wp-json\/wp\/v2\/tags?post=9516"}],"curies":[{"name":"wp","href":"https:\/\/api.w.org\/{rel}","templated":true}]}}