{"id":9534,"date":"2025-04-30T10:41:06","date_gmt":"2025-04-30T13:41:06","guid":{"rendered":"https:\/\/opinionpublica.com.ar\/index\/?p=9534"},"modified":"2025-04-30T10:41:06","modified_gmt":"2025-04-30T13:41:06","slug":"el-gobierno-fortalece-relaciones-con-eeuu-alvin-holsey-ira-a-ushuaia-y-crece-la-idea-de-una-base-naval-integrada","status":"publish","type":"post","link":"https:\/\/opinionpublica.com.ar\/index\/el-gobierno-fortalece-relaciones-con-eeuu-alvin-holsey-ira-a-ushuaia-y-crece-la-idea-de-una-base-naval-integrada\/","title":{"rendered":"El Gobierno fortalece relaciones con EEUU: Alvin Holsey ir\u00e1 a Ushuaia y crece la idea de una Base Naval Integrada"},"content":{"rendered":"<header class=\"article-header-wrapper\">\n<div class=\"article-header\">\n<p id=\"el-gobierno-fortalece-relaciones-con-eeuu:-alvin-holsey-ira-a-ushuaia-y-crece-la-idea-de-una-base-naval-integrada\" class=\"display-block article-headline text_align_left\"><strong>El Gobierno fortalece relaciones con EEUU: Alvin Holsey ir\u00e1 a Ushuaia y crece la idea de una Base Naval Integrada<\/strong><\/p>\n<p class=\"article-subheadline text_align_left\">El jefe del Comando Sur norteamericano visitar\u00e1 las instalaciones militares en Tierra del Fuego. El proyecto que pudo haber quedado en manos de China, pero que la actual administraci\u00f3n busca que se realice con el apoyo de Washington.<\/p>\n<div class=\"display_flex align_items_center flex_row byline\">\n<div class=\"display_flex byline-image-ctn\">\n<div class=\"author-image-header\">\n<div class=\"\"><picture><source srcset=\"https:\/\/www.infobae.com\/resizer\/v2\/https%3A%2F%2Fauthor-service-images-prod-us-east-1.publishing.aws.arc.pub%2Finfobae%2Ffa8a2741-e96d-4eb8-8a64-2969cbbf18fa.jpg?auth=f4afb89ff74d1d95f0aa017f570bd2f2445367d722b87795acc3ccf67bfbf334&amp;smart=true&amp;width=40&amp;height=40&amp;quality=85\" media=\"(min-width: 80px)\" \/><img decoding=\"async\" class=\"global-image byline-author-image\" src=\"https:\/\/www.infobae.com\/resizer\/v2\/https%3A%2F%2Fauthor-service-images-prod-us-east-1.publishing.aws.arc.pub%2Finfobae%2Ffa8a2741-e96d-4eb8-8a64-2969cbbf18fa.jpg?auth=f4afb89ff74d1d95f0aa017f570bd2f2445367d722b87795acc3ccf67bfbf334&amp;smart=true&amp;width=40&amp;height=40&amp;quality=85\" alt=\"Federico Galligani\" width=\"1\" height=\"1\" \/><\/picture><button class=\"sharemenu-buttons display_flex\" aria-label=\"Compartir en Telegram\"><\/button><button class=\"sharemenu-buttons display_flex\" aria-label=\"Compartir en Linkedin\"><\/button><button class=\"sharemenu-buttons display_flex\" aria-label=\"Compartir en Twitter\"><\/button><button class=\"sharemenu-buttons display_flex\" aria-label=\"Compartir en Whatsapp\"><\/button><button class=\"sharemenu-buttons display_flex\" aria-label=\"Compartir en Facebook\"><\/button><\/div>\n<\/div>\n<\/div>\n<\/div>\n<\/div>\n<\/header>\n<article class=\"article\">\n<div class=\"body-article \">\n<div class=\"visual__image\"><a href=\"https:\/\/opinionpublica.com.ar\/index\/wp-content\/uploads\/2025\/04\/6811113b06b78-holsey-milei.jpeg\"><img fetchpriority=\"high\" decoding=\"async\" class=\"alignnone size-full wp-image-9535\" src=\"https:\/\/opinionpublica.com.ar\/index\/wp-content\/uploads\/2025\/04\/6811113b06b78-holsey-milei.jpeg\" alt=\"\" width=\"1200\" height=\"525\" srcset=\"https:\/\/opinionpublica.com.ar\/index\/wp-content\/uploads\/2025\/04\/6811113b06b78-holsey-milei.jpeg 1200w, https:\/\/opinionpublica.com.ar\/index\/wp-content\/uploads\/2025\/04\/6811113b06b78-holsey-milei-300x131.jpeg 300w, https:\/\/opinionpublica.com.ar\/index\/wp-content\/uploads\/2025\/04\/6811113b06b78-holsey-milei-1024x448.jpeg 1024w, https:\/\/opinionpublica.com.ar\/index\/wp-content\/uploads\/2025\/04\/6811113b06b78-holsey-milei-768x336.jpeg 768w\" sizes=\"(max-width: 1200px) 100vw, 1200px\" \/><\/a><\/div>\n<p class=\"paragraph\" data-mrf-recirculation=\"Links inline\">Hace casi exactamente un a\u00f1o, el presidente\u00a0<b>Javier Milei\u00a0<\/b>se traslad\u00f3 hasta Ushuaia para encabezar un acto junto a la entonces jefa del Comando Sur de los Estados Unidos,<b>\u00a0Laura Richardson<\/b>, y anunciar \u201cel desarrollo de una Base Naval Integrada\u201d en esta ciudad que convertir\u00eda a ambos pa\u00edses \u201cen la puerta de entrada\u201d a la Ant\u00e1rtida.<\/p>\n<p class=\"paragraph\" data-mrf-recirculation=\"Links inline\">Este mi\u00e9rcoles, el sucesor de la militar norteamericana, el Almirante de la Marina\u00a0<b>Alvin Holsey<\/b>, viajar\u00e1 a la capital de Tierra del Fuego para interiorizarse sobre la actividad en unos de los puntos m\u00e1s australes del planeta y continuar con las conversaciones sobre el proyecto que se ide\u00f3 hace a\u00f1os y que por momentos pudo haber quedado en manos de China o de Rusia.<\/p>\n<div class=\"inline ad-wrapper\">\n<div class=\"dfpAd ad-inline\">\n<div id=\"infobae\/politica\/nota\/inline\" class=\"infobae\/politica\/nota\/inline arcad\" data-google-query-id=\"CNa12qXu_4wDFZ1U3QId9HE6cg\">\n<div id=\"google_ads_iframe_\/1058609\/infobae\/politica\/nota\/inline_0__container__\"><\/div>\n<\/div>\n<\/div>\n<\/div>\n<p class=\"paragraph\" data-mrf-recirculation=\"Links inline\">En el 2024, el propio mandatario nacional explic\u00f3 que se trata de \u201cun gran centro log\u00edstico que constituir\u00e1 el puerto de desarrollo m\u00e1s cercano al continente blanco\u201d, lo que no solo \u201cpermitir\u00e1 desarrollar la econom\u00eda local\u201d, sino tambi\u00e9n \u201cbrindar un servicio log\u00edstico que permita las reparaciones y apoyo a los cruceros y buques comerciales que operen en el Atl\u00e1ntico Sur\u201d.<\/p>\n<p class=\"paragraph\" data-mrf-recirculation=\"Links inline\">\u201cBrindar\u00e1 apoyo log\u00edstico real al desarrollo cient\u00edfico y los diversos programas ant\u00e1rticos internacionales; permitir\u00e1 que nav\u00edos argentinos y del mundo puedan acceder en Ushuaia a reparaciones, reabastecimientos u otros servicios que necesitan, antes de dar el \u00faltimo paso a su traves\u00eda\u201d, detall\u00f3.<\/p>\n<div class=\"visual__image\"><a href=\"https:\/\/opinionpublica.com.ar\/index\/wp-content\/uploads\/2024\/04\/milei-richardson-2.jpg\"><img decoding=\"async\" class=\"alignnone size-full wp-image-1520\" src=\"https:\/\/opinionpublica.com.ar\/index\/wp-content\/uploads\/2024\/04\/milei-richardson-2.jpg\" alt=\"\" width=\"570\" height=\"440\" srcset=\"https:\/\/opinionpublica.com.ar\/index\/wp-content\/uploads\/2024\/04\/milei-richardson-2.jpg 570w, https:\/\/opinionpublica.com.ar\/index\/wp-content\/uploads\/2024\/04\/milei-richardson-2-300x232.jpg 300w\" sizes=\"(max-width: 570px) 100vw, 570px\" \/><\/a><\/div>\n<div class=\"inline_2_DSK ad-wrapper ad-desktop\">\n<div class=\"dfpAd ad-inline\">\n<div id=\"infobae\/politica\/nota\/inline_2_DSK\" class=\"infobae\/politica\/nota\/inline_2_DSK arcad\" data-google-query-id=\"CPvhrKzu_4wDFddK3QIdmTc2xg\">\n<div id=\"google_ads_iframe_\/1058609\/infobae\/politica\/nota\/inline_2_DSK_0__container__\"><\/div>\n<\/div>\n<\/div>\n<\/div>\n<p class=\"paragraph\" data-mrf-recirculation=\"Links inline\">Las obras de esta Base Naval Integrada se iniciaron a principios del a\u00f1o 2022, cuando\u00a0<b>Jorge Taiana<\/b>, que era el ministro de Defensa, encarg\u00f3 al astillero Tandanor la planificaci\u00f3n y el comienzo de los trabajos.<\/p>\n<p class=\"paragraph\" data-mrf-recirculation=\"Links inline\">Para ese momento, se especulaba con la posibilidad de que la administraci\u00f3n de\u00a0<b>Alberto Fern\u00e1ndez<\/b>\u00a0pudiera llegar a un acuerdo con China o con Rusia para la financiaci\u00f3n y manejo del lugar.<\/p>\n<p class=\"paragraph\" data-mrf-recirculation=\"Links inline\">Sin embargo, con el cambio de gobierno y la llegada de los libertarios a la Casa Rosada, Milei mostr\u00f3 p\u00fablicamente sus deseos de que el proyecto se lleve adelante con la cooperaci\u00f3n de Washington.<\/p>\n<p class=\"paragraph\" data-mrf-recirculation=\"Links inline\">\u201cEstamos comprometidos a trabajar estrechamente con Argentina para que nuestros esfuerzos colaborativos de seguridad beneficien a nuestros ciudadanos, nuestros pa\u00edses y nuestro hemisferio de manera duradera y positiva. Estoy feliz de volver a Argentina y aprender m\u00e1s sobre este hermoso pa\u00eds\u201d, expres\u00f3 Richardson el a\u00f1o pasado.<\/p>\n<p class=\"paragraph\" data-mrf-recirculation=\"Links inline\">En esta oportunidad, la Embajada de los Estados Unidos se limit\u00f3 a informar que el viaje a Tierra del Fuego de Holsey tiene como objetivo posibilitar reuniones \u201ccon personal militar local para\u00a0<b>interiorizarse sobre sus misiones y el papel clave que desempe\u00f1an en la protecci\u00f3n de las rutas mar\u00edtimas vitales para el comercio global<\/b>\u201d.<\/p>\n<div class=\"visual__image\">El Presidente Javier Milei recibi\u00f3 en Casa Rosada al jefe del Comando Sur de los Estados Unidos, Almirante Alvin Holsey y a su comitiva. Del encuentro tambi\u00e9n particip\u00f3 el ministro de Defensa, Luis Petri<\/div>\n<p class=\"paragraph\" data-mrf-recirculation=\"Links inline\">El jefe del Comando Sur partir\u00e1 este mi\u00e9rcoles a las 8:30 desde Buenos Aires y llegar\u00e1 cerca de las 12:00 a la Base Naval de Ushuaia, donde ser\u00e1 recibido con un cord\u00f3n de honor por las autoridades castrenses locales.<\/p>\n<p class=\"paragraph\" data-mrf-recirculation=\"Links inline\">Posteriormente, el norteamericano recorrer\u00e1 diferentes instalaciones de la Armada que operan para el \u00c1rea Naval Austral, la cual cumple tareas relacionadas con la b\u00fasqueda y rescate de barcos en emergencia, el control del mar y sus recursos, y el tr\u00e1fico en el Canal de Beagle.<\/p>\n<p class=\"paragraph\" data-mrf-recirculation=\"Links inline\">Todav\u00eda no estaban confirmados los funcionarios argentinos que participar\u00e1n de esta actividad,\u00a0<b>pero no estar\u00eda esta vez el Presidente, que para ese d\u00eda tiene prevista una intensa agenda<\/b>\u00a0que incluye dar un discurso en la Expo EFI (Econom\u00eda-Finanzas-Inversiones) y acompa\u00f1ar a su vocero\u00a0<b>Manuel Adorni\u00a0<\/b>por una recorrida de campa\u00f1a en el barrio porte\u00f1o de Villa Lugano.<\/p>\n<p class=\"paragraph\" data-mrf-recirculation=\"Links inline\">El mandatario nacional recibi\u00f3 a Holsey en la Casa Rosada el martes por la ma\u00f1ana, junto a la delegaci\u00f3n estadounidense que lo acompa\u00f1a desde su llegada al pa\u00eds y el ministro de Defensa argentino,\u00a0<b>Luis Petri<\/b>, con quien el militar se hab\u00eda reunido a solas minutos antes.<\/p>\n<div class=\"visual__image\"><\/div>\n<p class=\"paragraph\" data-mrf-recirculation=\"Links inline\">\u201cEstamos atravesando una etapa de gran sinton\u00eda y entendimiento con Estados Unidos, con una agenda com\u00fan que incluye seguridad, econom\u00eda, defensa y lucha contra el terrorismo. Esta visita es trascendental y ratifica el camino que venimos recorriendo juntos\u201d, destac\u00f3 Petri.<\/p>\n<p class=\"paragraph\" data-mrf-recirculation=\"Links inline\">A trav\u00e9s de un mensaje que public\u00f3 en su cuenta de X, el funcionario revel\u00f3 que ambos conversaron \u201csobre la continuidad del trabajo conjunto y los avances desde la bilateral de diciembre de 2024, con el objetivo de profundizar la cooperaci\u00f3n militar y consolidar a la Argentina como un socio confiable y estrat\u00e9gico en la promoci\u00f3n de la democracia, la estabilidad y el desarrollo regional\u201d.<\/p>\n<p class=\"paragraph\" data-mrf-recirculation=\"Links inline\">Por su parte, en su visita a Ushuaia, el jefe del Comando Sur estar\u00e1 acompa\u00f1ado por\u00a0<b>Abigail Dressel<\/b>, encargada de negocios y actual responsable de la sede diplom\u00e1tica estadounidense en Argentina, y el Mayor General<b>\u00a0Julian Cheater<\/b>, director de Estrategia, Pol\u00edticas y Planes.<\/p>\n<div class=\"undefined ad-wrapper\">\n<div class=\"dfpAd \">\n<div id=\"infobae\/politica\/nota\/undefined\" class=\"infobae\/politica\/nota\/undefined arcad\"><\/div>\n<\/div>\n<\/div>\n<p class=\"paragraph\" data-mrf-recirculation=\"Links inline\">Una vez que finalice esta actividad, Holsey y su comitiva volar\u00e1n de regreso a Buenos Aires y descansar\u00e1n en un hotel del centro porte\u00f1o para por la ma\u00f1ana de d\u00eda siguiente despegar con rumbo a Miami, dando por cerrada as\u00ed la visita oficial del enviado de la Casa Blanca.<\/p>\n<\/div>\n<\/article>\n","protected":false},"excerpt":{"rendered":"<p>El Gobierno fortalece relaciones con EEUU: Alvin Holsey ir\u00e1 a Ushuaia y crece la idea de una Base<\/p>\n","protected":false},"author":8,"featured_media":1520,"comment_status":"open","ping_status":"open","sticky":false,"template":"","format":"standard","meta":{"footnotes":""},"categories":[2,21],"tags":[3443,3444,3435,539,112,692,5,6],"class_list":["post-9534","post","type-post","status-publish","format-standard","has-post-thumbnail","hentry","category-tierra-del-fuego","category-ushuaia","tag-alvin-holsey","tag-base-naval-integrada","tag-comando-sur","tag-estados-unidos","tag-gobierno","tag-javier-milei","tag-tierra-del-fuego","tag-ushuaia"],"featured_image_urls":{"full":["https:\/\/opinionpublica.com.ar\/index\/wp-content\/uploads\/2024\/04\/milei-richardson-2.jpg",570,440,false],"thumbnail":["https:\/\/opinionpublica.com.ar\/index\/wp-content\/uploads\/2024\/04\/milei-richardson-2-150x150.jpg",150,150,true],"medium":["https:\/\/opinionpublica.com.ar\/index\/wp-content\/uploads\/2024\/04\/milei-richardson-2-300x232.jpg",300,232,true],"medium_large":["https:\/\/opinionpublica.com.ar\/index\/wp-content\/uploads\/2024\/04\/milei-richardson-2.jpg",570,440,false],"large":["https:\/\/opinionpublica.com.ar\/index\/wp-content\/uploads\/2024\/04\/milei-richardson-2.jpg",570,440,false],"1536x1536":["https:\/\/opinionpublica.com.ar\/index\/wp-content\/uploads\/2024\/04\/milei-richardson-2.jpg",570,440,false],"2048x2048":["https:\/\/opinionpublica.com.ar\/index\/wp-content\/uploads\/2024\/04\/milei-richardson-2.jpg",570,440,false],"morenews-large":["https:\/\/opinionpublica.com.ar\/index\/wp-content\/uploads\/2024\/04\/milei-richardson-2.jpg",570,440,false],"morenews-medium":["https:\/\/opinionpublica.com.ar\/index\/wp-content\/uploads\/2024\/04\/milei-richardson-2-570x410.jpg",570,410,true]},"author_info":{"display_name":"RKing","author_link":"https:\/\/opinionpublica.com.ar\/index\/author\/rking\/"},"category_info":"<a href=\"https:\/\/opinionpublica.com.ar\/index\/category\/tierra-del-fuego\/\" rel=\"category tag\">Tierra del Fuego<\/a> <a href=\"https:\/\/opinionpublica.com.ar\/index\/category\/ushuaia\/\" rel=\"category tag\">Ushuaia<\/a>","tag_info":"Ushuaia","comment_count":"0","_links":{"self":[{"href":"https:\/\/opinionpublica.com.ar\/index\/wp-json\/wp\/v2\/posts\/9534","targetHints":{"allow":["GET"]}}],"collection":[{"href":"https:\/\/opinionpublica.com.ar\/index\/wp-json\/wp\/v2\/posts"}],"about":[{"href":"https:\/\/opinionpublica.com.ar\/index\/wp-json\/wp\/v2\/types\/post"}],"author":[{"embeddable":true,"href":"https:\/\/opinionpublica.com.ar\/index\/wp-json\/wp\/v2\/users\/8"}],"replies":[{"embeddable":true,"href":"https:\/\/opinionpublica.com.ar\/index\/wp-json\/wp\/v2\/comments?post=9534"}],"version-history":[{"count":1,"href":"https:\/\/opinionpublica.com.ar\/index\/wp-json\/wp\/v2\/posts\/9534\/revisions"}],"predecessor-version":[{"id":9537,"href":"https:\/\/opinionpublica.com.ar\/index\/wp-json\/wp\/v2\/posts\/9534\/revisions\/9537"}],"wp:featuredmedia":[{"embeddable":true,"href":"https:\/\/opinionpublica.com.ar\/index\/wp-json\/wp\/v2\/media\/1520"}],"wp:attachment":[{"href":"https:\/\/opinionpublica.com.ar\/index\/wp-json\/wp\/v2\/media?parent=9534"}],"wp:term":[{"taxonomy":"category","embeddable":true,"href":"https:\/\/opinionpublica.com.ar\/index\/wp-json\/wp\/v2\/categories?post=9534"},{"taxonomy":"post_tag","embeddable":true,"href":"https:\/\/opinionpublica.com.ar\/index\/wp-json\/wp\/v2\/tags?post=9534"}],"curies":[{"name":"wp","href":"https:\/\/api.w.org\/{rel}","templated":true}]}}