{"id":9554,"date":"2025-04-30T11:49:45","date_gmt":"2025-04-30T14:49:45","guid":{"rendered":"https:\/\/opinionpublica.com.ar\/index\/?p=9554"},"modified":"2025-04-30T11:49:45","modified_gmt":"2025-04-30T14:49:45","slug":"la-base-conjunta-en-ushuaia-va-en-serio-para-el-pentagono-de-estados-unidos","status":"publish","type":"post","link":"https:\/\/opinionpublica.com.ar\/index\/la-base-conjunta-en-ushuaia-va-en-serio-para-el-pentagono-de-estados-unidos\/","title":{"rendered":"La base conjunta en Ushuaia va en serio para el Pent\u00e1gono de Estados Unidos"},"content":{"rendered":"<div class=\"bs-header\">\n<p class=\"title\" title=\"\u201cLa base conjunta en Ushuaia va en serio para el Pent\u00e1gono de Estados Unidos\u201d\"><strong>La base conjunta en Ushuaia va en serio para el Pent\u00e1gono de Estados Unidos<\/strong><\/p>\n<\/div>\n<article class=\"small single\">El\u00a0<strong>doctor en<\/strong>\u00a0<strong>Ciencias Sociales (UBA)<\/strong>\u00a0y\u00a0<strong>mag\u00edster en Estudios Internacionales<\/strong>\u00a0(Universidad Torcuato Di Tella)\u00a0<strong>Luciano Anzelini<\/strong>\u00a0consider\u00f3 que la presencia del\u00a0jefe del Comando Sur de\u00a0<strong>EEUU<\/strong>, Alvin Holsey en\u00a0<strong>Ushuaia<\/strong>\u00a0ratifica que el proyecto de esa base conjunta\u00a0<strong>\u00abva en serio\u00bb<\/strong>\u00a0para el\u00a0<strong>Pent\u00e1gono.<\/strong><\/p>\n<p><a href=\"https:\/\/opinionpublica.com.ar\/index\/wp-content\/uploads\/2024\/04\/base-naval-ushuaia-2.avif\"><img fetchpriority=\"high\" decoding=\"async\" class=\"alignnone size-full wp-image-2196\" src=\"https:\/\/opinionpublica.com.ar\/index\/wp-content\/uploads\/2024\/04\/base-naval-ushuaia-2.avif\" alt=\"\" width=\"1440\" height=\"1018\" \/><\/a><\/p>\n<p>\u00abSi uno presta atenci\u00f3n a los documentos elaborados por el<strong>\u00a0Pent\u00e1gono<\/strong>\u00a0y la<strong>\u00a0inteligencia estadounidense<\/strong>\u00a0en los \u00faltimos\u00a0<strong>cuatro<\/strong>\u00a0o\u00a0<strong>cinco a\u00f1os<\/strong>\u00a0puede ver que aparece, como nunca antes, un peso significativo de regiones que antes no estaban en el radar, como el\u00a0<strong>\u00c1rtico<\/strong>\u00a0o la\u00a0<strong>Ant\u00e1rtida\u00bb,<\/strong>\u00a0se\u00f1al\u00f3 el experto.<\/p>\n<p><strong>Anzelini<\/strong>\u00a0enfatiz\u00f3 que, a partir de esos documentos, puede verse c\u00f3mo \u00abel<strong>\u00a0Atl\u00e1ntico sur,<\/strong>\u00a0la\u00a0<strong>proyecci\u00f3n ant\u00e1rtica<\/strong>\u00a0y el car\u00e1cter bioce\u00e1nico de la regi\u00f3n\u00a0juegan un papel cada vez m\u00e1s relevante\u00bb, sobre todo en el marco de\u00a0<strong>\u00abla disputa global con China\u00bb.<\/strong>\u00a0De hecho, la penetraci\u00f3n del gigante asi\u00e1tico en el\u00a0<strong>Cono Sur<\/strong>\u00a0es vista con especial preocupaci\u00f3n en<strong>\u00a0Washington,<\/strong>\u00a0ilustr\u00f3 el acad\u00e9mico.<\/p>\n<p><a href=\"https:\/\/opinionpublica.com.ar\/index\/wp-content\/uploads\/2024\/04\/base-naval-ushuaia-1.avif\"><img decoding=\"async\" class=\"alignnone size-full wp-image-2195\" src=\"https:\/\/opinionpublica.com.ar\/index\/wp-content\/uploads\/2024\/04\/base-naval-ushuaia-1.avif\" alt=\"\" width=\"1440\" height=\"807\" \/><\/a><\/p>\n<p>Para\u00a0<strong>Anzelini,<\/strong>\u00a0el mayor problema es que la importancia geopol\u00edtica del\u00a0<strong>Atl\u00e1ntico sur<\/strong>\u00a0no sea vista con la misma seriedad en la naci\u00f3n sudamericana. \u00abLa importancia que tiene la zona para\u00a0<strong>EE.UU<\/strong>\u00a0impone una l\u00f3gica al\u00a0<strong>Gobierno argentino<\/strong>, que se subordina a esta agenda por sus necesidades\u00a0<strong>econ\u00f3micas\u00bb<\/strong>, remarc\u00f3.<\/p>\n<\/article>\n","protected":false},"excerpt":{"rendered":"<p>La base conjunta en Ushuaia va en serio para el Pent\u00e1gono de Estados Unidos El\u00a0doctor en\u00a0Ciencias Sociales (UBA)\u00a0y\u00a0mag\u00edster<\/p>\n","protected":false},"author":8,"featured_media":1583,"comment_status":"open","ping_status":"open","sticky":false,"template":"","format":"standard","meta":{"footnotes":""},"categories":[3,2],"tags":[3444,539,3451],"class_list":["post-9554","post","type-post","status-publish","format-standard","has-post-thumbnail","hentry","category-nacionales","category-tierra-del-fuego","tag-base-naval-integrada","tag-estados-unidos","tag-pentagono"],"featured_image_urls":{"full":["https:\/\/opinionpublica.com.ar\/index\/wp-content\/uploads\/2024\/04\/base-naval-de-ushuaia-tierra-del-fuego-patagonia-argentina-e1746543355149.jpg",1300,862,false],"thumbnail":["https:\/\/opinionpublica.com.ar\/index\/wp-content\/uploads\/2024\/04\/base-naval-de-ushuaia-tierra-del-fuego-patagonia-argentina-e1746543355149-150x150.jpg",150,150,true],"medium":["https:\/\/opinionpublica.com.ar\/index\/wp-content\/uploads\/2024\/04\/base-naval-de-ushuaia-tierra-del-fuego-patagonia-argentina-e1746543355149-300x199.jpg",300,199,true],"medium_large":["https:\/\/opinionpublica.com.ar\/index\/wp-content\/uploads\/2024\/04\/base-naval-de-ushuaia-tierra-del-fuego-patagonia-argentina-e1746543355149-768x509.jpg",640,424,true],"large":["https:\/\/opinionpublica.com.ar\/index\/wp-content\/uploads\/2024\/04\/base-naval-de-ushuaia-tierra-del-fuego-patagonia-argentina-e1746543355149-1024x679.jpg",640,424,true],"1536x1536":["https:\/\/opinionpublica.com.ar\/index\/wp-content\/uploads\/2024\/04\/base-naval-de-ushuaia-tierra-del-fuego-patagonia-argentina-e1746543355149.jpg",1300,862,false],"2048x2048":["https:\/\/opinionpublica.com.ar\/index\/wp-content\/uploads\/2024\/04\/base-naval-de-ushuaia-tierra-del-fuego-patagonia-argentina-e1746543355149.jpg",1300,862,false],"morenews-large":["https:\/\/opinionpublica.com.ar\/index\/wp-content\/uploads\/2024\/04\/base-naval-de-ushuaia-tierra-del-fuego-patagonia-argentina-e1746543355149-825x575.jpg",825,575,true],"morenews-medium":["https:\/\/opinionpublica.com.ar\/index\/wp-content\/uploads\/2024\/04\/base-naval-de-ushuaia-tierra-del-fuego-patagonia-argentina-e1746543355149-590x410.jpg",590,410,true]},"author_info":{"display_name":"RKing","author_link":"https:\/\/opinionpublica.com.ar\/index\/author\/rking\/"},"category_info":"<a href=\"https:\/\/opinionpublica.com.ar\/index\/category\/nacionales\/\" rel=\"category tag\">Nacionales<\/a> <a href=\"https:\/\/opinionpublica.com.ar\/index\/category\/tierra-del-fuego\/\" rel=\"category tag\">Tierra del Fuego<\/a>","tag_info":"Tierra del Fuego","comment_count":"0","_links":{"self":[{"href":"https:\/\/opinionpublica.com.ar\/index\/wp-json\/wp\/v2\/posts\/9554","targetHints":{"allow":["GET"]}}],"collection":[{"href":"https:\/\/opinionpublica.com.ar\/index\/wp-json\/wp\/v2\/posts"}],"about":[{"href":"https:\/\/opinionpublica.com.ar\/index\/wp-json\/wp\/v2\/types\/post"}],"author":[{"embeddable":true,"href":"https:\/\/opinionpublica.com.ar\/index\/wp-json\/wp\/v2\/users\/8"}],"replies":[{"embeddable":true,"href":"https:\/\/opinionpublica.com.ar\/index\/wp-json\/wp\/v2\/comments?post=9554"}],"version-history":[{"count":1,"href":"https:\/\/opinionpublica.com.ar\/index\/wp-json\/wp\/v2\/posts\/9554\/revisions"}],"predecessor-version":[{"id":9555,"href":"https:\/\/opinionpublica.com.ar\/index\/wp-json\/wp\/v2\/posts\/9554\/revisions\/9555"}],"wp:featuredmedia":[{"embeddable":true,"href":"https:\/\/opinionpublica.com.ar\/index\/wp-json\/wp\/v2\/media\/1583"}],"wp:attachment":[{"href":"https:\/\/opinionpublica.com.ar\/index\/wp-json\/wp\/v2\/media?parent=9554"}],"wp:term":[{"taxonomy":"category","embeddable":true,"href":"https:\/\/opinionpublica.com.ar\/index\/wp-json\/wp\/v2\/categories?post=9554"},{"taxonomy":"post_tag","embeddable":true,"href":"https:\/\/opinionpublica.com.ar\/index\/wp-json\/wp\/v2\/tags?post=9554"}],"curies":[{"name":"wp","href":"https:\/\/api.w.org\/{rel}","templated":true}]}}