{"id":9556,"date":"2025-04-30T12:49:33","date_gmt":"2025-04-30T15:49:33","guid":{"rendered":"https:\/\/opinionpublica.com.ar\/index\/?p=9556"},"modified":"2025-04-30T12:49:33","modified_gmt":"2025-04-30T15:49:33","slug":"el-concejal-nicolas-pelloli-suma-a-su-equipo-politico-a-eduardo-barrientos","status":"publish","type":"post","link":"https:\/\/opinionpublica.com.ar\/index\/el-concejal-nicolas-pelloli-suma-a-su-equipo-politico-a-eduardo-barrientos\/","title":{"rendered":"El concejal Nicol\u00e1s Pelloli suma a su equipo pol\u00edtico a Eduardo Barrientos"},"content":{"rendered":"<p><strong>El concejal Nicol\u00e1s Pelloli suma a su equipo pol\u00edtico a Eduardo Barrientos<\/strong><\/p>\n<div class=\"shareButtons\"><\/div>\n<p>Se conoci\u00f3 por parte del Concejo Deliberante de Ushuaia\u00a0 la designaci\u00f3n de N\u00e9stor Eduardo Barrientos como personal de gabinete del bloque pol\u00edtico que encabeza el concejal justicialista Nicol\u00e1s Pelloli. El mismo\u00a0 qued\u00f3 formalizado mediante el Decreto P.C.D. N\u00ba B\/2025, fechado el 29 de abril y publicado en el Bolet\u00edn Oficial del cuerpo legislativo<a href=\"https:\/\/opinionpublica.com.ar\/index\/wp-content\/uploads\/2025\/04\/20231002225311_lg_1-nestor-eduardo-barrientos.jpg\"><img fetchpriority=\"high\" decoding=\"async\" class=\"alignnone size-full wp-image-9557\" src=\"https:\/\/opinionpublica.com.ar\/index\/wp-content\/uploads\/2025\/04\/20231002225311_lg_1-nestor-eduardo-barrientos.jpg\" alt=\"\" width=\"880\" height=\"586\" srcset=\"https:\/\/opinionpublica.com.ar\/index\/wp-content\/uploads\/2025\/04\/20231002225311_lg_1-nestor-eduardo-barrientos.jpg 880w, https:\/\/opinionpublica.com.ar\/index\/wp-content\/uploads\/2025\/04\/20231002225311_lg_1-nestor-eduardo-barrientos-300x200.jpg 300w, https:\/\/opinionpublica.com.ar\/index\/wp-content\/uploads\/2025\/04\/20231002225311_lg_1-nestor-eduardo-barrientos-768x511.jpg 768w\" sizes=\"(max-width: 880px) 100vw, 880px\" \/><\/a>.<\/p>\n<p>&nbsp;<\/p>\n<p>Esto llama poderosamente la atenci\u00f3n despu\u00e9s de las declaraciones de que el jefe de Gabinete de la Municipalidad de Ushuaia, Sebasti\u00e1n Iriarte, expres\u00f3 su preocupaci\u00f3n por el impacto de la crisis econ\u00f3mica nacional en las finanzas locales.<\/p>\n<p>Iriarte hablo sobre la ciudad donde enfrenta desaf\u00edos econ\u00f3micos significativos, que requiere de estrategias de ahorro y optimizaci\u00f3n de recursos pero por otro lado todos los d\u00edas salen a la luz nuevas contrataciones o ingresos en la estructura sobre dimensionada de la municipalidad en contramano de lo que expresan las autoridades.<\/p>\n<p>&nbsp;<\/p>\n<p>Barrientos, ex legislador provincial y secretario de Gobierno durante la gesti\u00f3n de Walter Vuoto, fue incorporado con categor\u00eda 24 en el escalaf\u00f3n del personal pol\u00edtico del Concejo.<\/p>\n<p>La vuelta de Barrientos al \u00e1mbito institucional ocurre luego del cierre de la causa judicial en su contra, iniciada tras un operativo de control vehicular en Chubut en septiembre de 2023. En aquella oportunidad, hab\u00eda sido demorado por fuerzas de seguridad tras detectarse sustancias sospechosas en su veh\u00edculo.<\/p>\n<p>Sin embargo, la Justicia Federal de Rawson resolvi\u00f3 archivar el expediente al no hallar delito alguno, luego de que los an\u00e1lisis del laboratorio de la Polic\u00eda Federal concluyeran que las sustancias no se encontraban incluidas en el r\u00e9gimen penal de estupefacientes.<\/p>\n","protected":false},"excerpt":{"rendered":"<p>El concejal Nicol\u00e1s Pelloli suma a su equipo pol\u00edtico a Eduardo Barrientos Se conoci\u00f3 por parte del Concejo<\/p>\n","protected":false},"author":8,"featured_media":9557,"comment_status":"open","ping_status":"open","sticky":false,"template":"","format":"standard","meta":{"footnotes":""},"categories":[21],"tags":[1342,3452,3248],"class_list":["post-9556","post","type-post","status-publish","format-standard","has-post-thumbnail","hentry","category-ushuaia","tag-consejo-deliberante","tag-nestor-eduardo-barrientos","tag-nicolas-pelloli"],"featured_image_urls":{"full":["https:\/\/opinionpublica.com.ar\/index\/wp-content\/uploads\/2025\/04\/20231002225311_lg_1-nestor-eduardo-barrientos.jpg",880,586,false],"thumbnail":["https:\/\/opinionpublica.com.ar\/index\/wp-content\/uploads\/2025\/04\/20231002225311_lg_1-nestor-eduardo-barrientos-150x150.jpg",150,150,true],"medium":["https:\/\/opinionpublica.com.ar\/index\/wp-content\/uploads\/2025\/04\/20231002225311_lg_1-nestor-eduardo-barrientos-300x200.jpg",300,200,true],"medium_large":["https:\/\/opinionpublica.com.ar\/index\/wp-content\/uploads\/2025\/04\/20231002225311_lg_1-nestor-eduardo-barrientos-768x511.jpg",640,426,true],"large":["https:\/\/opinionpublica.com.ar\/index\/wp-content\/uploads\/2025\/04\/20231002225311_lg_1-nestor-eduardo-barrientos.jpg",640,426,false],"1536x1536":["https:\/\/opinionpublica.com.ar\/index\/wp-content\/uploads\/2025\/04\/20231002225311_lg_1-nestor-eduardo-barrientos.jpg",880,586,false],"2048x2048":["https:\/\/opinionpublica.com.ar\/index\/wp-content\/uploads\/2025\/04\/20231002225311_lg_1-nestor-eduardo-barrientos.jpg",880,586,false],"morenews-large":["https:\/\/opinionpublica.com.ar\/index\/wp-content\/uploads\/2025\/04\/20231002225311_lg_1-nestor-eduardo-barrientos-825x575.jpg",825,575,true],"morenews-medium":["https:\/\/opinionpublica.com.ar\/index\/wp-content\/uploads\/2025\/04\/20231002225311_lg_1-nestor-eduardo-barrientos-590x410.jpg",590,410,true]},"author_info":{"display_name":"RKing","author_link":"https:\/\/opinionpublica.com.ar\/index\/author\/rking\/"},"category_info":"<a href=\"https:\/\/opinionpublica.com.ar\/index\/category\/ushuaia\/\" rel=\"category tag\">Ushuaia<\/a>","tag_info":"Ushuaia","comment_count":"0","_links":{"self":[{"href":"https:\/\/opinionpublica.com.ar\/index\/wp-json\/wp\/v2\/posts\/9556","targetHints":{"allow":["GET"]}}],"collection":[{"href":"https:\/\/opinionpublica.com.ar\/index\/wp-json\/wp\/v2\/posts"}],"about":[{"href":"https:\/\/opinionpublica.com.ar\/index\/wp-json\/wp\/v2\/types\/post"}],"author":[{"embeddable":true,"href":"https:\/\/opinionpublica.com.ar\/index\/wp-json\/wp\/v2\/users\/8"}],"replies":[{"embeddable":true,"href":"https:\/\/opinionpublica.com.ar\/index\/wp-json\/wp\/v2\/comments?post=9556"}],"version-history":[{"count":1,"href":"https:\/\/opinionpublica.com.ar\/index\/wp-json\/wp\/v2\/posts\/9556\/revisions"}],"predecessor-version":[{"id":9558,"href":"https:\/\/opinionpublica.com.ar\/index\/wp-json\/wp\/v2\/posts\/9556\/revisions\/9558"}],"wp:featuredmedia":[{"embeddable":true,"href":"https:\/\/opinionpublica.com.ar\/index\/wp-json\/wp\/v2\/media\/9557"}],"wp:attachment":[{"href":"https:\/\/opinionpublica.com.ar\/index\/wp-json\/wp\/v2\/media?parent=9556"}],"wp:term":[{"taxonomy":"category","embeddable":true,"href":"https:\/\/opinionpublica.com.ar\/index\/wp-json\/wp\/v2\/categories?post=9556"},{"taxonomy":"post_tag","embeddable":true,"href":"https:\/\/opinionpublica.com.ar\/index\/wp-json\/wp\/v2\/tags?post=9556"}],"curies":[{"name":"wp","href":"https:\/\/api.w.org\/{rel}","templated":true}]}}