{"id":9559,"date":"2025-05-01T12:42:37","date_gmt":"2025-05-01T15:42:37","guid":{"rendered":"https:\/\/opinionpublica.com.ar\/index\/?p=9559"},"modified":"2025-05-01T12:42:37","modified_gmt":"2025-05-01T15:42:37","slug":"inflacion-en-alza-y-record-de-exportaciones-luces-y-sombras-de-la-economia-fueguina","status":"publish","type":"post","link":"https:\/\/opinionpublica.com.ar\/index\/inflacion-en-alza-y-record-de-exportaciones-luces-y-sombras-de-la-economia-fueguina\/","title":{"rendered":"Inflaci\u00f3n en alza y r\u00e9cord de exportaciones: luces y sombras de la econom\u00eda fueguina"},"content":{"rendered":"<header class=\"post-image\">\n<div class=\"fimg-wrapper fimg-cl\">\n<div class=\"featured-image\">\n<div class=\"fimg-inner\">\n<div class=\"vm-wrapper\">\n<div class=\"vm-middle\">\n<p class=\"post-title\"><strong>Inflaci\u00f3n en alza y r\u00e9cord de exportaciones: luces y sombras de la econom\u00eda fueguina<\/strong><\/p>\n<\/div>\n<\/div>\n<\/div>\n<\/div>\n<\/div>\n<\/header>\n<section class=\"post-content\"><em>El Monitor FINNOVA de marzo revel\u00f3 una inflaci\u00f3n en alza en la Patagonia, ca\u00edda del consumo energ\u00e9tico y se\u00f1ales mixtas en el empleo y la producci\u00f3n. Tierra del Fuego alcanz\u00f3 un r\u00e9cord hist\u00f3rico de exportaciones en enero, pero con retrocesos en pesca, hidrocarburos y turismo.<\/em><\/p>\n<p><a href=\"https:\/\/opinionpublica.com.ar\/index\/wp-content\/uploads\/2024\/06\/receta-electronica-1.jpg\"><img fetchpriority=\"high\" decoding=\"async\" class=\"alignnone size-full wp-image-4177\" src=\"https:\/\/opinionpublica.com.ar\/index\/wp-content\/uploads\/2024\/06\/receta-electronica-1.jpg\" alt=\"\" width=\"800\" height=\"436\" srcset=\"https:\/\/opinionpublica.com.ar\/index\/wp-content\/uploads\/2024\/06\/receta-electronica-1.jpg 800w, https:\/\/opinionpublica.com.ar\/index\/wp-content\/uploads\/2024\/06\/receta-electronica-1-300x164.jpg 300w, https:\/\/opinionpublica.com.ar\/index\/wp-content\/uploads\/2024\/06\/receta-electronica-1-768x419.jpg 768w\" sizes=\"(max-width: 800px) 100vw, 800px\" \/><\/a><\/p>\n<p>El nuevo Monitor\u00a0FINNOVA\u00a0revel\u00f3 datos actualizados sobre la situaci\u00f3n econ\u00f3mica, productiva y social de Tierra del Fuego. Durante febrero, la inflaci\u00f3n en la regi\u00f3n patag\u00f3nica fue del 3,2%, aceler\u00e1ndose tras dos meses consecutivos de desaceleraci\u00f3n y superando nuevamente el promedio nacional (2,4%). El incremento estuvo impulsado principalmente por subas en Educaci\u00f3n, Vivienda y Alimentos.<\/p>\n<p>En el plano del consumo, enero mostr\u00f3 una fuerte ca\u00edda mensual en las ventas de supermercados (-22,8%), aunque con un repunte interanual del 12,6%. Entre los rubros con mayores retrocesos mensuales se destacaron Bebidas (-42,9%) y Carnes (-31,6%), mientras que en la comparaci\u00f3n interanual crecieron Indumentaria (+76,6%), Verduler\u00eda (+25,4%) y Panader\u00eda (+16,7%).<\/p>\n<p>El consumo energ\u00e9tico tambi\u00e9n continu\u00f3 en descenso: en diciembre, la demanda el\u00e9ctrica cay\u00f3 6,4% mensual y 8,8% interanual, mientras que la de gas natural baj\u00f3 2,3% mensual y 9,6% interanual. En ese contexto, el valor de ventas por habitante fueguino se ubic\u00f3 como el m\u00e1s alto del pa\u00eds.<\/p>\n<p>El empleo asalariado privado registrado mostr\u00f3 un leve crecimiento mensual en noviembre (+0,3%), marcando el sexto mes consecutivo sin ca\u00eddas, aunque la comparaci\u00f3n interanual muestra una baja del 6,3%. Tierra del Fuego se ubica entre las provincias m\u00e1s afectadas por la p\u00e9rdida de puestos registrados.<\/p>\n<p>En materia productiva, se destacan dos din\u00e1micas contrapuestas: mientras la faena ganadera aument\u00f3 un 27,8% interanual durante 2024, la pesca mar\u00edtima mostr\u00f3 uno de sus peores arranques en d\u00e9cadas, con un acumulado de apenas 1.815 toneladas en el primer bimestre. Tambi\u00e9n continu\u00f3 la baja en la producci\u00f3n de hidrocarburos, con ca\u00eddas interanuales del 18,7% en petr\u00f3leo y 26,9% en gas durante enero.<\/p>\n<p>En cambio, las exportaciones alcanzaron en enero un r\u00e9cord hist\u00f3rico de USD 68,5 millones, con un crecimiento del 5,2% interanual. El sector Combustibles y Energ\u00eda fue nuevamente el principal motor, junto con un repunte en manufacturas. Las importaciones tambi\u00e9n crecieron, con un aumento mensual del 22,5% y del 93,2% interanual, impulsadas por la recuperaci\u00f3n parcial del consumo y la actividad industrial. El d\u00e9ficit comercial provincial cerr\u00f3 2024 con una ca\u00edda del 44,6% respecto al a\u00f1o anterior.<\/p>\n<p>En turismo, las pernoctaciones y la cantidad de viajeros en diciembre continuaron a la baja en la comparaci\u00f3n interanual, consolidando una tendencia descendente iniciada a principios de 2024. La estad\u00eda promedio fue de 2,2 d\u00edas, por debajo del promedio hist\u00f3rico de 2,8. No obstante, el arribo de cruceros en febrero mostr\u00f3 cifras positivas, con aumentos en la cantidad de buques (+1,7% interanual) y pasajeros (+15,1% mensual).<\/p>\n<p>Los patentamientos de autos y motos mostraron un fuerte incremento en enero: +116,8% mensual y +118,9% interanual en autos; +17,1% interanual en motos. Las transferencias de usados tambi\u00e9n crecieron interanualmente.<\/p>\n<p>En el plano fiscal, Tierra del Fuego se ubic\u00f3 entre las provincias con menor ejecuci\u00f3n de transferencias nacionales no autom\u00e1ticas hasta febrero, con apenas un 2,9% del presupuesto ejecutado. Las partidas destinadas a Educaci\u00f3n y Municipios no registraron ejecuci\u00f3n en los primeros dos meses del a\u00f1o. Adem\u00e1s, las regal\u00edas petroleras cayeron un 14,8% interanual en enero, con una tendencia negativa m\u00e1s persistente que en otras provincias patag\u00f3nicas.<\/p>\n<p>En el sistema financiero, los dep\u00f3sitos privados per c\u00e1pita crecieron 17,5% en el \u00faltimo trimestre de 2024, aunque registran una ca\u00edda interanual del 24,4%. En contraste, los dep\u00f3sitos p\u00fablicos mostraron una recuperaci\u00f3n interanual del 32,6%, a pesar de una ca\u00edda en el \u00faltimo trimestre.<\/p>\n<\/section>\n","protected":false},"excerpt":{"rendered":"<p>Inflaci\u00f3n en alza y r\u00e9cord de exportaciones: luces y sombras de la econom\u00eda fueguina El Monitor FINNOVA de<\/p>\n","protected":false},"author":8,"featured_media":869,"comment_status":"open","ping_status":"open","sticky":false,"template":"","format":"standard","meta":{"footnotes":""},"categories":[2],"tags":[12,505,362],"class_list":["post-9559","post","type-post","status-publish","format-standard","has-post-thumbnail","hentry","category-tierra-del-fuego","tag-economia","tag-exportaciones","tag-inflacion"],"featured_image_urls":{"full":["https:\/\/opinionpublica.com.ar\/index\/wp-content\/uploads\/2024\/03\/tierradelfuegoelectro_1.jpg",960,540,false],"thumbnail":["https:\/\/opinionpublica.com.ar\/index\/wp-content\/uploads\/2024\/03\/tierradelfuegoelectro_1-150x150.jpg",150,150,true],"medium":["https:\/\/opinionpublica.com.ar\/index\/wp-content\/uploads\/2024\/03\/tierradelfuegoelectro_1-300x169.jpg",300,169,true],"medium_large":["https:\/\/opinionpublica.com.ar\/index\/wp-content\/uploads\/2024\/03\/tierradelfuegoelectro_1-768x432.jpg",640,360,true],"large":["https:\/\/opinionpublica.com.ar\/index\/wp-content\/uploads\/2024\/03\/tierradelfuegoelectro_1.jpg",640,360,false],"1536x1536":["https:\/\/opinionpublica.com.ar\/index\/wp-content\/uploads\/2024\/03\/tierradelfuegoelectro_1.jpg",960,540,false],"2048x2048":["https:\/\/opinionpublica.com.ar\/index\/wp-content\/uploads\/2024\/03\/tierradelfuegoelectro_1.jpg",960,540,false],"morenews-large":["https:\/\/opinionpublica.com.ar\/index\/wp-content\/uploads\/2024\/03\/tierradelfuegoelectro_1-825x540.jpg",825,540,true],"morenews-medium":["https:\/\/opinionpublica.com.ar\/index\/wp-content\/uploads\/2024\/03\/tierradelfuegoelectro_1-590x410.jpg",590,410,true]},"author_info":{"display_name":"RKing","author_link":"https:\/\/opinionpublica.com.ar\/index\/author\/rking\/"},"category_info":"<a href=\"https:\/\/opinionpublica.com.ar\/index\/category\/tierra-del-fuego\/\" rel=\"category tag\">Tierra del Fuego<\/a>","tag_info":"Tierra del Fuego","comment_count":"0","_links":{"self":[{"href":"https:\/\/opinionpublica.com.ar\/index\/wp-json\/wp\/v2\/posts\/9559","targetHints":{"allow":["GET"]}}],"collection":[{"href":"https:\/\/opinionpublica.com.ar\/index\/wp-json\/wp\/v2\/posts"}],"about":[{"href":"https:\/\/opinionpublica.com.ar\/index\/wp-json\/wp\/v2\/types\/post"}],"author":[{"embeddable":true,"href":"https:\/\/opinionpublica.com.ar\/index\/wp-json\/wp\/v2\/users\/8"}],"replies":[{"embeddable":true,"href":"https:\/\/opinionpublica.com.ar\/index\/wp-json\/wp\/v2\/comments?post=9559"}],"version-history":[{"count":1,"href":"https:\/\/opinionpublica.com.ar\/index\/wp-json\/wp\/v2\/posts\/9559\/revisions"}],"predecessor-version":[{"id":9560,"href":"https:\/\/opinionpublica.com.ar\/index\/wp-json\/wp\/v2\/posts\/9559\/revisions\/9560"}],"wp:featuredmedia":[{"embeddable":true,"href":"https:\/\/opinionpublica.com.ar\/index\/wp-json\/wp\/v2\/media\/869"}],"wp:attachment":[{"href":"https:\/\/opinionpublica.com.ar\/index\/wp-json\/wp\/v2\/media?parent=9559"}],"wp:term":[{"taxonomy":"category","embeddable":true,"href":"https:\/\/opinionpublica.com.ar\/index\/wp-json\/wp\/v2\/categories?post=9559"},{"taxonomy":"post_tag","embeddable":true,"href":"https:\/\/opinionpublica.com.ar\/index\/wp-json\/wp\/v2\/tags?post=9559"}],"curies":[{"name":"wp","href":"https:\/\/api.w.org\/{rel}","templated":true}]}}