{"id":9561,"date":"2025-05-01T12:59:24","date_gmt":"2025-05-01T15:59:24","guid":{"rendered":"https:\/\/opinionpublica.com.ar\/index\/?p=9561"},"modified":"2025-05-01T12:59:24","modified_gmt":"2025-05-01T15:59:24","slug":"tierra-del-fuego-se-despego-de-la-visita-del-jefe-del-comando-sur-de-los-eeuu-a-la-base-naval-de-ushuaia","status":"publish","type":"post","link":"https:\/\/opinionpublica.com.ar\/index\/tierra-del-fuego-se-despego-de-la-visita-del-jefe-del-comando-sur-de-los-eeuu-a-la-base-naval-de-ushuaia\/","title":{"rendered":"Tierra del Fuego se despeg\u00f3 de la visita del jefe del Comando Sur de los EEUU a la base naval de Ushuaia"},"content":{"rendered":"<header class=\"news-headline\">\n<p class=\"news-headline__title\"><strong>Tierra del Fuego se despeg\u00f3 de la visita del jefe del Comando Sur de los EEUU a la base naval de Ushuaia<\/strong><\/p>\n<p class=\"ignore-parser\">El militar Alvin Hosley viaj\u00f3 a la provincia para avanzar en la proyecci\u00f3n estadounidense hacia la Ant\u00e1rtida. El gobernador Gustavo Melella rechaz\u00f3 la injerencia de aliados brit\u00e1nicos en la regi\u00f3n.<\/p>\n<p><a href=\"https:\/\/opinionpublica.com.ar\/index\/wp-content\/uploads\/2025\/05\/gustavo-melella-malvinasjpg.webp\"><img fetchpriority=\"high\" decoding=\"async\" class=\"alignnone size-full wp-image-9562\" src=\"https:\/\/opinionpublica.com.ar\/index\/wp-content\/uploads\/2025\/05\/gustavo-melella-malvinasjpg.webp\" alt=\"\" width=\"655\" height=\"368\" srcset=\"https:\/\/opinionpublica.com.ar\/index\/wp-content\/uploads\/2025\/05\/gustavo-melella-malvinasjpg.webp 655w, https:\/\/opinionpublica.com.ar\/index\/wp-content\/uploads\/2025\/05\/gustavo-melella-malvinasjpg-300x169.webp 300w\" sizes=\"(max-width: 655px) 100vw, 655px\" \/><\/a><\/p>\n<\/header>\n<article class=\"article-body article-body--first-paragraph content-protected-false\" data-td-script-src=\"https:\/\/www.ambito.com\/td\/modulos\/encuestas\/js\/function-embeds-min-version-1745294903.js\">El gobernador de Tierra del Fuego, Ant\u00e1rtida e Islas del Atl\u00e1ntico Sur,\u00a0<strong>Gustavo Melella<\/strong>,\u00a0sali\u00f3 este mi\u00e9rcoles a despegarse de la visita del jefe del Comando Sur de los EEUU,\u00a0el almirante\u00a0<strong>Alvin Hosley<\/strong>, a Ushuaia y aclar\u00f3:\u00a0<strong>\u00abNo acompa\u00f1amos ni acompa\u00f1aremos la instalaci\u00f3n de bases militares ni radares que puedan ser funcionales a intereses brit\u00e1nicos en el Atl\u00e1ntico Sur\u00bb.<\/strong><\/p>\n<\/article>\n<div class=\"banner banner--free-banner\">\n<div class=\"banner__content-wrapper\">\n<div id=\"ad-slot-outstream\" class=\"ad-slot-outstream ad-slot\" data-lazyload=\"1\" data-adtype=\"outstream\" data-google-query-id=\"COCY2aPOgo0DFUJV3QIdvTAu1Q\">\n<div id=\"google_ads_iframe_\/78858960\/Ambito\/Not-outstream_0__container__\"><\/div>\n<\/div>\n<\/div>\n<\/div>\n<article class=\"article-body article-body--second-paragraph content-protected-false\">Luego de su paso por Buenos Aires, donde mantuvo un encuentro con el presidente<strong>\u00a0Javier Milei<\/strong>\u00a0y con el ministro de Defensa,\u00a0<strong>Luis Petri<\/strong>, entre otros funcionarios<strong>, Hosley parti\u00f3 a territorio fueguino para visitar la base naval de la capital provincial con el objetivo de avanzar en la proyecci\u00f3n de Washington hacia la Ant\u00e1rtida.<\/strong><\/p>\n<\/article>\n<div class=\"banner banner--free-banner\">\n<div class=\"banner__content-wrapper\">\n<div id=\"394c8479-8534-4988-9fef-2cb91839b0ef\"><a href=\"https:\/\/opinionpublica.com.ar\/index\/wp-content\/uploads\/2025\/05\/gp0dw44xcaaylsxjfif-aldo-Hosley-ushuaia.webp\"><img decoding=\"async\" class=\"alignnone size-full wp-image-9563\" src=\"https:\/\/opinionpublica.com.ar\/index\/wp-content\/uploads\/2025\/05\/gp0dw44xcaaylsxjfif-aldo-Hosley-ushuaia.webp\" alt=\"\" width=\"730\" height=\"487\" srcset=\"https:\/\/opinionpublica.com.ar\/index\/wp-content\/uploads\/2025\/05\/gp0dw44xcaaylsxjfif-aldo-Hosley-ushuaia.webp 730w, https:\/\/opinionpublica.com.ar\/index\/wp-content\/uploads\/2025\/05\/gp0dw44xcaaylsxjfif-aldo-Hosley-ushuaia-300x200.webp 300w\" sizes=\"(max-width: 730px) 100vw, 730px\" \/><\/a><\/div>\n<\/div>\n<\/div>\n<article class=\"article-body article-body--third-paragraph content-protected-false\">Holsey viaj\u00f3 al sur del pa\u00eds junto a la Encargada de Negocios\u00a0<strong>Abigail L. Dressel<\/strong>\u00a0para reunirse con las autoridades del\u00a0<strong>Comando del \u00c1rea Naval Sur de la Armada Argentina<\/strong>\u00a0y observar \u00abel papel crucial que desempe\u00f1an en la protecci\u00f3n de las rutas mar\u00edtimas vitales para el comercio global\u00bb.<\/p>\n<\/article>\n<article class=\"article-body article-body--fourth-paragraph content-protected-false\"><strong>Gustavo Melella se despeg\u00f3 de la visita del jefe del Comando Sur de los EEUU<\/strong><\/p>\n<p>Ante este escenario, Melella cont\u00f3 en sus redes sociales que no recibi\u00f3 ning\u00fan pedido formal de audiencia.\u00a0<strong>\u00abNo acompa\u00f1amos ni acompa\u00f1aremos la instalaci\u00f3n de bases militares ni radares que puedan ser funcionales a intereses brit\u00e1nicos en el Atl\u00e1ntico Sur\u00bb,\u00a0<\/strong>detall\u00f3 el sure\u00f1o.<\/p>\n<\/article>\n<article class=\"article-body article-body--remaining-paragraph content-protected-false\">Posteriormente, en otro tuit, el mandatario de Uni\u00f3n por la Patria (UP) asegur\u00f3 que siguen esperando explicaciones por los \u00abejercicios conjuntos con Reino Unido en 2021 y por los dichos sobre nuestros recursos naturales\u00bb.<\/p>\n<p>Sobre este aspecto, record\u00f3 que incluso \u00ab<strong>introdujeron un submarino nuclear en nuestras aguas, como as\u00ed tambi\u00e9n una retractaci\u00f3n respecto a la afirmaci\u00f3n de la General Richardson cuando sostuvo que los recursos naturales sudamericanos pertenecen a los Estados Unidos \u00ab.<\/strong><\/p>\n<p>\u00abDefender la soberan\u00eda no es un eslogan. Es una responsabilidad y no vamos a claudicar\u00bb, plante\u00f3 el gobernador.<\/p>\n<p>Por otra parte, el mandam\u00e1s se refiri\u00f3 al proyecto de base naval integrada con los EEUU:<strong>\u00a0\u201cTierra del Fuego es una zona de paz y no necesitamos bases militares extranjeras, que adem\u00e1s incumplir\u00edan Resoluciones de las Naciones Unidas que hoy citamos en nuestra cruzada por Malvinas\u201d.<\/strong><\/p>\n<p><a href=\"https:\/\/opinionpublica.com.ar\/index\/wp-content\/uploads\/2025\/04\/6811113b06b78-holsey-milei.jpeg\"><img decoding=\"async\" class=\"alignnone size-full wp-image-9535\" src=\"https:\/\/opinionpublica.com.ar\/index\/wp-content\/uploads\/2025\/04\/6811113b06b78-holsey-milei.jpeg\" alt=\"\" width=\"1200\" height=\"525\" srcset=\"https:\/\/opinionpublica.com.ar\/index\/wp-content\/uploads\/2025\/04\/6811113b06b78-holsey-milei.jpeg 1200w, https:\/\/opinionpublica.com.ar\/index\/wp-content\/uploads\/2025\/04\/6811113b06b78-holsey-milei-300x131.jpeg 300w, https:\/\/opinionpublica.com.ar\/index\/wp-content\/uploads\/2025\/04\/6811113b06b78-holsey-milei-1024x448.jpeg 1024w, https:\/\/opinionpublica.com.ar\/index\/wp-content\/uploads\/2025\/04\/6811113b06b78-holsey-milei-768x336.jpeg 768w\" sizes=\"(max-width: 1200px) 100vw, 1200px\" \/><\/a><\/p>\n<p>Esa iniciativa fue supervisada en abril del a\u00f1o pasado por la militar Laura Richardson, quien por entonces ocupaba el cargo de jefa del Comando Sur de los EEUU. En su visita al pa\u00eds, Richardson se reuni\u00f3 con Milei y posteriormente viaj\u00f3 a Ushuaia.<\/p>\n<p>Sin recepci\u00f3n oficial por parte de la gesti\u00f3n fueguina, el propio Presidente viaj\u00f3 de manera intempestiva a la isla y le brind\u00f3 una bienvenida propia de una jefa de Estado. El viaje del mandatario fue rel\u00e1mpago y no incluy\u00f3 contactos con el gobierno de Gustavo Melella.<\/p>\n<h2>Rechazo de Tierra del Fuego a la base naval integrada con EEUU<\/h2>\n<p>El 2 de Abril pasado, al conmemorarse los 43 a\u00f1os del inicio del Conflicto del Atl\u00e1ntico Sur, la vicepresidente\u00a0<strong>Victoria Villarruel\u00a0<\/strong>encabez\u00f3 el acto central en Ushuaia junto al gobernador.<\/p>\n<p><a href=\"https:\/\/opinionpublica.com.ar\/index\/wp-content\/uploads\/2025\/05\/ARGENTINA-HOLSEY-EN-USHUAIA-2-1.jpg\"><img loading=\"lazy\" decoding=\"async\" class=\"alignnone size-full wp-image-9564\" src=\"https:\/\/opinionpublica.com.ar\/index\/wp-content\/uploads\/2025\/05\/ARGENTINA-HOLSEY-EN-USHUAIA-2-1.jpg\" alt=\"\" width=\"1024\" height=\"603\" srcset=\"https:\/\/opinionpublica.com.ar\/index\/wp-content\/uploads\/2025\/05\/ARGENTINA-HOLSEY-EN-USHUAIA-2-1.jpg 1024w, https:\/\/opinionpublica.com.ar\/index\/wp-content\/uploads\/2025\/05\/ARGENTINA-HOLSEY-EN-USHUAIA-2-1-300x177.jpg 300w, https:\/\/opinionpublica.com.ar\/index\/wp-content\/uploads\/2025\/05\/ARGENTINA-HOLSEY-EN-USHUAIA-2-1-768x452.jpg 768w\" sizes=\"(max-width: 1024px) 100vw, 1024px\" \/><\/a><\/p>\n<p>En la ocasi\u00f3n, la n\u00famero dos del Gobierno se refiri\u00f3 a la construcci\u00f3n de una base naval integrada, que sirva tambi\u00e9n como polo log\u00edstico ant\u00e1rtico.\u00a0<strong>\u00abDicha construcci\u00f3n fue promovida y contar\u00eda con la colaboraci\u00f3n de los EEUU, convirtiendo a la Argentina en la puerta de entrada al &#8216;continente blanco&#8217;. Se reconoc\u00eda, entonces, que Argentina es un pa\u00eds bicontinental\u00bb,\u00a0<\/strong>explic\u00f3.<\/p>\n<p>Posteriormente, Gustavo Melella se desentendi\u00f3 de esta postura y aclar\u00f3 que\u00a0<strong>\u00abla base naval integrada tiene que ser de la Argentina, no puede haber ninguna presencia extranjera en nuestra base y menos EEUU, que es socio de la OTAN\u00bb<\/strong>. \u00abYo no lo entiendo y no lo acept\u00f3\u00bb, lanz\u00f3 el gobernador.<\/p>\n<p>Casi a la par de la llegada del militar Alvin Hosley a Tierra del Fuego,<strong>\u00a0el Reino Unido realiz\u00f3 en las Islas Malvinas su cuarto ejercicio militar del 2025, seg\u00fan consign\u00f3 el portal Agenda Malvinas.<\/strong><\/p>\n<p>Las maniobras fueron ejecutadas por la Secci\u00f3n 2 del Regimiento Real de Fusileros Gurkhas, bajo el nombre de Cabo Kukri III, e incluyeron fuego de fogueo y real, simulacros de combate nocturno y diurno, operaciones conjuntas con la Real Fuerza A\u00e9rea (RAF) y el despliegue t\u00e1ctico de drones, marcando una nueva fase en el adiestramiento de las fuerzas brit\u00e1nicas en territorio ocupado.<\/p>\n<\/article>\n","protected":false},"excerpt":{"rendered":"<p>Tierra del Fuego se despeg\u00f3 de la visita del jefe del Comando Sur de los EEUU a la<\/p>\n","protected":false},"author":8,"featured_media":3414,"comment_status":"open","ping_status":"open","sticky":false,"template":"","format":"standard","meta":{"footnotes":""},"categories":[3,2],"tags":[134,45,5],"class_list":["post-9561","post","type-post","status-publish","format-standard","has-post-thumbnail","hentry","category-nacionales","category-tierra-del-fuego","tag-gustavo-melella","tag-malvinas","tag-tierra-del-fuego"],"featured_image_urls":{"full":["https:\/\/opinionpublica.com.ar\/index\/wp-content\/uploads\/2024\/05\/melella-1.jpg",1280,720,false],"thumbnail":["https:\/\/opinionpublica.com.ar\/index\/wp-content\/uploads\/2024\/05\/melella-1-150x150.jpg",150,150,true],"medium":["https:\/\/opinionpublica.com.ar\/index\/wp-content\/uploads\/2024\/05\/melella-1-300x169.jpg",300,169,true],"medium_large":["https:\/\/opinionpublica.com.ar\/index\/wp-content\/uploads\/2024\/05\/melella-1-768x432.jpg",640,360,true],"large":["https:\/\/opinionpublica.com.ar\/index\/wp-content\/uploads\/2024\/05\/melella-1-1024x576.jpg",640,360,true],"1536x1536":["https:\/\/opinionpublica.com.ar\/index\/wp-content\/uploads\/2024\/05\/melella-1.jpg",1280,720,false],"2048x2048":["https:\/\/opinionpublica.com.ar\/index\/wp-content\/uploads\/2024\/05\/melella-1.jpg",1280,720,false],"morenews-large":["https:\/\/opinionpublica.com.ar\/index\/wp-content\/uploads\/2024\/05\/melella-1-825x575.jpg",825,575,true],"morenews-medium":["https:\/\/opinionpublica.com.ar\/index\/wp-content\/uploads\/2024\/05\/melella-1-590x410.jpg",590,410,true]},"author_info":{"display_name":"RKing","author_link":"https:\/\/opinionpublica.com.ar\/index\/author\/rking\/"},"category_info":"<a href=\"https:\/\/opinionpublica.com.ar\/index\/category\/nacionales\/\" rel=\"category tag\">Nacionales<\/a> <a href=\"https:\/\/opinionpublica.com.ar\/index\/category\/tierra-del-fuego\/\" rel=\"category tag\">Tierra del Fuego<\/a>","tag_info":"Tierra del Fuego","comment_count":"0","_links":{"self":[{"href":"https:\/\/opinionpublica.com.ar\/index\/wp-json\/wp\/v2\/posts\/9561","targetHints":{"allow":["GET"]}}],"collection":[{"href":"https:\/\/opinionpublica.com.ar\/index\/wp-json\/wp\/v2\/posts"}],"about":[{"href":"https:\/\/opinionpublica.com.ar\/index\/wp-json\/wp\/v2\/types\/post"}],"author":[{"embeddable":true,"href":"https:\/\/opinionpublica.com.ar\/index\/wp-json\/wp\/v2\/users\/8"}],"replies":[{"embeddable":true,"href":"https:\/\/opinionpublica.com.ar\/index\/wp-json\/wp\/v2\/comments?post=9561"}],"version-history":[{"count":1,"href":"https:\/\/opinionpublica.com.ar\/index\/wp-json\/wp\/v2\/posts\/9561\/revisions"}],"predecessor-version":[{"id":9565,"href":"https:\/\/opinionpublica.com.ar\/index\/wp-json\/wp\/v2\/posts\/9561\/revisions\/9565"}],"wp:featuredmedia":[{"embeddable":true,"href":"https:\/\/opinionpublica.com.ar\/index\/wp-json\/wp\/v2\/media\/3414"}],"wp:attachment":[{"href":"https:\/\/opinionpublica.com.ar\/index\/wp-json\/wp\/v2\/media?parent=9561"}],"wp:term":[{"taxonomy":"category","embeddable":true,"href":"https:\/\/opinionpublica.com.ar\/index\/wp-json\/wp\/v2\/categories?post=9561"},{"taxonomy":"post_tag","embeddable":true,"href":"https:\/\/opinionpublica.com.ar\/index\/wp-json\/wp\/v2\/tags?post=9561"}],"curies":[{"name":"wp","href":"https:\/\/api.w.org\/{rel}","templated":true}]}}