{"id":9572,"date":"2025-05-01T13:24:16","date_gmt":"2025-05-01T16:24:16","guid":{"rendered":"https:\/\/opinionpublica.com.ar\/index\/?p=9572"},"modified":"2025-05-01T13:24:16","modified_gmt":"2025-05-01T16:24:16","slug":"el-btf-rechazo-posibilidad-de-mediacion-con-los-demandantes-uva","status":"publish","type":"post","link":"https:\/\/opinionpublica.com.ar\/index\/el-btf-rechazo-posibilidad-de-mediacion-con-los-demandantes-uva\/","title":{"rendered":"El BTF rechaz\u00f3 posibilidad de mediaci\u00f3n con los demandantes UVA"},"content":{"rendered":"<div class=\"td-post-header td-container\">\n<div class=\"td-post-header-holder td-image-gradient\">\n<header class=\"td-post-title\">\n<p class=\"entry-title\"><strong>El BTF rechaz\u00f3 posibilidad de mediaci\u00f3n con los demandantes UVA<\/strong><\/p>\n<\/header>\n<\/div>\n<\/div>\n<div class=\"td-container\">\n<div class=\"td-pb-row\">\n<div class=\"td-pb-span12 td-main-content\" role=\"main\">\n<div class=\"td-ss-main-content\">\n<div class=\"td-post-content tagdiv-type\">\n<p>En la audiencia del 13 de marzo pasado los demandantes solicitaron al BTF modificar la f\u00f3rmula de c\u00e1lculo para el coeficiente que defin\u00eda el valor de las cuotas, sacando el UVA por el Coeficiente de Variaci\u00f3n Salarial, a fin de evitar un desfasaje entre el crecimiento de las cuotas y el de los haberes.<\/p>\n<p><a href=\"https:\/\/opinionpublica.com.ar\/index\/wp-content\/uploads\/2024\/04\/banco-tierra-del-fuego.jpg\"><img fetchpriority=\"high\" decoding=\"async\" class=\"alignnone size-full wp-image-2461\" src=\"https:\/\/opinionpublica.com.ar\/index\/wp-content\/uploads\/2024\/04\/banco-tierra-del-fuego.jpg\" alt=\"\" width=\"1003\" height=\"480\" srcset=\"https:\/\/opinionpublica.com.ar\/index\/wp-content\/uploads\/2024\/04\/banco-tierra-del-fuego.jpg 1003w, https:\/\/opinionpublica.com.ar\/index\/wp-content\/uploads\/2024\/04\/banco-tierra-del-fuego-300x144.jpg 300w, https:\/\/opinionpublica.com.ar\/index\/wp-content\/uploads\/2024\/04\/banco-tierra-del-fuego-768x368.jpg 768w\" sizes=\"(max-width: 1003px) 100vw, 1003px\" \/><\/a><\/p>\n<p>Adem\u00e1s propusieron retrotraer los valores a agosto del 2019, momento en que el Gobierno Nacional decret\u00f3 el congelamiento de cuotas por algunos meses, en raz\u00f3n de su crecimiento desmedido. Ello se plante\u00f3 en los primeros fallos judiciales a favor de casos puntuales en los que damnificados ve\u00edan cuotas que superaban la totalidad de sus ingresos salariales.<\/p>\n<p>Los abogados del BTF respondieron que esta acci\u00f3n no es posible para la entidad bancaria \u2013en cuanto a la demanda colectiva-, se\u00f1alando que esta situaci\u00f3n podr\u00eda resultar \u201can\u00f3mala\u201d para el BTF seg\u00fan normativas del Banco Central, reiterando su posici\u00f3n de que los UVA son \u201cla \u00fanica herramienta\u201d para cr\u00e9ditos de acceso a la vivienda.<\/p>\n<p>Asimismo destacaron que los falles de primera instancia a favor de los demandantes han sido apelados y no se encuentran firmes.<\/p>\n<p>El pleito judicial deber\u00e1 continuar.<\/p>\n<div class=\"td-a-rec td-a-rec-id-content_bottom  tdi_1 td_block_template_2\">\n<div class=\"td-all-devices\"><\/div>\n<\/div>\n<\/div>\n<footer>\n<div class=\"td-post-source-tags\"><\/div>\n<div class=\"td-post-sharing-bottom\"><\/div>\n<\/footer>\n<\/div>\n<\/div>\n<\/div>\n<\/div>\n","protected":false},"excerpt":{"rendered":"<p>El BTF rechaz\u00f3 posibilidad de mediaci\u00f3n con los demandantes UVA En la audiencia del 13 de marzo pasado<\/p>\n","protected":false},"author":8,"featured_media":2561,"comment_status":"open","ping_status":"open","sticky":false,"template":"","format":"standard","meta":{"footnotes":""},"categories":[2],"tags":[1850,939,1136],"class_list":["post-9572","post","type-post","status-publish","format-standard","has-post-thumbnail","hentry","category-tierra-del-fuego","tag-banco-de-tierra-del-fuego","tag-btf","tag-creditos-uva"],"featured_image_urls":{"full":["https:\/\/opinionpublica.com.ar\/index\/wp-content\/uploads\/2024\/04\/banco-tierra-del-fuego-1.jpg",1600,900,false],"thumbnail":["https:\/\/opinionpublica.com.ar\/index\/wp-content\/uploads\/2024\/04\/banco-tierra-del-fuego-1-150x150.jpg",150,150,true],"medium":["https:\/\/opinionpublica.com.ar\/index\/wp-content\/uploads\/2024\/04\/banco-tierra-del-fuego-1-300x169.jpg",300,169,true],"medium_large":["https:\/\/opinionpublica.com.ar\/index\/wp-content\/uploads\/2024\/04\/banco-tierra-del-fuego-1-768x432.jpg",640,360,true],"large":["https:\/\/opinionpublica.com.ar\/index\/wp-content\/uploads\/2024\/04\/banco-tierra-del-fuego-1-1024x576.jpg",640,360,true],"1536x1536":["https:\/\/opinionpublica.com.ar\/index\/wp-content\/uploads\/2024\/04\/banco-tierra-del-fuego-1-1536x864.jpg",1536,864,true],"2048x2048":["https:\/\/opinionpublica.com.ar\/index\/wp-content\/uploads\/2024\/04\/banco-tierra-del-fuego-1.jpg",1600,900,false],"morenews-large":["https:\/\/opinionpublica.com.ar\/index\/wp-content\/uploads\/2024\/04\/banco-tierra-del-fuego-1-825x575.jpg",825,575,true],"morenews-medium":["https:\/\/opinionpublica.com.ar\/index\/wp-content\/uploads\/2024\/04\/banco-tierra-del-fuego-1-590x410.jpg",590,410,true]},"author_info":{"display_name":"RKing","author_link":"https:\/\/opinionpublica.com.ar\/index\/author\/rking\/"},"category_info":"<a href=\"https:\/\/opinionpublica.com.ar\/index\/category\/tierra-del-fuego\/\" rel=\"category tag\">Tierra del Fuego<\/a>","tag_info":"Tierra del Fuego","comment_count":"0","_links":{"self":[{"href":"https:\/\/opinionpublica.com.ar\/index\/wp-json\/wp\/v2\/posts\/9572","targetHints":{"allow":["GET"]}}],"collection":[{"href":"https:\/\/opinionpublica.com.ar\/index\/wp-json\/wp\/v2\/posts"}],"about":[{"href":"https:\/\/opinionpublica.com.ar\/index\/wp-json\/wp\/v2\/types\/post"}],"author":[{"embeddable":true,"href":"https:\/\/opinionpublica.com.ar\/index\/wp-json\/wp\/v2\/users\/8"}],"replies":[{"embeddable":true,"href":"https:\/\/opinionpublica.com.ar\/index\/wp-json\/wp\/v2\/comments?post=9572"}],"version-history":[{"count":2,"href":"https:\/\/opinionpublica.com.ar\/index\/wp-json\/wp\/v2\/posts\/9572\/revisions"}],"predecessor-version":[{"id":9574,"href":"https:\/\/opinionpublica.com.ar\/index\/wp-json\/wp\/v2\/posts\/9572\/revisions\/9574"}],"wp:featuredmedia":[{"embeddable":true,"href":"https:\/\/opinionpublica.com.ar\/index\/wp-json\/wp\/v2\/media\/2561"}],"wp:attachment":[{"href":"https:\/\/opinionpublica.com.ar\/index\/wp-json\/wp\/v2\/media?parent=9572"}],"wp:term":[{"taxonomy":"category","embeddable":true,"href":"https:\/\/opinionpublica.com.ar\/index\/wp-json\/wp\/v2\/categories?post=9572"},{"taxonomy":"post_tag","embeddable":true,"href":"https:\/\/opinionpublica.com.ar\/index\/wp-json\/wp\/v2\/tags?post=9572"}],"curies":[{"name":"wp","href":"https:\/\/api.w.org\/{rel}","templated":true}]}}