{"id":9575,"date":"2025-05-01T13:36:51","date_gmt":"2025-05-01T16:36:51","guid":{"rendered":"https:\/\/opinionpublica.com.ar\/index\/?p=9575"},"modified":"2025-05-01T13:36:51","modified_gmt":"2025-05-01T16:36:51","slug":"repudio-de-la-senadora-dure-ni-radares-ni-bases-militares-extranjeras-en-tierra-del-fuego","status":"publish","type":"post","link":"https:\/\/opinionpublica.com.ar\/index\/repudio-de-la-senadora-dure-ni-radares-ni-bases-militares-extranjeras-en-tierra-del-fuego\/","title":{"rendered":"Repudio de la senadora Dur\u00e9: Ni radares ni bases militares extranjeras en Tierra del Fuego"},"content":{"rendered":"<div class=\"pt3p pb3p g11 flr\">\n<p class=\"ffalt ctitle fz43 mb20 bold\"><strong>Repudio de la senadora Dur\u00e9: Ni radares ni bases militares extranjeras en Tierra del Fuego<\/strong><\/p>\n<p class=\"arial ctext fz18 lh25\">La senadora nacional Eugenia Dur\u00e9 repudi\u00f3 la visita a Tierra del Fuego del jefe del Comando Sur de Estados Unidos, almirante Alvin Holsey y apunt\u00f3 contra la pol\u00edtica exterior de Javier Milei: \u201cOtra vez el Presidente juega para inter\u00e9s extranjeros y no en defensa de nuestra soberan\u00eda\u201d, acus\u00f3.<\/p>\n<p><a href=\"https:\/\/opinionpublica.com.ar\/index\/wp-content\/uploads\/2025\/05\/20250501043006_495111263_18392170498114703_8961391665503413360_n-dure-malvinas.jpg\"><img fetchpriority=\"high\" decoding=\"async\" class=\"alignnone size-full wp-image-9576\" src=\"https:\/\/opinionpublica.com.ar\/index\/wp-content\/uploads\/2025\/05\/20250501043006_495111263_18392170498114703_8961391665503413360_n-dure-malvinas.jpg\" alt=\"\" width=\"880\" height=\"586\" srcset=\"https:\/\/opinionpublica.com.ar\/index\/wp-content\/uploads\/2025\/05\/20250501043006_495111263_18392170498114703_8961391665503413360_n-dure-malvinas.jpg 880w, https:\/\/opinionpublica.com.ar\/index\/wp-content\/uploads\/2025\/05\/20250501043006_495111263_18392170498114703_8961391665503413360_n-dure-malvinas-300x200.jpg 300w, https:\/\/opinionpublica.com.ar\/index\/wp-content\/uploads\/2025\/05\/20250501043006_495111263_18392170498114703_8961391665503413360_n-dure-malvinas-768x511.jpg 768w\" sizes=\"(max-width: 880px) 100vw, 880px\" \/><\/a><\/p>\n<\/div>\n<section id=\"galeria-noticia\" class=\" g11 flr\">\n<div class=\"bx-wrapper\">\n<div class=\"bx-viewport\">\n<p>&nbsp;<\/p>\n<\/div>\n<\/div>\n<\/section>\n<div class=\"flr g10 arial ctext fz16 lh26 mb20\">\n<div class=\"wysiwyg mb15\">\n<p>La senadora nacional\u00a0<b>Eugenia Dur\u00e9<\/b>\u00a0repudi\u00f3 la visita a Tierra del Fuego del jefe del Comando Sur de Estados Unidos, almirante\u00a0<b>Alvin Holsey<\/b>\u00a0y apunt\u00f3 contra la pol\u00edtica exterior de Javier Milei: \u201cOtra vez el Presidente juega para inter\u00e9s extranjeros y no en defensa de nuestra soberan\u00eda\u201d, acus\u00f3.<\/p>\n<p>A trav\u00e9s de sus redes sociales, la representante fueguina en el Congreso\u00a0<b>expres\u00f3 su rechazo a la visita del militar norteamericano y a lo informado ayer por\u00a0<i>Cr\u00edtica Sur<\/i><\/b>\u00a0sobre el pedido de ese pa\u00eds para que se reestablezca el funcionamiento del radar de la empresa LeoLabs en Tolhuin.<\/p>\n<p>\u201c<b>Ni radares ni bases militares extranjeras en Tierra del Fuego. Lo vengo solicitando y repudiando en defensa de nuestra soberan\u00eda, de la Patria y de quienes dieron su vida por nuestras Islas Malvinas<\/b>\u201d, plante\u00f3.<\/p>\n<p>Y agreg\u00f3: \u201c<b>Como senadora fueguina solicit\u00e9 desde el primer momento el desmantelamiento del radar LeoLabs, adem\u00e1s de votar en contra del ingreso de tropas de EEUU a Tierra del Fuego, algo que pudimos frenar desde el bloque de senadores de Uni\u00f3n por la Patria<\/b>\u201d.<\/p>\n<p>\u201c<b>Asimismo, rechazamos la visita entre gallos y medianoche de la representante del Comando Sur a la provincia, a horas del 2 de abril de la mano del presidente Javier Milei<\/b>\u201d, afirm\u00f3,<\/p>\n<p>Dur\u00e9 detall\u00f3 que \u201c<b>cada repudio y pedido de informe sobre estos temas fundamentales para nuestra provincia, los elev\u00e9 a trav\u00e9s de notas institucionales al Ejecutivo nacional, a\u00fan no obtuve respuestas<\/b>\u201d.<\/p>\n<p>\u201c<b>No hace falta repetir el riesgo que implica la presencia de pa\u00edses miembro de la OTAN en nuestro territorio y m\u00e1s a\u00fan en un lugar geopol\u00edticamente estrat\u00e9gico, como es la provincia de Tierra del Fuego<\/b>\u201d, sostuvo.<\/p>\n<p>La senadora cuestion\u00f3 que \u201c<b>hoy (por ayer) otra vez el Comando Sur en Ushuaia. Otra vez el Presidente juega para los inter\u00e9s extranjeros y no en defensa de nuestra soberan\u00eda argentina<\/b>\u201d.<\/p>\n<p>\u201c<b>Otra vez, una nueva entrega a una potencia extranjera aliada del pa\u00eds usurpador de nuestras Islas Malvinas. Otra vez, Milei de rodillas. Nosotros y nosotras, junto a nuestros veteranos y h\u00e9roes siempre<\/b>\u201d, cerr\u00f3.<\/p>\n<\/div>\n<\/div>\n","protected":false},"excerpt":{"rendered":"<p>Repudio de la senadora Dur\u00e9: Ni radares ni bases militares extranjeras en Tierra del Fuego La senadora nacional<\/p>\n","protected":false},"author":8,"featured_media":9576,"comment_status":"open","ping_status":"open","sticky":false,"template":"","format":"standard","meta":{"footnotes":""},"categories":[3,2],"tags":[3443,3448,799,692,2027,2026,1457,5,13,6],"class_list":["post-9575","post","type-post","status-publish","format-standard","has-post-thumbnail","hentry","category-nacionales","category-tierra-del-fuego","tag-alvin-holsey","tag-comando-sur-de-estados-unidos","tag-eugenia-dure","tag-javier-milei","tag-leolabs-argentina","tag-radar","tag-senado-de-la-nacion","tag-tierra-del-fuego","tag-tolhuin","tag-ushuaia"],"featured_image_urls":{"full":["https:\/\/opinionpublica.com.ar\/index\/wp-content\/uploads\/2025\/05\/20250501043006_495111263_18392170498114703_8961391665503413360_n-dure-malvinas.jpg",880,586,false],"thumbnail":["https:\/\/opinionpublica.com.ar\/index\/wp-content\/uploads\/2025\/05\/20250501043006_495111263_18392170498114703_8961391665503413360_n-dure-malvinas-150x150.jpg",150,150,true],"medium":["https:\/\/opinionpublica.com.ar\/index\/wp-content\/uploads\/2025\/05\/20250501043006_495111263_18392170498114703_8961391665503413360_n-dure-malvinas-300x200.jpg",300,200,true],"medium_large":["https:\/\/opinionpublica.com.ar\/index\/wp-content\/uploads\/2025\/05\/20250501043006_495111263_18392170498114703_8961391665503413360_n-dure-malvinas-768x511.jpg",640,426,true],"large":["https:\/\/opinionpublica.com.ar\/index\/wp-content\/uploads\/2025\/05\/20250501043006_495111263_18392170498114703_8961391665503413360_n-dure-malvinas.jpg",640,426,false],"1536x1536":["https:\/\/opinionpublica.com.ar\/index\/wp-content\/uploads\/2025\/05\/20250501043006_495111263_18392170498114703_8961391665503413360_n-dure-malvinas.jpg",880,586,false],"2048x2048":["https:\/\/opinionpublica.com.ar\/index\/wp-content\/uploads\/2025\/05\/20250501043006_495111263_18392170498114703_8961391665503413360_n-dure-malvinas.jpg",880,586,false],"morenews-large":["https:\/\/opinionpublica.com.ar\/index\/wp-content\/uploads\/2025\/05\/20250501043006_495111263_18392170498114703_8961391665503413360_n-dure-malvinas-825x575.jpg",825,575,true],"morenews-medium":["https:\/\/opinionpublica.com.ar\/index\/wp-content\/uploads\/2025\/05\/20250501043006_495111263_18392170498114703_8961391665503413360_n-dure-malvinas-590x410.jpg",590,410,true]},"author_info":{"display_name":"RKing","author_link":"https:\/\/opinionpublica.com.ar\/index\/author\/rking\/"},"category_info":"<a href=\"https:\/\/opinionpublica.com.ar\/index\/category\/nacionales\/\" rel=\"category tag\">Nacionales<\/a> <a href=\"https:\/\/opinionpublica.com.ar\/index\/category\/tierra-del-fuego\/\" rel=\"category tag\">Tierra del Fuego<\/a>","tag_info":"Tierra del Fuego","comment_count":"0","_links":{"self":[{"href":"https:\/\/opinionpublica.com.ar\/index\/wp-json\/wp\/v2\/posts\/9575","targetHints":{"allow":["GET"]}}],"collection":[{"href":"https:\/\/opinionpublica.com.ar\/index\/wp-json\/wp\/v2\/posts"}],"about":[{"href":"https:\/\/opinionpublica.com.ar\/index\/wp-json\/wp\/v2\/types\/post"}],"author":[{"embeddable":true,"href":"https:\/\/opinionpublica.com.ar\/index\/wp-json\/wp\/v2\/users\/8"}],"replies":[{"embeddable":true,"href":"https:\/\/opinionpublica.com.ar\/index\/wp-json\/wp\/v2\/comments?post=9575"}],"version-history":[{"count":1,"href":"https:\/\/opinionpublica.com.ar\/index\/wp-json\/wp\/v2\/posts\/9575\/revisions"}],"predecessor-version":[{"id":9577,"href":"https:\/\/opinionpublica.com.ar\/index\/wp-json\/wp\/v2\/posts\/9575\/revisions\/9577"}],"wp:featuredmedia":[{"embeddable":true,"href":"https:\/\/opinionpublica.com.ar\/index\/wp-json\/wp\/v2\/media\/9576"}],"wp:attachment":[{"href":"https:\/\/opinionpublica.com.ar\/index\/wp-json\/wp\/v2\/media?parent=9575"}],"wp:term":[{"taxonomy":"category","embeddable":true,"href":"https:\/\/opinionpublica.com.ar\/index\/wp-json\/wp\/v2\/categories?post=9575"},{"taxonomy":"post_tag","embeddable":true,"href":"https:\/\/opinionpublica.com.ar\/index\/wp-json\/wp\/v2\/tags?post=9575"}],"curies":[{"name":"wp","href":"https:\/\/api.w.org\/{rel}","templated":true}]}}