{"id":9658,"date":"2025-05-07T11:34:40","date_gmt":"2025-05-07T14:34:40","guid":{"rendered":"https:\/\/opinionpublica.com.ar\/index\/?p=9658"},"modified":"2025-05-07T11:34:40","modified_gmt":"2025-05-07T14:34:40","slug":"el-sistema-de-salud-municipal-de-rio-grande-cuenta-con-15-dispositivos-de-atencion","status":"publish","type":"post","link":"https:\/\/opinionpublica.com.ar\/index\/el-sistema-de-salud-municipal-de-rio-grande-cuenta-con-15-dispositivos-de-atencion\/","title":{"rendered":"El sistema de salud municipal de R\u00edo Grande cuenta con 15 dispositivos de atenci\u00f3n"},"content":{"rendered":"<p><strong>El sistema de salud municipal de R\u00edo Grande cuenta con 15 dispositivos de atenci\u00f3n<\/strong><\/p>\n<p>El Municipio de R\u00edo Grande -a trav\u00e9s de la Direcci\u00f3n de Salud Mental y Adicciones- contin\u00faa consolidando pol\u00edticas p\u00fablicas de prevenci\u00f3n, promoci\u00f3n y cuidado integral de la salud mental.<\/p>\n<div class=\"noticia-imagen\">\n<div class=\"noticia-index-imagen img-container img-landscape\" data-media-desktop=\"{&quot;type&quot;:&quot;imagen&quot;,&quot;video&quot;:{&quot;url&quot;:&quot;&quot;,&quot;img&quot;:&quot;&quot;},&quot;imagen&quot;:{&quot;titulo&quot;:&quot;&quot;,&quot;epigrafe&quot;:&quot;&quot;,&quot;imagenes_sizes_max&quot;:&quot;lg&quot;,&quot;imagen_mascara_top&quot;:&quot;0&quot;,&quot;jpg&quot;:{&quot;min&quot;:&quot;https:\/\/sur54-s3.cdn.net.ar\/s3i233\/2025\/05\/sur54\/images\/01\/86\/98\/1869869_6b34040e162f4e6718987e615e2a6c3e94e3e4cbcb09438f2b2e8e72c9b9a783\/min.jpg&quot;,&quot;xs&quot;:&quot;https:\/\/sur54-s3.cdn.net.ar\/s3i233\/2025\/05\/sur54\/images\/01\/86\/98\/1869869_6b34040e162f4e6718987e615e2a6c3e94e3e4cbcb09438f2b2e8e72c9b9a783\/xs.jpg&quot;,&quot;sm&quot;:&quot;https:\/\/sur54-s3.cdn.net.ar\/s3i233\/2025\/05\/sur54\/images\/01\/86\/98\/1869869_6b34040e162f4e6718987e615e2a6c3e94e3e4cbcb09438f2b2e8e72c9b9a783\/sm.jpg&quot;,&quot;md&quot;:&quot;https:\/\/sur54-s3.cdn.net.ar\/s3i233\/2025\/05\/sur54\/images\/01\/86\/98\/1869869_6b34040e162f4e6718987e615e2a6c3e94e3e4cbcb09438f2b2e8e72c9b9a783\/md.jpg&quot;,&quot;lg&quot;:&quot;https:\/\/sur54-s3.cdn.net.ar\/s3i233\/2025\/05\/sur54\/images\/01\/86\/98\/1869869_6b34040e162f4e6718987e615e2a6c3e94e3e4cbcb09438f2b2e8e72c9b9a783\/lg.jpg&quot;},&quot;ratio&quot;:1.77,&quot;webp&quot;:{&quot;min&quot;:&quot;https:\/\/sur54-s3.cdn.net.ar\/s3i233\/2025\/05\/sur54\/images\/01\/86\/98\/1869869_6b34040e162f4e6718987e615e2a6c3e94e3e4cbcb09438f2b2e8e72c9b9a783\/min.webp&quot;,&quot;xs&quot;:&quot;https:\/\/sur54-s3.cdn.net.ar\/s3i233\/2025\/05\/sur54\/images\/01\/86\/98\/1869869_6b34040e162f4e6718987e615e2a6c3e94e3e4cbcb09438f2b2e8e72c9b9a783\/xs.webp&quot;,&quot;sm&quot;:&quot;https:\/\/sur54-s3.cdn.net.ar\/s3i233\/2025\/05\/sur54\/images\/01\/86\/98\/1869869_6b34040e162f4e6718987e615e2a6c3e94e3e4cbcb09438f2b2e8e72c9b9a783\/sm.webp&quot;,&quot;md&quot;:&quot;https:\/\/sur54-s3.cdn.net.ar\/s3i233\/2025\/05\/sur54\/images\/01\/86\/98\/1869869_6b34040e162f4e6718987e615e2a6c3e94e3e4cbcb09438f2b2e8e72c9b9a783\/md.webp&quot;,&quot;lg&quot;:&quot;https:\/\/sur54-s3.cdn.net.ar\/s3i233\/2025\/05\/sur54\/images\/01\/86\/98\/1869869_6b34040e162f4e6718987e615e2a6c3e94e3e4cbcb09438f2b2e8e72c9b9a783\/lg.webp&quot;},&quot;crop_metadata&quot;:{&quot;1x1&quot;:{&quot;x&quot;:50,&quot;y&quot;:50},&quot;4x3&quot;:{&quot;x&quot;:50,&quot;y&quot;:50},&quot;16x9&quot;:{&quot;x&quot;:50,&quot;y&quot;:50},&quot;21x9&quot;:{&quot;x&quot;:50,&quot;y&quot;:50},&quot;2x3&quot;:{&quot;x&quot;:50,&quot;y&quot;:50}}}}\" data-media-mobile=\"{&quot;type&quot;:null,&quot;video&quot;:{&quot;url&quot;:&quot;&quot;,&quot;img&quot;:&quot;&quot;},&quot;imagen&quot;:{&quot;titulo&quot;:&quot;&quot;,&quot;epigrafe&quot;:&quot;&quot;,&quot;imagenes_sizes_max&quot;:null,&quot;imagen_mascara_top&quot;:0,&quot;jpg&quot;:null,&quot;ratio&quot;:null}}\"><a href=\"https:\/\/opinionpublica.com.ar\/index\/wp-content\/uploads\/2025\/05\/sm-rio-grande-centro-atencion.webp\"><img fetchpriority=\"high\" decoding=\"async\" class=\"alignnone size-full wp-image-9659\" src=\"https:\/\/opinionpublica.com.ar\/index\/wp-content\/uploads\/2025\/05\/sm-rio-grande-centro-atencion.webp\" alt=\"\" width=\"768\" height=\"432\" srcset=\"https:\/\/opinionpublica.com.ar\/index\/wp-content\/uploads\/2025\/05\/sm-rio-grande-centro-atencion.webp 768w, https:\/\/opinionpublica.com.ar\/index\/wp-content\/uploads\/2025\/05\/sm-rio-grande-centro-atencion-300x169.webp 300w\" sizes=\"(max-width: 768px) 100vw, 768px\" \/><\/a><\/div>\n<\/div>\n<div class=\"contenido \">\n<p>El sistema de salud municipal se destaca por su enfoque integral, equitativo y de calidad.\u00a0Actualmente, cuenta con 15 dispositivos de atenci\u00f3n distribuidos estrat\u00e9gicamente en la ciudad, brindando respuestas concretas a las necesidades de la comunidad riograndense.<\/p>\n<p>En este marco,\u00a0el Municipio da continuidad a los espacios: \u00abGrupo de personas en consumo problem\u00e1tico\u00bb y \u00abGrupo de familiares de personas en consumo problem\u00e1tico\u00bb.\u00a0Los mismos tienen como objetivo generar instancias de encuentro, escucha activa y apoyo para quienes transitan procesos de recuperaci\u00f3n y acompa\u00f1amiento.<\/p>\n<p>Estos grupos se desarrollan en el 15\u00b0 dispositivo municipal de salud en R\u00edo Grande. Se trata del Centro de Abordaje Integral en Consumo Problem\u00e1tico \u201cHna. Carla Riva\u201d, el cual fue inaugurado en marzo, consolidando as\u00ed una red cada vez m\u00e1s amplia y especializada.<\/p>\n<p>Al respecto,\u00a0la directora General de Salud Mental y Adicciones, Andrea Manavela, resalt\u00f3 que \u00ablas pol\u00edticas en salud mental del Municipio tienen que ver con generar acceso y para ello, es fundamental que el Estado tenga m\u00e1s oferta frente a las distintas problem\u00e1ticas que van surgiendo en salud mental y ante un contexto cada vez m\u00e1s complejo\u00bb, sostuvo la funcionaria.\u00a0Y remarc\u00f3 que \u00abesa es nuestra tarea: pensar estrategias que nos permitan ampliar el abordaje y que los vecinos cuenten con cada vez m\u00e1s posibilidades de tener una respuesta y la atenci\u00f3n que necesitan\u00bb.<\/p>\n<p>Por \u00faltimo,\u00a0Manavela subray\u00f3 que \u00abel Centro Municipal Carla Riva es un espacio de acompa\u00f1amiento, de encuentro, de participaci\u00f3n, de planificaci\u00f3n y sobre todo de cuidado integral de las personas que est\u00e1n atravesando una situaci\u00f3n de consumo y de quienes acompa\u00f1an tambi\u00e9n esas situaciones\u00bb.<\/p>\n<p>Las propuestas est\u00e1n destinadas a adultos y adultas que buscan herramientas pr\u00e1cticas para el autocuidado, as\u00ed como contar con espacio seguro donde compartir experiencias y construir v\u00ednculos de acompa\u00f1amiento.<\/p>\n<p>Ambas actividades se enmarcan en una misma l\u00ednea de acci\u00f3n que apunta a promover h\u00e1bitos de vida m\u00e1s saludables, fomentar la empat\u00eda y consolidar redes comunitarias de apoyo.<\/p>\n<\/div>\n<div class=\"noticia-social-share\"><\/div>\n","protected":false},"excerpt":{"rendered":"<p>El sistema de salud municipal de R\u00edo Grande cuenta con 15 dispositivos de atenci\u00f3n El Municipio de R\u00edo<\/p>\n","protected":false},"author":8,"featured_media":8947,"comment_status":"open","ping_status":"open","sticky":false,"template":"","format":"standard","meta":{"footnotes":""},"categories":[25],"tags":[1292,7],"class_list":["post-9658","post","type-post","status-publish","format-standard","has-post-thumbnail","hentry","category-rio-grande","tag-municipalidad-de-rio-grande","tag-rio-grande"],"featured_image_urls":{"full":["https:\/\/opinionpublica.com.ar\/index\/wp-content\/uploads\/2025\/03\/20250307031828_photo_2025_03_07_03_18_11-rio-grande-salud.jpg",880,586,false],"thumbnail":["https:\/\/opinionpublica.com.ar\/index\/wp-content\/uploads\/2025\/03\/20250307031828_photo_2025_03_07_03_18_11-rio-grande-salud-150x150.jpg",150,150,true],"medium":["https:\/\/opinionpublica.com.ar\/index\/wp-content\/uploads\/2025\/03\/20250307031828_photo_2025_03_07_03_18_11-rio-grande-salud-300x200.jpg",300,200,true],"medium_large":["https:\/\/opinionpublica.com.ar\/index\/wp-content\/uploads\/2025\/03\/20250307031828_photo_2025_03_07_03_18_11-rio-grande-salud-768x511.jpg",640,426,true],"large":["https:\/\/opinionpublica.com.ar\/index\/wp-content\/uploads\/2025\/03\/20250307031828_photo_2025_03_07_03_18_11-rio-grande-salud.jpg",640,426,false],"1536x1536":["https:\/\/opinionpublica.com.ar\/index\/wp-content\/uploads\/2025\/03\/20250307031828_photo_2025_03_07_03_18_11-rio-grande-salud.jpg",880,586,false],"2048x2048":["https:\/\/opinionpublica.com.ar\/index\/wp-content\/uploads\/2025\/03\/20250307031828_photo_2025_03_07_03_18_11-rio-grande-salud.jpg",880,586,false],"morenews-large":["https:\/\/opinionpublica.com.ar\/index\/wp-content\/uploads\/2025\/03\/20250307031828_photo_2025_03_07_03_18_11-rio-grande-salud-825x575.jpg",825,575,true],"morenews-medium":["https:\/\/opinionpublica.com.ar\/index\/wp-content\/uploads\/2025\/03\/20250307031828_photo_2025_03_07_03_18_11-rio-grande-salud-590x410.jpg",590,410,true]},"author_info":{"display_name":"RKing","author_link":"https:\/\/opinionpublica.com.ar\/index\/author\/rking\/"},"category_info":"<a href=\"https:\/\/opinionpublica.com.ar\/index\/category\/rio-grande\/\" rel=\"category tag\">Rio Grande<\/a>","tag_info":"Rio Grande","comment_count":"0","_links":{"self":[{"href":"https:\/\/opinionpublica.com.ar\/index\/wp-json\/wp\/v2\/posts\/9658","targetHints":{"allow":["GET"]}}],"collection":[{"href":"https:\/\/opinionpublica.com.ar\/index\/wp-json\/wp\/v2\/posts"}],"about":[{"href":"https:\/\/opinionpublica.com.ar\/index\/wp-json\/wp\/v2\/types\/post"}],"author":[{"embeddable":true,"href":"https:\/\/opinionpublica.com.ar\/index\/wp-json\/wp\/v2\/users\/8"}],"replies":[{"embeddable":true,"href":"https:\/\/opinionpublica.com.ar\/index\/wp-json\/wp\/v2\/comments?post=9658"}],"version-history":[{"count":1,"href":"https:\/\/opinionpublica.com.ar\/index\/wp-json\/wp\/v2\/posts\/9658\/revisions"}],"predecessor-version":[{"id":9660,"href":"https:\/\/opinionpublica.com.ar\/index\/wp-json\/wp\/v2\/posts\/9658\/revisions\/9660"}],"wp:featuredmedia":[{"embeddable":true,"href":"https:\/\/opinionpublica.com.ar\/index\/wp-json\/wp\/v2\/media\/8947"}],"wp:attachment":[{"href":"https:\/\/opinionpublica.com.ar\/index\/wp-json\/wp\/v2\/media?parent=9658"}],"wp:term":[{"taxonomy":"category","embeddable":true,"href":"https:\/\/opinionpublica.com.ar\/index\/wp-json\/wp\/v2\/categories?post=9658"},{"taxonomy":"post_tag","embeddable":true,"href":"https:\/\/opinionpublica.com.ar\/index\/wp-json\/wp\/v2\/tags?post=9658"}],"curies":[{"name":"wp","href":"https:\/\/api.w.org\/{rel}","templated":true}]}}